{"id":18246,"date":"2015-06-22T18:34:00","date_gmt":"2015-06-22T18:34:00","guid":{"rendered":"http:\/\/fmriachuelo.observatorioess.org.ar\/index.php\/2015\/06\/22\/zanon-en-defensa-de-los-puestos-de-trabajo\/"},"modified":"2025-04-07T15:03:11","modified_gmt":"2025-04-07T18:03:11","slug":"zanon-en-defensa-de-los-puestos-de-trabajo","status":"publish","type":"post","link":"http:\/\/fmriachuelo.it10.com.ar\/index.php\/2015\/06\/22\/zanon-en-defensa-de-los-puestos-de-trabajo\/","title":{"rendered":"ZANON: EN DEFENSA DE LOS PUESTOS DE TRABAJO"},"content":{"rendered":"<p><span style=\"font-size: large\"><span style=\"font-family: Verdana,sans-serif\"><span style=\"color: red\"><b>FABRICA SIN PATRONES, FASINPAT(EX ZANON)<\/b><\/span><\/span><\/span><\/p>\n<div style=\"clear: both;text-align: center\"><span style=\"font-size: small\"><span style=\"font-family: Verdana,sans-serif\"><a href=\"http:\/\/4.bp.blogspot.com\/-J6fourC5S7s\/VYhVCQFW_BI\/AAAAAAAAE44\/uemQuraigII\/s1600\/Fasinpat1.JPG\" style=\"clear: left;float: left;margin-bottom: 1em;margin-right: 1em\"><img loading=\"lazy\" decoding=\"async\" border=\"0\" height=\"73\" src=\"http:\/\/4.bp.blogspot.com\/-J6fourC5S7s\/VYhVCQFW_BI\/AAAAAAAAE44\/uemQuraigII\/s200\/Fasinpat1.JPG\" width=\"200\" \/><\/a><\/span><\/span><\/div>\n<div style=\"text-align: justify\"><span style=\"font-size: small\"><span style=\"font-family: Verdana,sans-serif\"><b>Conferencia de los obreros de Zan\u00f3n en defensa de la gesti\u00f3n y los 450 puestos de trabajo.<\/b><\/span><\/span><br \/><span style=\"font-size: small\"><span style=\"font-family: Verdana,sans-serif\"><i>Comunicado de prensa<\/i><br \/>Conferencia de prensa el d\u00eda martes 23 de junio, a las 12 hs en el BAUE<span style=\"font-size: small\">N.<\/span><br \/>En defensa de las gestiones obreras y 450 familias<\/span><\/span><br \/><a name='more'><\/a><span style=\"font-size: small\">La gesti\u00f3n obrera de la ex\u2013Cer\u00e1mica Zanon lleva m\u00e1s de 13 a\u00f1os en pie. Fuimos 250 obreros y obreras los que ocupamos la planta y la pusimos a producir cuando la patronal vaciadora la abandon\u00f3 a fines del 2001. Con nuestra lucha y el apoyo de la poblaci\u00f3n evitamos que se transforme en un galp\u00f3n vac\u00edo y un cementerio de chatarra. Organizados en asamblea peleamos contra la desocupaci\u00f3n y abrimos al pueblo la f\u00e1brica m\u00e1s grande de Neuqu\u00e9n. Mientras arranc\u00e1bamos una por una las l\u00edneas de producci\u00f3n organizamos recitales, muestras culturales y decenas de actividades sociales. Enfrentamos 4 \u00f3rdenes de desalojo y varias represiones. A medida que aumentamos la producci\u00f3n fuimos creando decenas de puestos de trabajo. Luego de a\u00f1os de pelea en el 2009 se vot\u00f3 la expropiaci\u00f3n de la f\u00e1brica y en el 2013 se complet\u00f3 el traspaso a manos obreras. <\/span><\/div>\n<p><span style=\"font-size: small\"><span style=\"font-family: Verdana,sans-serif\">Hoy, organizados en la cooperativa FaSinPat (F\u00e1brica Sin Patrones) somos 450 familias obreras las que vivimos d\u00eda a d\u00eda de nuestro esfuerzo. Pero la f\u00e1brica est\u00e1 amenazada y nuestro futuro tambi\u00e9n. La maquinaria se transform\u00f3 en obsoleta y eso complica y hace muy dif\u00edcil la producci\u00f3n y eleva a cifras millonarias el consumo de gas y energ\u00eda el\u00e9ctrica. Todas las industrias cer\u00e1micas renovaron tecnolog\u00eda en estos a\u00f1os con financiamiento de los estados nacionales y provinciales. Desde la vecina Cer\u00e1mica Neuqu\u00e9n hasta la Cer\u00e1mica Alberdi de Salta (cuya construcci\u00f3n fue totalmente financiada por el estado nacional).<br \/>Nosotros presentamos nuestro proyecto de renovaci\u00f3n tecnol\u00f3gica en Naci\u00f3n el a\u00f1o 2013 y nos ingresaron en el programa de los cr\u00e9ditos del Bicentenario. Antes de dar por finalizado este programa se hab\u00edan entregado m\u00e1s de 11 mil millones de pesos a 500 empresarios, muchos de ellos filiales de monopolios extranjeros como Toyota, Carraro o Metalpar Mientras la situaci\u00f3n de la f\u00e1brica empeoraba, nos pidieron m\u00e1s y m\u00e1s documentaci\u00f3n (toda la cual fuimos entregando). En enero de este a\u00f1o, en el marco del programa Fondear (continuador del Bicentenario), y luego de a\u00f1os, los funcionarios nacionales nos dijeron que no nos otorgar\u00e1n el cr\u00e9dito que necesitamos. Insistimos y el 25 de febrero nos convocaron a Casa Rosada donde el Jefe de Gabinete Jorge Capitanich junto a funcionarios del Ministerio de Econom\u00eda nos anunci\u00f3 (y lo hizo p\u00fablico) que nos otorgar\u00edan un cr\u00e9dito para renovaci\u00f3n tecnol\u00f3gica de 32 millones de pesos a trav\u00e9s del Fondear en dos desembolsos a fines de marzo y principios de abril. El plazo ya pas\u00f3 y el cr\u00e9dito no lleg\u00f3. El 31 de marzo, en Neuqu\u00e9n, el Ministro de Econom\u00eda Kicillof se comprometi\u00f3 a dar cumplimiento al compromiso asumido por el gobierno nacional. El 8 de abril nos convocaron al Ministerio de Econom\u00eda y nos dijeron que no nos otorgar\u00edan el cr\u00e9dito del Fondear.<br \/>El sindicato ceramista, juntos a los obreros de Zanon, realizamos una reuni\u00f3n en el BAUEN, en la cual explicamos la dif\u00edcil situaci\u00f3n que atraviesa la gesti\u00f3n obrera de Zanon-Fasinpat, producto del incumplimiento por parte del gobierno nacional de no otorgar los cr\u00e9ditos necesarios para la renovaci\u00f3n tecnol\u00f3gica. Sumado a que llevamos m\u00e1s de dos a\u00f1os presentando toda la documentaci\u00f3n requerida por parte del sector de econom\u00eda para poder acceder al cr\u00e9dito del FONDEAR. Cr\u00e9ditos que si se les han otorgado a empresas multinacionales.<br \/>En el marco de la defensa de la gesti\u00f3n obrera de Zanon convocamos a la conferencia de prensa el d\u00eda martes 23 de junio, a las 12 hs en el BAUEN, junto a las organizaciones sociales, pol\u00edticas, sindicales, estudiantiles y DDHH, para informar la dif\u00edcil situaci\u00f3n que pone en serio riesgo la fuente laboral de 450 familias<br \/>Los obreros y obreras de Zanon no queremos que nos regalen nada. Solo reclamamos al estado nacional lo que entendemos que es justo para poder seguir adelante con la producci\u00f3n y los puestos de trabajo: un cr\u00e9dito para la compra de maquinaria y la renovaci\u00f3n tecnol\u00f3gica parcial de la f\u00e1brica.<br \/><b>Sindicato Ceramista del Neuqu\u00e9n junto a los Obreros de Zanon<\/b><\/span><\/span><br \/><span style=\"font-size: x-small\"><b><span style=\"font-family: Verdana,sans-serif\">Contactos<br \/> Marcelo morales Secret General SOECN-299 155-480896<br \/> Navarrete Natalio Sec. Adj. SOECN \u2013 299- 156351556<br \/> correo alternativo: prensaobrerosdezanon@neunet.com.ar<br \/> Comision de Prensa: Zulma Morales &#8211; Cel:0054-299-5485390<\/span><\/b><\/span><br \/><span style=\"font-family: Verdana,sans-serif\"><span style=\"color: #0b5394\"><span style=\"font-size: x-small\"><b>ANRED\/PRODUCCI\u00d3N RIACHUELO<\/b><\/span><\/span><\/span><\/p>\n","protected":false},"excerpt":{"rendered":"<p>FABRICA SIN PATRONES, FASINPAT(EX ZANON) Conferencia de los obreros de Zan\u00f3n en defensa de la gesti\u00f3n y los 450 puestos de trabajo.Comunicado de prensaConferencia de prensa el d\u00eda martes 23 de junio, a las 12 hs en el BAUEN.En defensa de las gestiones obreras y 450 familiasLa gesti\u00f3n obrera de la ex\u2013Cer\u00e1mica Zanon lleva m\u00e1s [&hellip;]<\/p>\n","protected":false},"author":4,"featured_media":0,"comment_status":"open","ping_status":"open","sticky":false,"template":"","format":"standard","meta":{"_monsterinsights_skip_tracking":false,"_monsterinsights_sitenote_active":false,"_monsterinsights_sitenote_note":"","_monsterinsights_sitenote_category":0,"jnews-multi-image_gallery":[],"jnews_single_post":{"format":"standard"},"jnews_primary_category":[],"_joinchat":[],"footnotes":""},"categories":[58],"tags":[157,148],"class_list":["post-18246","post","type-post","status-publish","format-standard","hentry","category-noticiariachuelo","tag-nadie-se-salva-solo","tag-trabajo"],"_links":{"self":[{"href":"http:\/\/fmriachuelo.it10.com.ar\/index.php\/wp-json\/wp\/v2\/posts\/18246","targetHints":{"allow":["GET"]}}],"collection":[{"href":"http:\/\/fmriachuelo.it10.com.ar\/index.php\/wp-json\/wp\/v2\/posts"}],"about":[{"href":"http:\/\/fmriachuelo.it10.com.ar\/index.php\/wp-json\/wp\/v2\/types\/post"}],"author":[{"embeddable":true,"href":"http:\/\/fmriachuelo.it10.com.ar\/index.php\/wp-json\/wp\/v2\/users\/4"}],"replies":[{"embeddable":true,"href":"http:\/\/fmriachuelo.it10.com.ar\/index.php\/wp-json\/wp\/v2\/comments?post=18246"}],"version-history":[{"count":1,"href":"http:\/\/fmriachuelo.it10.com.ar\/index.php\/wp-json\/wp\/v2\/posts\/18246\/revisions"}],"predecessor-version":[{"id":23645,"href":"http:\/\/fmriachuelo.it10.com.ar\/index.php\/wp-json\/wp\/v2\/posts\/18246\/revisions\/23645"}],"wp:attachment":[{"href":"http:\/\/fmriachuelo.it10.com.ar\/index.php\/wp-json\/wp\/v2\/media?parent=18246"}],"wp:term":[{"taxonomy":"category","embeddable":true,"href":"http:\/\/fmriachuelo.it10.com.ar\/index.php\/wp-json\/wp\/v2\/categories?post=18246"},{"taxonomy":"post_tag","embeddable":true,"href":"http:\/\/fmriachuelo.it10.com.ar\/index.php\/wp-json\/wp\/v2\/tags?post=18246"}],"curies":[{"name":"wp","href":"https:\/\/api.w.org\/{rel}","templated":true}]}}