{"id":18243,"date":"2015-06-26T02:12:00","date_gmt":"2015-06-26T02:12:00","guid":{"rendered":"http:\/\/fmriachuelo.observatorioess.org.ar\/index.php\/2015\/06\/26\/caba-escuelas-del-sur-de-la-ciudad-sin-gas\/"},"modified":"2025-04-09T12:02:45","modified_gmt":"2025-04-09T15:02:45","slug":"caba-escuelas-del-sur-de-la-ciudad-sin-gas","status":"publish","type":"post","link":"http:\/\/fmriachuelo.it10.com.ar\/index.php\/2015\/06\/26\/caba-escuelas-del-sur-de-la-ciudad-sin-gas\/","title":{"rendered":"CABA: ESCUELAS DEL SUR DE LA CIUDAD SIN GAS"},"content":{"rendered":"<div style=\"color: #212121;margin-bottom: 0px;margin-top: 0px\"><span style=\"font-size: large\"><span style=\"font-family: Verdana,sans-serif\"><span style=\"color: red\"><b>LAS POL<span style=\"font-size: large\">\u00cd<\/span>TICAS DEL GOBIERNO DE LA CIUDAD<\/b><\/span><\/span><\/span><\/div>\n<p><span style=\"font-size: small\"><span style=\"font-family: Verdana,sans-serif\"><span style=\"font-size: small\"><b>OCHO MESES SIN GAS EN LA ESCUELA MEDIA<\/b><\/span><b> N\u00ba1 DE 20 DEL BARRIO PIEDRA BUENA: ALUMNOS Y DOCENTES SE DESCOMPONEN POR EL FR\u00cdO<\/b><\/span><\/span><\/p>\n<div style=\"clear: both;text-align: center\"><span style=\"font-size: small\"><span style=\"font-family: Verdana,sans-serif\"><a href=\"http:\/\/1.bp.blogspot.com\/-G1L57yQu5Gs\/VYy0maMMrSI\/AAAAAAAAE9Y\/-2EgGhP3IhQ\/s1600\/escuela.jpg\" style=\"clear: left;float: left;margin-bottom: 1em;margin-right: 1em\"><img loading=\"lazy\" decoding=\"async\" border=\"0\" height=\"120\" src=\"http:\/\/1.bp.blogspot.com\/-G1L57yQu5Gs\/VYy0maMMrSI\/AAAAAAAAE9Y\/-2EgGhP3IhQ\/s200\/escuela.jpg\" width=\"200\" \/><\/a><\/span><\/span><\/div>\n<div style=\"text-align: justify\"><span style=\"font-size: small\"><span style=\"font-family: Verdana,sans-serif\"><span style=\"color: black\">Existen barrios que suelen ser relegados en materia de pol\u00edticas p\u00fablicas. La EEM N\u00ba1 DE 20, que funciona en el edificio de la Primaria N\u00ba 22 DE 20 hace ya 25 a\u00f1os, est\u00e1 desde octubre de 2014 sin la habilitaci\u00f3n de gas.  En el mismo edificio de esta escuela del barrio Piedra Buena tambi\u00e9n funciona el jard\u00edn maternal N\u00b01 DE 20 que cuenta con turno ma\u00f1ana, tarde y vespertino. El invierno se acerca y las heladas tendr\u00e1n mayor intensidad. \u00abNos vamos a morir de fr\u00edo\u201d, advierten los estudiantes.<\/span><\/span><\/span><br \/><a name='more'><\/a><span style=\"font-size: small\"><span style=\"font-family: Verdana,sans-serif\"><span style=\"color: black\">Cuentan con un comedor que sustenta a m\u00e1s de 900 ni\u00f1os y adolescentes. La comida se calienta en una escuela de Liniers. Chicos y docentes han vomitado o salido con dolor de est\u00f3mago por tomar la leche o comer los alimentos fr\u00edos. Las ventanas de las aulas est\u00e1n rotas y no cierran. Las estufas est\u00e1n apagadas y las clases se dictan con la campera puesta constantemente. \u201cEstas son las condiciones en que trabajamos ac\u00e1 y en la mayor\u00eda de las escuelas p\u00fablicas de la ciudad. Mientras aumenta el deterioro de la educaci\u00f3n p\u00fablica, tambi\u00e9n crece la matr\u00edcula de las privadas\u201d, describe Emiliano Consoli, profesor y delegado gremial de la escuela media.<br \/>Los beb\u00e9s del jard\u00edn no cuentan con ning\u00fan tipo de calefacci\u00f3n en las salas y varios han vuelto a sus casas enfermos de bronco espasmos. Una alumna madre que deja su beb\u00e9 en jard\u00edn mientras estudia el secundario expres\u00f3 preocupaci\u00f3n por su hijo: \u201cLo tuve internado con bronquitis y lo tengo que traer ac\u00e1 a que tome fr\u00edo\u201d.<br \/>Ante esta situaci\u00f3n, a partir de hoy, los directivos de los tres niveles han tomado medidas: la primaria de jornada completa abre sus puertas despu\u00e9s del mediod\u00eda; el jard\u00edn maternal las cierra en el turno ma\u00f1ana y el turno vespertino; la secundaria cancela cuatro horas de clase. \u201cSi esto no se resuelve contamos con dos resultados: ense\u00f1ar y aprender sin las condiciones edilicias adecuadas afectando la salud de todos. O que los chicos tengan limitado su acceso a la educaci\u00f3n. Exigimos una soluci\u00f3n urgente. No queremos vernos obligados a tomar medidas extremas\u201d, sintetiza el representante docente.<br \/><span style=\"font-size: x-small\"><b>Contacto: Emiliano Consoli (011) 1551589022; Lucrecia Raimondi(011) 1559289373.<\/b><\/span><\/span><\/span><\/span><br \/><span style=\"font-size: small\"><span style=\"font-family: Verdana,sans-serif\"><span style=\"color: black\"><span style=\"font-size: x-small\"><span style=\"color: #0b5394\"><b>PROD<span style=\"font-size: x-small\">UCCI\u00d3N RIACHUELO<\/span> <\/b><\/span><\/span><\/span><\/span><\/span><\/div>\n","protected":false},"excerpt":{"rendered":"<p>LAS POL\u00cdTICAS DEL GOBIERNO DE LA CIUDAD OCHO MESES SIN GAS EN LA ESCUELA MEDIA N\u00ba1 DE 20 DEL BARRIO PIEDRA BUENA: ALUMNOS Y DOCENTES SE DESCOMPONEN POR EL FR\u00cdO Existen barrios que suelen ser relegados en materia de pol\u00edticas p\u00fablicas. La EEM N\u00ba1 DE 20, que funciona en el edificio de la Primaria N\u00ba [&hellip;]<\/p>\n","protected":false},"author":4,"featured_media":0,"comment_status":"open","ping_status":"open","sticky":false,"template":"","format":"standard","meta":{"_monsterinsights_skip_tracking":false,"_monsterinsights_sitenote_active":false,"_monsterinsights_sitenote_note":"","_monsterinsights_sitenote_category":0,"jnews-multi-image_gallery":[],"jnews_single_post":{"format":"standard"},"jnews_primary_category":[],"_joinchat":[],"footnotes":""},"categories":[58],"tags":[81,101,147],"class_list":["post-18243","post","type-post","status-publish","format-standard","hentry","category-noticiariachuelo","tag-aguafuertes-portenas","tag-educacion","tag-habitat"],"_links":{"self":[{"href":"http:\/\/fmriachuelo.it10.com.ar\/index.php\/wp-json\/wp\/v2\/posts\/18243","targetHints":{"allow":["GET"]}}],"collection":[{"href":"http:\/\/fmriachuelo.it10.com.ar\/index.php\/wp-json\/wp\/v2\/posts"}],"about":[{"href":"http:\/\/fmriachuelo.it10.com.ar\/index.php\/wp-json\/wp\/v2\/types\/post"}],"author":[{"embeddable":true,"href":"http:\/\/fmriachuelo.it10.com.ar\/index.php\/wp-json\/wp\/v2\/users\/4"}],"replies":[{"embeddable":true,"href":"http:\/\/fmriachuelo.it10.com.ar\/index.php\/wp-json\/wp\/v2\/comments?post=18243"}],"version-history":[{"count":1,"href":"http:\/\/fmriachuelo.it10.com.ar\/index.php\/wp-json\/wp\/v2\/posts\/18243\/revisions"}],"predecessor-version":[{"id":23663,"href":"http:\/\/fmriachuelo.it10.com.ar\/index.php\/wp-json\/wp\/v2\/posts\/18243\/revisions\/23663"}],"wp:attachment":[{"href":"http:\/\/fmriachuelo.it10.com.ar\/index.php\/wp-json\/wp\/v2\/media?parent=18243"}],"wp:term":[{"taxonomy":"category","embeddable":true,"href":"http:\/\/fmriachuelo.it10.com.ar\/index.php\/wp-json\/wp\/v2\/categories?post=18243"},{"taxonomy":"post_tag","embeddable":true,"href":"http:\/\/fmriachuelo.it10.com.ar\/index.php\/wp-json\/wp\/v2\/tags?post=18243"}],"curies":[{"name":"wp","href":"https:\/\/api.w.org\/{rel}","templated":true}]}}