{"id":18242,"date":"2015-06-17T13:42:00","date_gmt":"2015-06-17T13:42:00","guid":{"rendered":"http:\/\/fmriachuelo.observatorioess.org.ar\/index.php\/2015\/06\/17\/caba-la-organizacion-por-una-vivienda-digna\/"},"modified":"2025-04-01T16:37:55","modified_gmt":"2025-04-01T19:37:55","slug":"caba-la-organizacion-por-una-vivienda-digna","status":"publish","type":"post","link":"http:\/\/fmriachuelo.it10.com.ar\/index.php\/2015\/06\/17\/caba-la-organizacion-por-una-vivienda-digna\/","title":{"rendered":"CABA: LA ORGANIZACI\u00d3N POR UNA VIVIENDA DIGNA"},"content":{"rendered":"<p><span style=\"color: red;font-family: Verdana, sans-serif;font-size: large\"><strong>VIVIENDA Y HABITAT POPULAR<\/strong><\/span><br \/><span><strong>Por una vivienda digna: De la resistencia<br \/> a una soluci\u00f3n definitiva<\/strong><\/span><\/p>\n<div style=\"clear: both;text-align: center\"><a href=\"http:\/\/4.bp.blogspot.com\/-F7IYUUxsqCQ\/VYF4YX5u45I\/AAAAAAAAEzA\/HRoM7SQhwn0\/s1600\/seamos%2Blibres.png\" style=\"clear: left;float: left;margin-bottom: 1em;margin-right: 1em\"><img loading=\"lazy\" decoding=\"async\" border=\"0\" height=\"80\" src=\"http:\/\/4.bp.blogspot.com\/-F7IYUUxsqCQ\/VYF4YX5u45I\/AAAAAAAAEzA\/HRoM7SQhwn0\/s320\/seamos%2Blibres.png\" width=\"320\" \/><\/a><\/div>\n<div style=\"text-align: justify\"><span style=\"font-size: 14px\"><span style=\"font-family: arial, helvetica, sans-serif\"><span style=\"font-family: Verdana, sans-serif\">Seamos Libres, como organizaci\u00f3n miembro de la Confederaci\u00f3n de Trabajadores de la Econom\u00eda Popular (CTEP), y la Secretar\u00eda de Vivienda y H\u00e1bitat Popular de la Confederaci\u00f3n realizar\u00e1n una charla sobre las diferentes experiencias de resistencia frente a las m\u00faltiples problem\u00e1ticas en torno al acceso a la vivienda que sufren miles de vecinos y vecinas de la Ciudad de Buenos Aires y las posibles estrategias de los sectores populares organizados para alcanzar una soluci\u00f3n de fondo.<\/span><br \/><span style=\"font-family: Verdana, sans-serif\">El debate se llevar\u00e1 adelante el pr\u00f3ximo jueves 18 de junio a las 19 hs en el inmueble de Pav\u00f3n 4127 y participar\u00e1n el secretario general de Seamos Libres, Jonathan Thea; el secretario de Vivienda y H\u00e1bitat Popular de la CTEP, Lito Borello, y el delegado de las familias de la casa de Pav\u00f3n 4127, Luis Rold\u00e1n.<br \/>El pasado 18 de marzo, las 37 familias que habitan el inmueble de Pav\u00f3n 4127 desde hace unos 25 a\u00f1os, con el apoyo de organizaciones pol\u00edticas y sociales, evitaron el desalojo ordenado por el Juzgado Nacional de Primera Instancia en lo Civil N\u00b0 46, a cargo de Fernando Christello, que hab\u00eda sido solicitado por Pav\u00f3n Plaza S.A. para el desarrollo de un proyecto inmobiliario.<br \/>Tras la suspensi\u00f3n de la medida, se abri\u00f3 una mesa de negociaci\u00f3n que fracas\u00f3 al poco tiempo por la falta de voluntad por parte de los organismos de la Ciudad y la empresa para resolver la situaci\u00f3n. Esto habilit\u00f3 una nueva orden de desalojo para el 20 de mayo. Pero una semana antes de la nueva fecha de desalojo, Christello resolvi\u00f3 suspenderlo nuevamente luego de que la Sala H de la C\u00e1mara Civil aceptara la apelaci\u00f3n presentada por los vecinos. Esa resoluci\u00f3n suspendi\u00f3 la medida de manera provisoria. Mientras tanto, los vecinos y vecinas de Pav\u00f3n contin\u00faan de pie, organizados para lograr que el gobierno de la Ciudad de Buenos Aires brinde una soluci\u00f3n habitacional digna..<\/span><\/span><\/span><span style=\"font-family: arial, helvetica, sans-serif;font-size: 14px\"><\/span><\/div>\n<div>&nbsp;<\/div>\n<p><span style=\"font-family: Verdana, sans-serif;font-size: x-small\">Contacto: Sonia Lombardo<br \/>15-5836-7223<\/span><br \/><span style=\"font-family: Verdana;font-size: x-small\"><\/span><br \/><span style=\"color: blue;font-family: Verdana;font-size: x-small\">Fuente: Secret. de Vivienda y Habitat CTEP, Producci\u00f3n Riachuelo<\/span><br \/><span style=\"font-family: Verdana\"><\/span><br \/><span style=\"font-family: Verdana\"><\/span><\/p>\n","protected":false},"excerpt":{"rendered":"<p>VIVIENDA Y HABITAT POPULARPor una vivienda digna: De la resistencia a una soluci\u00f3n definitiva Seamos Libres, como organizaci\u00f3n miembro de la Confederaci\u00f3n de Trabajadores de la Econom\u00eda Popular (CTEP), y la Secretar\u00eda de Vivienda y H\u00e1bitat Popular de la Confederaci\u00f3n realizar\u00e1n una charla sobre las diferentes experiencias de resistencia frente a las m\u00faltiples problem\u00e1ticas en [&hellip;]<\/p>\n","protected":false},"author":4,"featured_media":0,"comment_status":"open","ping_status":"open","sticky":false,"template":"","format":"standard","meta":{"_monsterinsights_skip_tracking":false,"_monsterinsights_sitenote_active":false,"_monsterinsights_sitenote_note":"","_monsterinsights_sitenote_category":0,"jnews-multi-image_gallery":[],"jnews_single_post":{"format":"standard"},"jnews_primary_category":[],"_joinchat":[],"footnotes":""},"categories":[58],"tags":[147,86],"class_list":["post-18242","post","type-post","status-publish","format-standard","hentry","category-noticiariachuelo","tag-habitat","tag-noti-ctep"],"_links":{"self":[{"href":"http:\/\/fmriachuelo.it10.com.ar\/index.php\/wp-json\/wp\/v2\/posts\/18242","targetHints":{"allow":["GET"]}}],"collection":[{"href":"http:\/\/fmriachuelo.it10.com.ar\/index.php\/wp-json\/wp\/v2\/posts"}],"about":[{"href":"http:\/\/fmriachuelo.it10.com.ar\/index.php\/wp-json\/wp\/v2\/types\/post"}],"author":[{"embeddable":true,"href":"http:\/\/fmriachuelo.it10.com.ar\/index.php\/wp-json\/wp\/v2\/users\/4"}],"replies":[{"embeddable":true,"href":"http:\/\/fmriachuelo.it10.com.ar\/index.php\/wp-json\/wp\/v2\/comments?post=18242"}],"version-history":[{"count":1,"href":"http:\/\/fmriachuelo.it10.com.ar\/index.php\/wp-json\/wp\/v2\/posts\/18242\/revisions"}],"predecessor-version":[{"id":23589,"href":"http:\/\/fmriachuelo.it10.com.ar\/index.php\/wp-json\/wp\/v2\/posts\/18242\/revisions\/23589"}],"wp:attachment":[{"href":"http:\/\/fmriachuelo.it10.com.ar\/index.php\/wp-json\/wp\/v2\/media?parent=18242"}],"wp:term":[{"taxonomy":"category","embeddable":true,"href":"http:\/\/fmriachuelo.it10.com.ar\/index.php\/wp-json\/wp\/v2\/categories?post=18242"},{"taxonomy":"post_tag","embeddable":true,"href":"http:\/\/fmriachuelo.it10.com.ar\/index.php\/wp-json\/wp\/v2\/tags?post=18242"}],"curies":[{"name":"wp","href":"https:\/\/api.w.org\/{rel}","templated":true}]}}