{"id":18240,"date":"2015-06-19T03:12:00","date_gmt":"2015-06-19T03:12:00","guid":{"rendered":"http:\/\/fmriachuelo.observatorioess.org.ar\/index.php\/2015\/06\/19\/roma-estado-vaticano-buscan-sembrar-confusion-en-el-gobierno-papal\/"},"modified":"2025-04-01T16:44:25","modified_gmt":"2025-04-01T19:44:25","slug":"roma-estado-vaticano-buscan-sembrar-confusion-en-el-gobierno-papal","status":"publish","type":"post","link":"http:\/\/fmriachuelo.it10.com.ar\/index.php\/2015\/06\/19\/roma-estado-vaticano-buscan-sembrar-confusion-en-el-gobierno-papal\/","title":{"rendered":"ROMA, ESTADO VATICANO: BUSCAN SEMBRAR CONFUSI\u00d3N EN EL GOBIERNO PAPAL"},"content":{"rendered":"<p><span style=\"color: #6aa84f;font-family: Verdana, sans-serif;font-size: large\"><strong>\u00abLAUDATO, SI\u00bb<\/strong><\/span><br \/><span style=\"font-family: Verdana, sans-serif;font-size: large\">Revuelo en Roma por la filtraci\u00f3n de la enc\u00edclica<\/span><br \/><span style=\"font-family: Verdana;font-size: large\"><\/span><\/p>\n<div style=\"clear: both;text-align: justify\"><a href=\"http:\/\/3.bp.blogspot.com\/-Jwhtz1bNBd4\/VYOIQCrvAkI\/AAAAAAAAE0E\/JaKnte7tTN0\/s1600\/papa.jpg\" style=\"clear: left;float: left;margin-bottom: 1em;margin-right: 1em\"><\/a><a href=\"http:\/\/3.bp.blogspot.com\/-Jwhtz1bNBd4\/VYOIQCrvAkI\/AAAAAAAAE0E\/JaKnte7tTN0\/s1600\/papa.jpg\" style=\"clear: left;float: left;margin-bottom: 1em;margin-right: 1em\"><img decoding=\"async\" border=\"0\" src=\"http:\/\/3.bp.blogspot.com\/-Jwhtz1bNBd4\/VYOIQCrvAkI\/AAAAAAAAE0E\/JaKnte7tTN0\/s1600\/papa.jpg\" \/><\/a><\/p>\n<div style=\"text-align: justify\"><span style=\"font-family: Verdana, sans-serif\">[La Naci\u00f3n, 17\/06\/15]<\/span><br \/><span style=\"font-family: Verdana, sans-serif\">Gran revuelo provoc\u00f3 la filtraci\u00f3n de un borrador de la enc\u00edclica \u00abverde\u00bb de Francisco, que ser\u00e1 presentada con bombos y platillos ma\u00f1ana en el Vaticano por un panel de expertos de gran prestigio.<\/p>\n<p>Si bien anteayer Federico Lombardi, vocero de la Santa Sede, poco despu\u00e9s de la filtraci\u00f3n en el sitio del semanario L&#8217;Espresso, advirti\u00f3 que no se trataba del \u00abtexto final\u00bb y destac\u00f3 que segu\u00eda vigente el embargo -que expirar\u00e1 ma\u00f1ana al mediod\u00eda romano-, la gran mayor\u00eda de los diarios italianos y dem\u00e1s pa\u00edses no lo respetaron y publicaron grandes extractos de la versi\u00f3n.<\/p>\n<p>Ante el dilema de dar o no la informaci\u00f3n, varios otros medios optaron por seguir la invitaci\u00f3n de Lombardi de \u00abrespetar la correcci\u00f3n period\u00edstica que requiere esperar la publicaci\u00f3n oficial del texto final\u00bb.<\/p>\n<p>Por todo esto, ayer la sala de prensa del Vaticano de la Via della Conciliazione estaba al rojo vivo.<\/p>\n<p>Nunca antes se hab\u00edan visto discusiones de tonos tan elevados entre los periodistas acreditados, algunos de los cuales casi se enfrentaron en una pelea. Unos reclamaban que se les quitara la acreditaci\u00f3n a los medios que hab\u00edan roto el embargo.<\/span><\/div>\n<p><span style=\"font-family: Verdana, sans-serif\"><\/span><a name='more'><\/a><span style=\"font-family: Verdana, sans-serif\"><br \/>Otros, que hab\u00edan dado la informaci\u00f3n, se justificaban con el argumento de que el borrador hab\u00eda sido filtrado por una fuente an\u00f3nima al veterano vaticanista de L&#8217;Espresso Sandro Magister y, siendo as\u00ed, no deb\u00eda respetarse embargo alguno. Para lograr ser acreditado en forma permanente por el Vaticano, al margen de algunos tr\u00e1mites burocr\u00e1ticos, un periodista debe comprometerse por escrito a respetar todas las normas \u00e9ticas relativas al embargo.<\/p>\n<p>Magister, que tiene desde hace d\u00e9cadas acreditaci\u00f3n permanente ante el Vaticano, conoc\u00eda esa regla. No por nada ayer Lombardi anunci\u00f3 en una carta que, debido a la total violaci\u00f3n del embargo, le hab\u00eda quitado por tiempo indeterminado la acreditaci\u00f3n a Magister.<\/p>\n<p>La filtraci\u00f3n del borrador fue considerada por la gran mayor\u00eda de los analistas un ataque a Francisco y un virtual sabotaje al lanzamiento de su esperada enc\u00edclica sobre el medio ambiente. Sobre todo porque el autor de la filtraci\u00f3n fue el ya mencionado Magister, vocero de sectores conservadores de la curia romana y, desde el principio de su pontificado, cr\u00edtico del pont\u00edfice argentino en su blog.<\/p>\n<p>Como se anticip\u00f3, la enc\u00edclica \u00abverde\u00bb del Papa gener\u00f3 inmensa expectativa, sobre todo en los Estados Unidos, debido a los intereses que tienen en juego industrias vinculadas con el petr\u00f3leo, que temen la influencia de Francisco, hoy una respetada autoridad moral.<\/p>\n<p>Se descuenta, de hecho, que la enc\u00edclica, llamada Laudato si (Alabado seas), llamar\u00e1 a tomar acciones concretas para frenar el peligroso calentamiento global que sufre el planeta debido a su irresponsable explotaci\u00f3n y cuyos efectos padecen mayoritariamente los m\u00e1s pobres.<br \/>Primera vez<\/p>\n<p>Como el propio Papa explic\u00f3 en enero pasado, el documento pretende influenciar la cumbre sobre cambio clim\u00e1tico que tendr\u00e1 lugar en Par\u00eds en diciembre pr\u00f3ximo y en la que grupos ambientalistas y las Naciones Unidas esperan que se llegue a un acuerdo no querido por los grandes poderes industriales.<\/p>\n<p>Si bien los \u00faltimos a\u00f1os de pontificado de Benedicto XVI, papa em\u00e9rito (2005-febrero de 2013), hab\u00edan sido sacudidos por la filtraci\u00f3n de documentos reservados -el \u00abVatiLeaks\u00bb-, es la primera vez que se filtra el borrador de un documento tan importante como una enc\u00edclica.<\/p>\n<p>En otro fiel reflejo del revuelo que cre\u00f3 la filtraci\u00f3n del texto tres d\u00edas antes de su difusi\u00f3n, Giovanni Maria Vian, director de L&#8217;Osservatore Romano, el diario del Vaticano, llam\u00f3 por tel\u00e9fono anteayer a los responsables m\u00e1ximos de los principales diarios italianos para tratar de convencerlos de no publicar extractos del borrador. Pero su intento fue en vano.<\/p>\n<p>Visto el revuelo, el Vaticano est\u00e1 intentando identificar a la fuente de la filtraci\u00f3n. De ser hallado, el culpable podr\u00eda ser juzgado por este delito por un tribunal del Vaticano, corriendo el riesgo de ser condenado a dos a\u00f1os de prisi\u00f3n y a multas de 5000 euros.<br \/>El Papa pide que no lo critiquen por \u00abcomunista\u00bb<\/p>\n<p>El papa Francisco asegur\u00f3 ayer que es \u00abinjusto\u00bb acusar a los sacerdotes y obispos de \u00abcomunistas cuando hablan de los pobres\u00bb, una suerte de advertencia ante las reacciones que probablemente suscitar\u00e1 su enc\u00edclica sobre el medio ambiente entre los grupos conservadores, especialmente en Estados Unidos. <br \/>\u00abMuchas veces se oye decir: \u00abEste sacerdote habla demasiado de pobreza, este obispo habla de pobreza, este cristiano, esta monja, hablan de pobreza&#8230; Son un poco comunistas, \u00bfno?\u00bb. Al contrario, la pobreza es el eje del Evangelio\u00bb, dijo el Papa durante la misa matutina celebrada en su residencia Santa Marta.<\/span><br \/><span style=\"font-family: Verdana\"><\/span><br \/><span style=\"font-family: Verdana\">Fuente: La Naci\u00f3n, Producci\u00f3n Riachuelo<\/span><\/div>\n","protected":false},"excerpt":{"rendered":"<p>\u00abLAUDATO, SI\u00bbRevuelo en Roma por la filtraci\u00f3n de la enc\u00edclica [La Naci\u00f3n, 17\/06\/15]Gran revuelo provoc\u00f3 la filtraci\u00f3n de un borrador de la enc\u00edclica \u00abverde\u00bb de Francisco, que ser\u00e1 presentada con bombos y platillos ma\u00f1ana en el Vaticano por un panel de expertos de gran prestigio. Si bien anteayer Federico Lombardi, vocero de la Santa Sede, [&hellip;]<\/p>\n","protected":false},"author":4,"featured_media":0,"comment_status":"open","ping_status":"open","sticky":false,"template":"","format":"standard","meta":{"_monsterinsights_skip_tracking":false,"_monsterinsights_sitenote_active":false,"_monsterinsights_sitenote_note":"","_monsterinsights_sitenote_category":0,"jnews-multi-image_gallery":[],"jnews_single_post":{"format":"standard"},"jnews_primary_category":[],"_joinchat":[],"footnotes":""},"categories":[58],"tags":[146],"class_list":["post-18240","post","type-post","status-publish","format-standard","hentry","category-noticiariachuelo","tag-religiosidad-popular"],"_links":{"self":[{"href":"http:\/\/fmriachuelo.it10.com.ar\/index.php\/wp-json\/wp\/v2\/posts\/18240","targetHints":{"allow":["GET"]}}],"collection":[{"href":"http:\/\/fmriachuelo.it10.com.ar\/index.php\/wp-json\/wp\/v2\/posts"}],"about":[{"href":"http:\/\/fmriachuelo.it10.com.ar\/index.php\/wp-json\/wp\/v2\/types\/post"}],"author":[{"embeddable":true,"href":"http:\/\/fmriachuelo.it10.com.ar\/index.php\/wp-json\/wp\/v2\/users\/4"}],"replies":[{"embeddable":true,"href":"http:\/\/fmriachuelo.it10.com.ar\/index.php\/wp-json\/wp\/v2\/comments?post=18240"}],"version-history":[{"count":1,"href":"http:\/\/fmriachuelo.it10.com.ar\/index.php\/wp-json\/wp\/v2\/posts\/18240\/revisions"}],"predecessor-version":[{"id":23595,"href":"http:\/\/fmriachuelo.it10.com.ar\/index.php\/wp-json\/wp\/v2\/posts\/18240\/revisions\/23595"}],"wp:attachment":[{"href":"http:\/\/fmriachuelo.it10.com.ar\/index.php\/wp-json\/wp\/v2\/media?parent=18240"}],"wp:term":[{"taxonomy":"category","embeddable":true,"href":"http:\/\/fmriachuelo.it10.com.ar\/index.php\/wp-json\/wp\/v2\/categories?post=18240"},{"taxonomy":"post_tag","embeddable":true,"href":"http:\/\/fmriachuelo.it10.com.ar\/index.php\/wp-json\/wp\/v2\/tags?post=18240"}],"curies":[{"name":"wp","href":"https:\/\/api.w.org\/{rel}","templated":true}]}}