{"id":18238,"date":"2015-06-20T22:16:00","date_gmt":"2015-06-20T22:16:00","guid":{"rendered":"http:\/\/fmriachuelo.observatorioess.org.ar\/index.php\/2015\/06\/20\/encuentro-en-la-uba-y-univ-de-lanus-para-debatir-politicas-publicas-para-la-economia-popular\/"},"modified":"2025-04-07T14:52:19","modified_gmt":"2025-04-07T17:52:19","slug":"encuentro-en-la-uba-y-univ-de-lanus-para-debatir-politicas-publicas-para-la-economia-popular","status":"publish","type":"post","link":"http:\/\/fmriachuelo.it10.com.ar\/index.php\/2015\/06\/20\/encuentro-en-la-uba-y-univ-de-lanus-para-debatir-politicas-publicas-para-la-economia-popular\/","title":{"rendered":"ENCUENTRO EN LA UBA Y UNIV. DE LANUS PARA DEBATIR POL\u00cdTICAS P\u00daBLICAS PARA LA ECONOM\u00cdA POPULAR"},"content":{"rendered":"<div style=\"text-align: justify\"><a href=\"http:\/\/2.bp.blogspot.com\/-TPt7DtdMymg\/VYXk8z8PQ9I\/AAAAAAAAE2Q\/cOo2Ux-K9eU\/s1600\/ctep.jpg\" style=\"clear: right;float: right;margin-bottom: 1em;margin-left: 1em\"><\/a><a href=\"http:\/\/2.bp.blogspot.com\/-TPt7DtdMymg\/VYXk8z8PQ9I\/AAAAAAAAE2Q\/cOo2Ux-K9eU\/s1600\/ctep.jpg\" style=\"clear: right;float: right;margin-bottom: 1em;margin-left: 1em\"><img loading=\"lazy\" decoding=\"async\" border=\"0\" height=\"150\" src=\"http:\/\/2.bp.blogspot.com\/-TPt7DtdMymg\/VYXk8z8PQ9I\/AAAAAAAAE2Q\/cOo2Ux-K9eU\/s200\/ctep.jpg\" width=\"200\" \/><\/a><br \/><span style=\"color: red;font-family: Verdana, sans-serif;font-size: large\"><strong>EN DEFENSA DEL TRABAJO DIGNO<\/strong><\/span><br \/><span style=\"font-family: Verdana, sans-serif;font-size: large\">Jueces, legisladores e investigadores debatir\u00e1n Pol\u00edticas P\u00fablicas junto a Trabajadores de Empresas Recuperadas<\/span><a href=\"http:\/\/1.bp.blogspot.com\/-9LtChtPJfYY\/VYXk6Cht3_I\/AAAAAAAAE2I\/1vplSdM4tdI\/s1600\/mner.png\" style=\"clear: left;float: left;margin-bottom: 1em;margin-right: 1em\"><img loading=\"lazy\" decoding=\"async\" border=\"0\" height=\"200\" src=\"http:\/\/1.bp.blogspot.com\/-9LtChtPJfYY\/VYXk6Cht3_I\/AAAAAAAAE2I\/1vplSdM4tdI\/s200\/mner.png\" width=\"147\" \/><\/a><\/p>\n<div style=\"text-align: justify\"><span style=\"font-family: Verdana, sans-serif\">Jueces, legisladores e investigadores de distintas universidades debatir\u00e1n sobre la necesidad de implementar Pol\u00edticas P\u00fablicas para la Recuperaci\u00f3n del Trabajo, junto a trabajadores de Empresas Recuperadas. El Encuentro se realizar\u00e1 los d\u00edas 26 y 27 de Junio en sedes de la Universidad de Buenos Aires y Universidad de Lan\u00fas, y habr\u00e1 mesas de debate sobre la necesidad de una Ley Nacional de Expropiaci\u00f3n, la adecuaci\u00f3n en la Seguridad Social y los mecanismos de financiaci\u00f3n para experiencias que integran el sector de la Econom\u00eda Popular.<\/p>\n<p>Emilio \u201cpolaco\u201d Carrasco, referente del Movimiento Nacional de Empresas Recuperadas y militante de la Confederaci\u00f3n de Trabajadores de la Econom\u00eda Popular, se\u00f1al\u00f3: \u201cnosotros avanzamos en recuperar las empresas y f\u00e1bricas que fueron quebrando o cerrando y dejando trabajadores en la calle. Nuestro objetivo no es aumentar la ganancia, sino crear fuentes de trabajo para poder seguir llevando el ingreso a nuestros hogares. En ese camino, tenemos muchas limitaciones, entre otras, no somos due\u00f1os de las f\u00e1bricas, heredamos las deudas de los antiguos due\u00f1os y se trata en general de empresas con tecnolog\u00eda atrasada o casi obsoleta, lo que no nos permite competir\u201d.<\/span><br \/><a name='more'><\/a><span style=\"font-family: Verdana, sans-serif\"><br \/>Estar\u00e1n participando del encuentro, entre otros la  Dra. Gabriela Alejandra V\u00e1zquez -Presidenta del Consejo de la Magistratura del Poder Judicial de la Naci\u00f3n-, los Diputados Nacionales V\u00edctor de Gennaro y Alcira Argumedo, y el Profesor Vicente Zito Lema de la Universidad de los Trabajadores IMPA. Las jornadas se desarrollar\u00e1n durante el Viernes 26 desde las 13hs hasta las 20hs en el Sal\u00f3n de Actos de la Facultad de Ciencias Econ\u00f3micas de la Universidad de Buenos Aires, y el S\u00e1bado 27 de 10hs a 13hs en el Cine Universitario \u201cTita Merello\u201d de la Universidad de Lan\u00fas.<\/p>\n<p>Sebasttian Aragon , referente de Empresas Recuperadas de CTEP\u201d, manifest\u00f3: \u201clos trabajadores de las recuperadas necesitamos el apoyo del Estado para obtener la expropiaci\u00f3n de las f\u00e1bricas, que nos den cr\u00e9ditos y subsidios como lo hacen con las empresas privadas, para poder generar una renovaci\u00f3n tecnol\u00f3gica, y adem\u00e1s facilitarnos canales para la comercializaci\u00f3n y la exportaci\u00f3n de lo que producimos. Es un paso muy importante que autoridades de la justicia, legisladores y los profesionales se sienten a escuchar nuestros pedidos y a dialogar con nosotros\u201d.<\/span><\/p>\n<div style=\"text-align: justify\"><span style=\"font-family: Verdana\"><\/span>&nbsp;<\/div>\n<div style=\"text-align: justify\"><span style=\"color: blue;font-family: Verdana\">Fuente: CTEP Argentina, Producci\u00f3n Riachuelo<\/span><\/div>\n<\/div>\n<\/div>\n","protected":false},"excerpt":{"rendered":"<p>EN DEFENSA DEL TRABAJO DIGNOJueces, legisladores e investigadores debatir\u00e1n Pol\u00edticas P\u00fablicas junto a Trabajadores de Empresas Recuperadas Jueces, legisladores e investigadores de distintas universidades debatir\u00e1n sobre la necesidad de implementar Pol\u00edticas P\u00fablicas para la Recuperaci\u00f3n del Trabajo, junto a trabajadores de Empresas Recuperadas. El Encuentro se realizar\u00e1 los d\u00edas 26 y 27 de Junio en [&hellip;]<\/p>\n","protected":false},"author":4,"featured_media":0,"comment_status":"open","ping_status":"open","sticky":false,"template":"","format":"standard","meta":{"_monsterinsights_skip_tracking":false,"_monsterinsights_sitenote_active":false,"_monsterinsights_sitenote_note":"","_monsterinsights_sitenote_category":0,"jnews-multi-image_gallery":[],"jnews_single_post":{"format":"standard"},"jnews_primary_category":[],"_joinchat":[],"footnotes":""},"categories":[58],"tags":[88,64,168],"class_list":["post-18238","post","type-post","status-publish","format-standard","hentry","category-noticiariachuelo","tag-de-la-economia-social","tag-economia-popular","tag-educacion-comunitaria"],"_links":{"self":[{"href":"http:\/\/fmriachuelo.it10.com.ar\/index.php\/wp-json\/wp\/v2\/posts\/18238","targetHints":{"allow":["GET"]}}],"collection":[{"href":"http:\/\/fmriachuelo.it10.com.ar\/index.php\/wp-json\/wp\/v2\/posts"}],"about":[{"href":"http:\/\/fmriachuelo.it10.com.ar\/index.php\/wp-json\/wp\/v2\/types\/post"}],"author":[{"embeddable":true,"href":"http:\/\/fmriachuelo.it10.com.ar\/index.php\/wp-json\/wp\/v2\/users\/4"}],"replies":[{"embeddable":true,"href":"http:\/\/fmriachuelo.it10.com.ar\/index.php\/wp-json\/wp\/v2\/comments?post=18238"}],"version-history":[{"count":1,"href":"http:\/\/fmriachuelo.it10.com.ar\/index.php\/wp-json\/wp\/v2\/posts\/18238\/revisions"}],"predecessor-version":[{"id":23636,"href":"http:\/\/fmriachuelo.it10.com.ar\/index.php\/wp-json\/wp\/v2\/posts\/18238\/revisions\/23636"}],"wp:attachment":[{"href":"http:\/\/fmriachuelo.it10.com.ar\/index.php\/wp-json\/wp\/v2\/media?parent=18238"}],"wp:term":[{"taxonomy":"category","embeddable":true,"href":"http:\/\/fmriachuelo.it10.com.ar\/index.php\/wp-json\/wp\/v2\/categories?post=18238"},{"taxonomy":"post_tag","embeddable":true,"href":"http:\/\/fmriachuelo.it10.com.ar\/index.php\/wp-json\/wp\/v2\/tags?post=18238"}],"curies":[{"name":"wp","href":"https:\/\/api.w.org\/{rel}","templated":true}]}}