{"id":18235,"date":"2015-05-27T01:55:00","date_gmt":"2015-05-27T01:55:00","guid":{"rendered":"http:\/\/fmriachuelo.observatorioess.org.ar\/index.php\/2015\/05\/27\/caba-suspenden-desalojo-en-san-telmo\/"},"modified":"2025-03-31T13:34:54","modified_gmt":"2025-03-31T16:34:54","slug":"caba-suspenden-desalojo-en-san-telmo","status":"publish","type":"post","link":"http:\/\/fmriachuelo.it10.com.ar\/index.php\/2015\/05\/27\/caba-suspenden-desalojo-en-san-telmo\/","title":{"rendered":"CABA: SUSPENDEN DESALOJO EN SAN TELMO"},"content":{"rendered":"<p><span style=\"color: red;font-family: Verdana, sans-serif;font-size: large\"><strong>LA UNI\u00d3N HACE LA FUERZA<\/strong><\/span><br \/><span style=\"font-family: Verdana, sans-serif\"><strong>LA CONFEDERACI\u00d3N DE TRABAJADORES DE LA ECONOM\u00cdA POPULAR, CTEP Y LAS ORGANIZACIONES SE MOVILIZARON PARA RESISTIR<\/strong><\/span> <\/p>\n<div style=\"clear: both;text-align: center\"><a href=\"http:\/\/3.bp.blogspot.com\/-r15w6zdkfM0\/VWUgtAAWEhI\/AAAAAAAAEew\/M811eJv9F48\/s1600\/S%2BTELMO%2B1.jpg\" style=\"margin-left: 1em;margin-right: 1em\"><img loading=\"lazy\" decoding=\"async\" border=\"0\" height=\"209\" src=\"http:\/\/3.bp.blogspot.com\/-r15w6zdkfM0\/VWUgtAAWEhI\/AAAAAAAAEew\/M811eJv9F48\/s320\/S%2BTELMO%2B1.jpg\" width=\"320\" \/><\/a><\/div>\n<div style=\"clear: both;text-align: justify\"><span style=\"font-family: Verdana, sans-serif\">Los afectados presentaron un pedido de pr\u00f3rroga alegando que tienen hijos en edad escolar y para contar con mayor tiempo en la b\u00fasqueda de un lugar para vivir, pero la jueza neg\u00f3 esta posibilidad.<\/p>\n<p>El Frente Popular Dar\u00edo Santill\u00e1n es la organizaci\u00f3n que acompa\u00f1a a los ocupantes, Su vocero, Federico Orchani, inform\u00f3 a Diario Z que \u201cpor lo que sabemos, no se pusieron de acuerdo entre la Federal y la Metropolitana. Solo tenemos la palabra de un comisario que nos dijo que no hab\u00eda desalojo, no sabemos si oficialmente se suspendi\u00f3, pero al no hacerse nadie presente para llevarlo a cabo tuvieron la orden de levantar el vallado\u201d, indic\u00f3. No obstante, est\u00e1n en un comp\u00e1s de espera porque \u201cla orden de desalojo aun persiste\u201d. Adem\u00e1s otras organizaciones sociales se hicieron presentes junto con la Confederaci\u00f3n de Trabajadores de la Econom\u00eda Popular para resistir junto a las familias afectadas.<\/span><a name='more'><\/a><span style=\"font-family: Verdana, sans-serif\"><br \/>Mientras tanto, y a la espera de novedades, se mantienen alertas tras la vigilia de las \u00faltimas 24 horas. \u201cNosotros esperamos alguna respuesta del gobierno macrista. Se ofrecen subsidios por seis meses, pero con ese dinero no se pueden solventar alquileres. Tampoco sabemos si es posible aplicar la ley 341, de la \u00e9poca de Ibarra, que prevee formar cooperativas de vivienda porque este inmueble est\u00e1 en litigio y no hay a la vista un terreno al cual llevar a las familias. Por eso es que exigimos el freno inmediato del desalojo y denunciamos la falta de pol\u00edticas p\u00fablicas para hacerle frente a la crisis habitacional en toda la ciudad\u201d, cerr\u00f3 Orchani.<\/p>\n<p>\u201cHay todo un boom inmobiliario en la zona sur, mucha avidez por especular con los edificios, y quien reclama el inmueble es una empresa constructora\u201d, continu\u00f3.<\/span><\/p>\n<div style=\"clear: both;text-align: justify\"><span style=\"font-family: Verdana\"><\/span>&nbsp;<\/div>\n<div style=\"clear: both;text-align: justify\"><span style=\"font-family: Verdana\">Por los micr\u00f3fonos de <span style=\"color: red\"><strong>Fm Riachuelo<\/strong><\/span> habl\u00f3 <\/span><span style=\"color: blue;font-family: Verdana, sans-serif\"><a href=\"http:\/\/www.mediafire.com\/listen\/i67gjzbezh6r1uu\/JAVIER+AYALA+PORQUE+SE+DETUVO+EL+DESALOJO.mp3\">JAVIER<u> AYALA HABITANTE DEL  LUGAR<\/u><\/a>&nbsp;<span style=\"color: black\">para contar que se detuvo el intento de desalojo y que el Gobierno de la Ciudad no se hizo presente frente a una delicada situaci\u00f3n de necesidad para tantas familias. <\/span><\/span><\/p>\n<div style=\"clear: both;text-align: center\"><span style=\"color: blue;font-family: Verdana, sans-serif\"><span style=\"color: black\"><a href=\"http:\/\/1.bp.blogspot.com\/-_BXM-gSNP88\/VWUgrUPp3hI\/AAAAAAAAEeo\/_SPLIC2rLQ4\/s1600\/S%2BTELMO.jpg\" style=\"margin-left: 1em;margin-right: 1em\"><img loading=\"lazy\" decoding=\"async\" border=\"0\" height=\"211\" src=\"http:\/\/1.bp.blogspot.com\/-_BXM-gSNP88\/VWUgrUPp3hI\/AAAAAAAAEeo\/_SPLIC2rLQ4\/s320\/S%2BTELMO.jpg\" width=\"320\" \/><\/a><\/span><\/span><\/div>\n<p><\/p>\n<div style=\"clear: both;text-align: justify\"><u><span style=\"color: blue;font-family: Verdana\"><\/span><\/u>&nbsp;<\/div>\n<p><u><span style=\"color: #0066cc\"><\/span><\/u><br \/><span style=\"font-family: Verdana, sans-serif\">Desde muy temprano las organizaciones y la CTEP montaron una vigilia para resistir junto a los habitantes y las familias de la vivienda de la calle Chacabuco 1044\/46 el intento de desalojo. <\/span><br \/><span style=\"font-family: Verdana, sans-serif\">Finalmente se posterg\u00f3 la ejecuci\u00f3n de la medida.<\/span><br \/><span style=\"font-family: Verdana\"><\/span><br \/><span style=\"color: blue;font-family: Verdana\">Fuente: Diario Z, Producci\u00f3n Riachuelo<\/span><\/div>\n<\/div>\n","protected":false},"excerpt":{"rendered":"<p>LA UNI\u00d3N HACE LA FUERZALA CONFEDERACI\u00d3N DE TRABAJADORES DE LA ECONOM\u00cdA POPULAR, CTEP Y LAS ORGANIZACIONES SE MOVILIZARON PARA RESISTIR Los afectados presentaron un pedido de pr\u00f3rroga alegando que tienen hijos en edad escolar y para contar con mayor tiempo en la b\u00fasqueda de un lugar para vivir, pero la jueza neg\u00f3 esta posibilidad. El [&hellip;]<\/p>\n","protected":false},"author":4,"featured_media":0,"comment_status":"open","ping_status":"open","sticky":false,"template":"","format":"standard","meta":{"_monsterinsights_skip_tracking":false,"_monsterinsights_sitenote_active":false,"_monsterinsights_sitenote_note":"","_monsterinsights_sitenote_category":0,"jnews-multi-image_gallery":[],"jnews_single_post":{"format":"standard"},"jnews_primary_category":[],"_joinchat":[],"footnotes":""},"categories":[58],"tags":[71,147],"class_list":["post-18235","post","type-post","status-publish","format-standard","hentry","category-noticiariachuelo","tag-de-la-tierra","tag-habitat"],"_links":{"self":[{"href":"http:\/\/fmriachuelo.it10.com.ar\/index.php\/wp-json\/wp\/v2\/posts\/18235","targetHints":{"allow":["GET"]}}],"collection":[{"href":"http:\/\/fmriachuelo.it10.com.ar\/index.php\/wp-json\/wp\/v2\/posts"}],"about":[{"href":"http:\/\/fmriachuelo.it10.com.ar\/index.php\/wp-json\/wp\/v2\/types\/post"}],"author":[{"embeddable":true,"href":"http:\/\/fmriachuelo.it10.com.ar\/index.php\/wp-json\/wp\/v2\/users\/4"}],"replies":[{"embeddable":true,"href":"http:\/\/fmriachuelo.it10.com.ar\/index.php\/wp-json\/wp\/v2\/comments?post=18235"}],"version-history":[{"count":1,"href":"http:\/\/fmriachuelo.it10.com.ar\/index.php\/wp-json\/wp\/v2\/posts\/18235\/revisions"}],"predecessor-version":[{"id":23473,"href":"http:\/\/fmriachuelo.it10.com.ar\/index.php\/wp-json\/wp\/v2\/posts\/18235\/revisions\/23473"}],"wp:attachment":[{"href":"http:\/\/fmriachuelo.it10.com.ar\/index.php\/wp-json\/wp\/v2\/media?parent=18235"}],"wp:term":[{"taxonomy":"category","embeddable":true,"href":"http:\/\/fmriachuelo.it10.com.ar\/index.php\/wp-json\/wp\/v2\/categories?post=18235"},{"taxonomy":"post_tag","embeddable":true,"href":"http:\/\/fmriachuelo.it10.com.ar\/index.php\/wp-json\/wp\/v2\/tags?post=18235"}],"curies":[{"name":"wp","href":"https:\/\/api.w.org\/{rel}","templated":true}]}}