{"id":18234,"date":"2015-05-27T09:00:00","date_gmt":"2015-05-27T09:00:00","guid":{"rendered":"http:\/\/fmriachuelo.observatorioess.org.ar\/index.php\/2015\/05\/27\/confederacion-de-trabajadores-de-la-economia-popular-ctep-montan-carpa\/"},"modified":"2025-03-31T13:36:12","modified_gmt":"2025-03-31T16:36:12","slug":"confederacion-de-trabajadores-de-la-economia-popular-ctep-montan-carpa","status":"publish","type":"post","link":"http:\/\/fmriachuelo.it10.com.ar\/index.php\/2015\/05\/27\/confederacion-de-trabajadores-de-la-economia-popular-ctep-montan-carpa\/","title":{"rendered":"CONFEDERACI\u00d3N DE TRABAJADORES DE LA ECONOM\u00cdA POPULAR, CTEP, MONTAN CARPA"},"content":{"rendered":"<p><span style=\"color: red;font-family: Verdana, sans-serif;font-size: large\"><strong>TRABAJO DIGNO: \u00a1NI ESCLAVOS NI EXCLUIDOS!<\/strong><\/span><br \/><span style=\"font-family: Verdana, sans-serif\">Difundimos comunicado Confederaci\u00f3n de Trabajadores de la Econom\u00eda Popular<\/span><\/p>\n<div style=\"clear: both;text-align: justify\"><a href=\"http:\/\/2.bp.blogspot.com\/-IBHtdS0e2fI\/VWUlHlk3BHI\/AAAAAAAAEe8\/RQ7Bb9V7SnI\/s1600\/315958_258891770813927_100000793184215_653247_731960630_n.jpg\" style=\"clear: left;float: left;margin-bottom: 1em;margin-right: 1em\"><\/a><a href=\"http:\/\/2.bp.blogspot.com\/-IBHtdS0e2fI\/VWUlHlk3BHI\/AAAAAAAAEe8\/RQ7Bb9V7SnI\/s1600\/315958_258891770813927_100000793184215_653247_731960630_n.jpg\" style=\"clear: left;float: left;margin-bottom: 1em;margin-right: 1em\"><img loading=\"lazy\" decoding=\"async\" border=\"0\" height=\"150\" src=\"http:\/\/2.bp.blogspot.com\/-IBHtdS0e2fI\/VWUlHlk3BHI\/AAAAAAAAEe8\/RQ7Bb9V7SnI\/s200\/315958_258891770813927_100000793184215_653247_731960630_n.jpg\" width=\"200\" \/><\/a><\/div>\n<p><\/p>\n<div style=\"text-align: justify\"><span style=\"font-family: Verdana, sans-serif\"><strong>CTEP monta la \u00abCarpa por el trabajo digno\u00bb y presenta proyecto de ley de protecci\u00f3n a trabajadores de la Indumentaria<\/strong><\/span><\/div>\n<p><\/p>\n<div style=\"background: white;line-height: normal;margin: 0cm 0cm 0pt;text-align: justify\"><span style=\"font-family: Verdana, sans-serif\"><span lang=\"ES\">El mi\u00e9rcoles 27 de mayo la Confederaci\u00f3n de Trabajadores de la Econom\u00eda Popular (CTEP) movilizar\u00e1 &nbsp;desde<span style=\"background: white\">&nbsp;Av. Belgrano y Entre R\u00edos<\/span><span style=\"background: white\">&nbsp;h<\/span>asta el Congreso lugar donde montar\u00e1 la \u201cCarpa por el trabajo digno\u201d para presentar el proyecto de ley de \u00abProtecci\u00f3n integral de los trabajadores y trabajadoras de la Indumentaria\u00bb. Este proyecto surge tras la muerte de dos ni\u00f1os en un incendio de un taller clandestino de Flores.<\/span><span lang=\"ES\"><\/span><\/span><\/div>\n<div style=\"text-align: justify\"><span style=\"font-family: Verdana, sans-serif\"> <\/span><\/div>\n<div style=\"background: white;line-height: normal;margin: 0cm 0cm 0pt;text-align: justify\"><span style=\"font-family: Verdana, sans-serif\"><span lang=\"ES\">Esteban Castro, S<\/span><span lang=\"ES\">ecretario General de la CTEP dijo:&nbsp;<i>\u201cDesde la Confederaci\u00f3n tenemos una propuesta <\/i><i>para que se declare la emergencia en esta materia y avanzar en la formalizaci\u00f3n de los talleres clandestinos, como una respuesta ante la problem\u00e1tica del trabajo esclavo.\u201d<\/i><\/span><\/span><\/div>\n<div style=\"text-align: justify\"><span style=\"font-family: Verdana, sans-serif\"> <\/span><br \/><a name='more'><\/a><\/p>\n<div style=\"background: white;line-height: normal;margin: 0cm 0cm 0pt\"><span lang=\"ES\"><span style=\"font-family: Verdana, sans-serif\"><i>\u201cEn general los planteos existentes apuntan al cierre de los establecimientos, sin dar una respuesta a la necesidad laboral que lleva a los trabajadores a someterse a estas din\u00e1micas de trabajo.\u201d<\/i>&nbsp;afirman&nbsp;los compa\u00f1eros que conforman la Rama&nbsp;de la Indumentaria&nbsp;de CTEP. <!--[if !supportLineBreakNewLine]--><!--[endif]--><\/span><\/span><\/div>\n<p><span style=\"font-family: Verdana, sans-serif\"> <\/span><\/p>\n<div style=\"background: white;line-height: normal;margin: 0cm 0cm 0pt\"><span lang=\"ES\"><span style=\"font-family: Verdana, sans-serif\">Algunos de los puntos m\u00e1s importantes del proyecto de ley apuntan a la declaraci\u00f3n de la emergencia sociolaboral en la industria indumentaria; la creaci\u00f3n de un Consejo Coordinador de Trabajadores, Talleres y Comercializadores de la Indumentaria que tendr\u00e1 como tareas el registro y formalizaci\u00f3n de trabajadores de esta rama, la denuncia ante la justicia de trata laboral y la protecci\u00f3n y garant\u00eda de sus derechos.<\/span><\/span><\/div>\n<p><span style=\"font-family: Verdana, sans-serif\"> <\/span><\/p>\n<div align=\"center\" style=\"background: white;line-height: normal;margin: 0cm 0cm 0pt;text-align: center\"><span lang=\"ES\"><span style=\"font-family: Verdana, sans-serif\"><strong>! Ni Esclavos, Ni Excluidos!<\/strong><\/span><\/span><\/div>\n<p><span style=\"font-family: Verdana, sans-serif\"><strong> <\/strong><\/span><\/p>\n<div align=\"center\" style=\"background: white;line-height: normal;margin: 0cm 0cm 0pt;text-align: center\"><span lang=\"ES\"><span style=\"font-family: Verdana, sans-serif\"><strong>! Sin poder Popular, No Hay Justicia Social!<\/strong><\/span><\/span><\/div>\n<div align=\"center\" style=\"background: white;line-height: normal;margin: 0cm 0cm 0pt;text-align: center\"><span lang=\"ES\"><span style=\"font-family: Verdana, sans-serif\"><\/span><\/span>&nbsp;<\/div>\n<div style=\"background: white;line-height: normal;margin: 0cm 0cm 0pt;text-align: justify\"><span lang=\"ES\"><span style=\"font-family: Verdana, sans-serif\">Contactos:Gabriela 1132669917 &#8211; Federico 2215368063<\/span>&nbsp;<\/span>&nbsp;<\/div>\n<p><span lang=\"ES\"><\/span><\/p>\n<div align=\"center\" style=\"background: white;line-height: normal;margin: 0cm 0cm 0pt;text-align: center\"><span lang=\"ES\"><span style=\"font-size: small\">&nbsp;<\/span><\/span><\/div>\n<p><span lang=\"ES\"><span style=\"font-family: Verdana, sans-serif\"><\/p>\n<div style=\"background: white;line-height: normal;margin: 0cm 0cm 0pt;text-align: justify\"><span style=\"font-size: small\"><strong>El&nbsp;proyecto de ley y antecedentes<\/strong>&nbsp;<\/span><\/div>\n<p><\/span><span style=\"font-family: Verdana, sans-serif\"><\/p>\n<div style=\"background: white;line-height: normal;margin: 0cm 0cm 0pt;text-align: justify\"><span style=\"font-family: Times New Roman;font-size: small\"> <\/span><\/div>\n<p><\/span><\/p>\n<div style=\"background: white;line-height: normal;margin: 0cm 0cm 0pt;text-align: justify\"><span style=\"font-size: small\"><span style=\"font-family: Verdana\">Este mi\u00e9rcoles se presentar\u00e1 en el Co<br \/>\nngreso de la Naci\u00f3n un Proyecto de Ley por la \u201cProtecci\u00f3n integral de los trabajadores y talleres de la industria textil\u201d. La iniciativa estar\u00e1 acompa\u00f1ada de la instalaci\u00f3n de una carpa \u201cPor el trabajo digno\u201d frente al edificio legislativo durante tres d\u00edas.<\/p>\n<p>La Confederaci\u00f3n de Trabajadores de la Econom\u00eda Popular (CTEP) es la impulsora del proyecto que se decidi\u00f3 elaborar y presentar a partir del incendio sucedido hace algunas semanas en un taller clandestino de la Ciudad de Buenos Aires que provoc\u00f3 la muerte de dos menores de edad.<\/p>\n<p>A diferencia de quienes, por un lado, permiten el funcionamiento de estos talleres ilegales mediante coimas y actos de corrupci\u00f3n y, por otro, aquellas personas que plantean el cierre de estos lugares de trabajo sin dar respuesta a las y los trabajadores que all\u00ed se encuentran, la CTEP busca darle una resoluci\u00f3n integral del problema.<\/p>\n<p>El proyecto de ley plantea en primer lugar declarar \u201cla Emergencia Socio-Laboral en la Industria de la Indumentaria\u201d. A partir de all\u00ed crear bajo la \u00f3rbita del Ministerio de Trabajo Empleo y Seguridad Social un \u201cConsejo Coordinador de Trabajadores, Talleres y Comercializadores de la Indumentaria en Situaci\u00f3n de Riesgo Sociolaboral\u201d. Este nuevo organismo \u201cestar\u00e1 presidido por un representante del ejecutivo nacional e integrado por representantes empresarios, sindicales y sociales conforme lo establezca la reglamentaci\u00f3n\u201d.<\/p>\n<p>Entre las tareas propuestas para este Consejo Coordinador est\u00e1 la creaci\u00f3n de un Registro de Trabajadores, Talleres y Comercializadores de la Indumentaria en Situaci\u00f3n de Riesgo Sociolaboral y la promoci\u00f3n de la inscripci\u00f3n de los talleres productivos informales y Comercializadores de Prendas Populares \u201cde todo el territorio nacional ya sea mediante su adhesi\u00f3n voluntaria o denuncias de terceros\u201d.<\/p>\n<p>Otro punto a trabajar ser\u00e1 la creaci\u00f3n de un \u201cPrograma de Formalizaci\u00f3n de trabajadores, comercializadores y talleres inscriptos en el Registro\u201d. El texto del proyecto enumera una serie de cuestiones a ser tenidas en cuenta por este programa como la necesidad de garantizar los \u201cderechos elementales del trabajo y la seguridad social como obra social, aportes jubilatorios y otros derechos utilizando todos los medios disponibles, entre otros, aquellos previstos en las leyes 25.865 (\u201cmonotributo social\u201d) y 26.940 (\u201cR\u00e9gimen de regularizaci\u00f3n impositiva, promoci\u00f3n y protecci\u00f3n del empleo registrado\u201d)\u201d.<\/p>\n<p>A su vez se promueve la implementaci\u00f3n de \u201cmecanismos de auditoria y precios m\u00ednimos por pieza confeccionada para marcas registradas que garanticen el trabajo digno de todos los actores de la cadena de valor en la industria de la indumentaria\u201d.<\/p>\n<p>Finalmente se apunta la necesidad de instrumentar subsidios, incentivos y otros mecanismos para \u201csostener los precios de las prendas populares sin marca registrada en el proceso de formalizaci\u00f3n progresiva que se defina por v\u00eda reglamentaria\u201d.<\/p>\n<p>El proyecto de ley busca contemplar a los trabajadores de la indumentaria en situaci\u00f3n de riesgo y vulnerabilidad socio laboral, a los talleres productivos informales y a quienes comercializan prendas populares lo cual es entendido como \u201cunidades econ\u00f3micas como mercados, ferias, vendedores ambulantes, etc. que distribuyan prendas populares\u201d.<\/p>\n<p>Este mi\u00e9rcoles a las 17 horas se realizar\u00e1 el acto de presentaci\u00f3n del proyecto frente al Congreso Nacional y durante los siguientes d\u00edas en una carpa instalada frente al mismo se desarrollar\u00e1n actividades pol\u00edticas y culturales para mostrar el acompa\u00f1amiento a esta iniciativa legislativa.<\/p>\n<p>Adem\u00e1s de la CTEP apoyan este proyecto el Movimiento de Trabajadores Excluidos (MTE), el Movimiento Evita, Patria Grande y el Movimiento Popular La Dignidad, entre otros.<\/span><\/p>\n<p><span style=\"color: blue;font-family: Verdana, sans-serif\">Fuente: CTEP Argentina, Periodismo Popular, Producci\u00f3n Riachuelo<\/span><\/span><\/div>\n<p><span lang=\"ES\"><\/p>\n<div style=\"background: white;line-height: normal;margin: 0cm 0cm 0pt;text-align: justify\"><span style=\"font-size: small\"><\/span>&nbsp;<\/div>\n<div style=\"background: white;line-height: normal;margin: 0cm 0cm 0pt;text-align: justify\"><span style=\"font-size: small\"><\/span>&nbsp;<\/div>\n<p><span style=\"font-family: Verdana, sans-serif\"><\/p>\n<div style=\"background: white;line-height: normal;margin: 0cm 0cm 0pt;text-align: justify\"><span style=\"font-size: small\"><\/span>&nbsp;<\/div>\n<div style=\"background: white;line-height: normal;margin: 0cm 0cm 0pt;text-align: justify\"><strong><span style=\"font-size: small\">&nbsp;<\/span><\/strong><\/div>\n<p>&nbsp;<\/span><\/span><span style=\"font-family: Verdana, sans-serif\"><\/p>\n<div style=\"background: white;line-height: normal;margin: 0cm 0cm 0pt;text-align: justify\"><\/div>\n<p><span style=\"font-family: Times New Roman;font-size: small\"> <\/span><\/p>\n<div align=\"center\" style=\"background: white;line-height: normal;margin: 0cm 0cm 0pt;text-align: center\"><span style=\"font-family: Times New Roman;font-size: small\"> <\/span><\/div>\n<p><\/span><span style=\"font-family: Verdana, sans-serif\"><\/p>\n<div align=\"center\" style=\"background: white;line-height: normal;margin: 0cm 0cm 0pt;text-align: center\">&nbsp;<\/div>\n<p><\/span><\/p>\n<div align=\"center\" style=\"background: white;line-height: normal;margin: 0cm 0cm 0pt;text-align: center\">&nbsp;<\/div>\n<p><\/span><\/p>\n<div align=\"center\" style=\"background: white;line-height: normal;margin: 0cm 0cm 0pt;text-align: center\">&nbsp;<\/div>\n<\/div>\n","protected":false},"excerpt":{"rendered":"<p>TRABAJO DIGNO: \u00a1NI ESCLAVOS NI EXCLUIDOS!Difundimos comunicado Confederaci\u00f3n de Trabajadores de la Econom\u00eda Popular CTEP monta la \u00abCarpa por el trabajo digno\u00bb y presenta proyecto de ley de protecci\u00f3n a trabajadores de la Indumentaria El mi\u00e9rcoles 27 de mayo la Confederaci\u00f3n de Trabajadores de la Econom\u00eda Popular (CTEP) movilizar\u00e1 &nbsp;desde&nbsp;Av. Belgrano y Entre R\u00edos&nbsp;hasta el [&hellip;]<\/p>\n","protected":false},"author":4,"featured_media":0,"comment_status":"open","ping_status":"open","sticky":false,"template":"","format":"standard","meta":{"_monsterinsights_skip_tracking":false,"_monsterinsights_sitenote_active":false,"_monsterinsights_sitenote_note":"","_monsterinsights_sitenote_category":0,"jnews-multi-image_gallery":[],"jnews_single_post":{"format":"standard"},"jnews_primary_category":[],"_joinchat":[],"footnotes":""},"categories":[58],"tags":[154,86,148],"class_list":["post-18234","post","type-post","status-publish","format-standard","hentry","category-noticiariachuelo","tag-economia-popular-2","tag-noti-ctep","tag-trabajo"],"_links":{"self":[{"href":"http:\/\/fmriachuelo.it10.com.ar\/index.php\/wp-json\/wp\/v2\/posts\/18234","targetHints":{"allow":["GET"]}}],"collection":[{"href":"http:\/\/fmriachuelo.it10.com.ar\/index.php\/wp-json\/wp\/v2\/posts"}],"about":[{"href":"http:\/\/fmriachuelo.it10.com.ar\/index.php\/wp-json\/wp\/v2\/types\/post"}],"author":[{"embeddable":true,"href":"http:\/\/fmriachuelo.it10.com.ar\/index.php\/wp-json\/wp\/v2\/users\/4"}],"replies":[{"embeddable":true,"href":"http:\/\/fmriachuelo.it10.com.ar\/index.php\/wp-json\/wp\/v2\/comments?post=18234"}],"version-history":[{"count":1,"href":"http:\/\/fmriachuelo.it10.com.ar\/index.php\/wp-json\/wp\/v2\/posts\/18234\/revisions"}],"predecessor-version":[{"id":23474,"href":"http:\/\/fmriachuelo.it10.com.ar\/index.php\/wp-json\/wp\/v2\/posts\/18234\/revisions\/23474"}],"wp:attachment":[{"href":"http:\/\/fmriachuelo.it10.com.ar\/index.php\/wp-json\/wp\/v2\/media?parent=18234"}],"wp:term":[{"taxonomy":"category","embeddable":true,"href":"http:\/\/fmriachuelo.it10.com.ar\/index.php\/wp-json\/wp\/v2\/categories?post=18234"},{"taxonomy":"post_tag","embeddable":true,"href":"http:\/\/fmriachuelo.it10.com.ar\/index.php\/wp-json\/wp\/v2\/tags?post=18234"}],"curies":[{"name":"wp","href":"https:\/\/api.w.org\/{rel}","templated":true}]}}