{"id":18233,"date":"2015-05-27T14:07:00","date_gmt":"2015-05-27T14:07:00","guid":{"rendered":"http:\/\/fmriachuelo.observatorioess.org.ar\/index.php\/2015\/05\/27\/juana-azurduy-mas-viva-que-nunca\/"},"modified":"2025-03-31T13:37:09","modified_gmt":"2025-03-31T16:37:09","slug":"juana-azurduy-mas-viva-que-nunca","status":"publish","type":"post","link":"http:\/\/fmriachuelo.it10.com.ar\/index.php\/2015\/05\/27\/juana-azurduy-mas-viva-que-nunca\/","title":{"rendered":"JUANA AZURDUY: MAS VIVA QUE NUNCA"},"content":{"rendered":"<p><span style=\"color: red;font-family: Verdana, sans-serif;font-size: large\"><strong>LAS NUESTRAS<\/strong><\/span><\/p>\n<div style=\"clear: both;text-align: center\"><a href=\"http:\/\/2.bp.blogspot.com\/-Nopk-H9PZhY\/VWW9blQ4wUI\/AAAAAAAAEfU\/PyNGo0gO9C8\/s1600\/azurduy.jpg\" style=\"clear: left;float: left;margin-bottom: 1em;margin-right: 1em\"><img loading=\"lazy\" decoding=\"async\" border=\"0\" height=\"262\" src=\"http:\/\/2.bp.blogspot.com\/-Nopk-H9PZhY\/VWW9blQ4wUI\/AAAAAAAAEfU\/PyNGo0gO9C8\/s320\/azurduy.jpg\" width=\"320\" \/><\/a><\/div>\n<div style=\"text-align: justify\"><span style=\"font-family: Verdana, sans-serif\">El 25 de mayo de 1862 fallec\u00eda en la extrema pobreza la mujer que luch\u00f3 por la independencia y defendi\u00f3 con todas sus fuerzas las tierras del virreinato del R\u00edo de la Plata.<\/p>\n<p>(Juana Azurduy de Padilla; Chuquisaca, 1780 -Jujuy, 1862) Hero\u00edna de la independencia del Alto Per\u00fa (actual Bolivia). Descendiente de una familia mestiza, qued\u00f3 hu\u00e9rfana en edad muy temprana. Pas\u00f3 los primeros a\u00f1os de su vida en un convento de monjas de su provincia natal, la cual fue sede de la Real Audiencia de Charcas. <\/p>\n<p>Juana naci\u00f3 en Chuquisaca. Eso no era nacer en cualquier lugar ya que dicha ciudad, que tambi\u00e9n reci\u00adb\u00eda los nombres de La Plata o Charcas, era una de las m\u00e1s importantes de la Am\u00e9rica espa\u00f1ola.<\/p>\n<p>Pertenec\u00eda al Virreynato del R\u00edo de La Plata desde 1776, igual que el resto del Alto Per\u00fa, y en ella resid\u00ed\u00adan nada menos que la Universidad de San Francisco Xavier, la Audiencia y el Arzobispado.<\/p>\n<p>En los claustros de primera se formaron la mayo\u00adr\u00eda de quienes protagonizaron la historia de las inde\u00adpendencias argentina y altoperuana. Entre nuestros pr\u00f3ceres cabe nombrar nada menos que a Castelli, Moreno, Monteagudo y otros.<\/span><\/div>\n<p><span style=\"font-family: Verdana, sans-serif\"><\/span><a name='more'><\/a><span style=\"font-family: Verdana, sans-serif\"><br \/> Azurduy y su esposo Padilla se sumaron a la Revoluci\u00f3n de Chuquisaca que el 25 de mayo de 1809 destituy\u00f3 al presidente de la Real Audiencia de Charcas, en la que tuvo protagonismo Juan Antonio \u00c1lvarez de Arenales.<\/p>\n<p> Ligados con las expediciones enviadas desde Buenos Aires, al mando primero de Antonio Gonz\u00e1lez Balcarce y luego del General Manuel Belgrano, combatieron a los realistas defendiendo la zona comprendida entre Chuquisaca y las selvas que mediaban hacia Santa Cruz de la Sierra. Vio morir a sus cuatro hijos y combati\u00f3 embarazada de su quinta hija.<\/p>\n<p> Tras la derrota del Ej\u00e9rcito del Norte en la Batalla de Guaqui el 20 de junio de 1811, los realistas al mando de Jos\u00e9 Manuel de Goyeneche recuperaron el control del Alto Per\u00fa y las propiedades de los Padilla junto con las cosechas y sus ganados fueron confiscadas, siendo apresada Juana Azurduy y sus hijos, pero Padilla logr\u00f3 rescatarlos refugi\u00e1ndose en las alturas de Tarabuco.<\/p>\n<p> En 1813 Padilla y Juana Azurduy se pusieron a las \u00f3rdenes de Belgrano, nuevo jefe del Ej\u00e9rcito Auxiliar del Norte, llegando a reclutar 10.000 milicianos. Durante la Batalla de Vilcapugio, Padilla y sus milicianos debieron transportar la artiller\u00eda sin participar en el combate. Juana Azurduy organiz\u00f3 luego el \u00abBatall\u00f3n Leales\u00bb que particip\u00f3 en la Batalla de Ayohuma el 9 de noviembre de 1813, que signific\u00f3 el retiro de los ej\u00e9rcitos argentinos del Alto Per\u00fa. A partir de ese momento Padilla y sus milicianos se dedicaron a realizar acciones guerrilleras contra los realistas.<\/p>\n<p> Azurduy lider\u00f3 la guerrilla que atac\u00f3 el cerro de Potos\u00ed, tom\u00e1ndolo el 8 de marzo de 1816. Debido a su actuaci\u00f3n, tras el triunfo logrado en el Combate del Villar recibi\u00f3 el rango de teniente coronel por un decreto firmado por Juan Mart\u00edn de Pueyrred\u00f3n, Director Supremo de las Provincias Unidas del R\u00edo de la Plata, el 13 de agosto de 1816. Tras ello, el general Belgrano le hizo entrega simb\u00f3lica de su sable.<\/p>\n<p> El 14 de noviembre de 1816 fue herida en la Batalla de La Laguna, su marido acudi\u00f3 a rescatarla y en este acto fue herido de muerte.<\/p>\n<p> El cambio de planes militares, que abandon\u00f3 la ruta altoperuana para combatir a los realistas afincados en el Per\u00fa por v\u00eda chilena, disminuy\u00f3 el apoyo log\u00edstico a la guerrilla comandada por Azurduy, que se repleg\u00f3 hacia el sur, uni\u00e9ndose finalmente a Mart\u00edn Miguel de G\u00fcemes. A la muerte de G\u00fcemes, en 1821, se vio reducida a la pobreza.<\/p>\n<p> En 1825, el Libertador Sim\u00f3n Bol\u00edvar, luego de visitarla y ver la condici\u00f3n miserable en que viv\u00eda, avergonzado la ascendi\u00f3 al grado de Coronel y le otorg\u00f3 una pensi\u00f3n.<\/p>\n<p> Pas\u00f3 varios a\u00f1os en Salta solicitando al gobierno boliviano, ya independiente, sus bienes confiscados. La pensi\u00f3n que le hab\u00edan otorgado le fue quitada en 1857 bajo el gobierno de Jos\u00e9 Mar\u00eda Linares. Muri\u00f3 indigente el d\u00eda 25 de mayo de 1862 cuando estaba por cumplir 82 a\u00f1os y fue enterrada en una fosa com\u00fan.<\/p>\n<p> Su restos fueron exhumados 100 a\u00f1os despu\u00e9s, para ser guardados en un mausoleo que se construy\u00f3 en su homenaje en la ciudad de Sucre.<\/p>\n<p> En 2009 la presidenta Cristina Fern\u00e1ndez de Kirchner ascendi\u00f3 al grado de general a Juana Azurduy, la primera mujer en ingresar al Ej\u00e9rcito argentino.<\/span><br \/><span style=\"font-family: Verdana, sans-serif\"><br \/><span style=\"color: blue\">Fuente: Secret. Comunicac de la Naci\u00f3n, Producci\u00f3n Riachuelo<\/span><\/span><\/p>\n","protected":false},"excerpt":{"rendered":"<p>LAS NUESTRAS El 25 de mayo de 1862 fallec\u00eda en la extrema pobreza la mujer que luch\u00f3 por la independencia y defendi\u00f3 con todas sus fuerzas las tierras del virreinato del R\u00edo de la Plata. (Juana Azurduy de Padilla; Chuquisaca, 1780 -Jujuy, 1862) Hero\u00edna de la independencia del Alto Per\u00fa (actual Bolivia). Descendiente de una [&hellip;]<\/p>\n","protected":false},"author":4,"featured_media":0,"comment_status":"open","ping_status":"open","sticky":false,"template":"","format":"standard","meta":{"_monsterinsights_skip_tracking":false,"_monsterinsights_sitenote_active":false,"_monsterinsights_sitenote_note":"","_monsterinsights_sitenote_category":0,"jnews-multi-image_gallery":[],"jnews_single_post":{"format":"standard"},"jnews_primary_category":[],"_joinchat":[],"footnotes":""},"categories":[58],"tags":[70,72,65],"class_list":["post-18233","post","type-post","status-publish","format-standard","hentry","category-noticiariachuelo","tag-de-la-patria-grande","tag-historia-de-la-lucha-de-los-pueblos","tag-soberania"],"_links":{"self":[{"href":"http:\/\/fmriachuelo.it10.com.ar\/index.php\/wp-json\/wp\/v2\/posts\/18233","targetHints":{"allow":["GET"]}}],"collection":[{"href":"http:\/\/fmriachuelo.it10.com.ar\/index.php\/wp-json\/wp\/v2\/posts"}],"about":[{"href":"http:\/\/fmriachuelo.it10.com.ar\/index.php\/wp-json\/wp\/v2\/types\/post"}],"author":[{"embeddable":true,"href":"http:\/\/fmriachuelo.it10.com.ar\/index.php\/wp-json\/wp\/v2\/users\/4"}],"replies":[{"embeddable":true,"href":"http:\/\/fmriachuelo.it10.com.ar\/index.php\/wp-json\/wp\/v2\/comments?post=18233"}],"version-history":[{"count":1,"href":"http:\/\/fmriachuelo.it10.com.ar\/index.php\/wp-json\/wp\/v2\/posts\/18233\/revisions"}],"predecessor-version":[{"id":23475,"href":"http:\/\/fmriachuelo.it10.com.ar\/index.php\/wp-json\/wp\/v2\/posts\/18233\/revisions\/23475"}],"wp:attachment":[{"href":"http:\/\/fmriachuelo.it10.com.ar\/index.php\/wp-json\/wp\/v2\/media?parent=18233"}],"wp:term":[{"taxonomy":"category","embeddable":true,"href":"http:\/\/fmriachuelo.it10.com.ar\/index.php\/wp-json\/wp\/v2\/categories?post=18233"},{"taxonomy":"post_tag","embeddable":true,"href":"http:\/\/fmriachuelo.it10.com.ar\/index.php\/wp-json\/wp\/v2\/tags?post=18233"}],"curies":[{"name":"wp","href":"https:\/\/api.w.org\/{rel}","templated":true}]}}