{"id":18232,"date":"2015-05-27T14:19:00","date_gmt":"2015-05-27T14:19:00","guid":{"rendered":"http:\/\/fmriachuelo.observatorioess.org.ar\/index.php\/2015\/05\/27\/decreto-de-necesidad-y-urgencia-sobre-las-semillas-la-posicion-del-movimiento-nacional-campesino-indigena\/"},"modified":"2025-03-31T13:42:07","modified_gmt":"2025-03-31T16:42:07","slug":"decreto-de-necesidad-y-urgencia-sobre-las-semillas-la-posicion-del-movimiento-nacional-campesino-indigena","status":"publish","type":"post","link":"http:\/\/fmriachuelo.it10.com.ar\/index.php\/2015\/05\/27\/decreto-de-necesidad-y-urgencia-sobre-las-semillas-la-posicion-del-movimiento-nacional-campesino-indigena\/","title":{"rendered":"DECRETO DE NECESIDAD Y URGENCIA SOBRE LAS SEMILLAS: LA POSICI\u00d3N DEL MOVIMIENTO NACIONAL CAMPESINO INDIGENA"},"content":{"rendered":"<div style=\"text-align: justify\"><span style=\"color: red;font-family: Verdana, sans-serif;font-size: large\"><strong>Semillas: La disputa es funci\u00f3n social o su subordinaci\u00f3n al capital financiero transnacional<\/strong><\/span><\/div>\n<div style=\"text-align: justify\"><a href=\"http:\/\/1.bp.blogspot.com\/-3RbYGs782pc\/VWXRuRXKWPI\/AAAAAAAAEfk\/mcZnK2I3hPA\/s1600\/semillas22may15.jpg\" style=\"clear: left;float: left;margin-bottom: 1em;margin-right: 1em\"><img loading=\"lazy\" decoding=\"async\" border=\"0\" height=\"213\" src=\"http:\/\/1.bp.blogspot.com\/-3RbYGs782pc\/VWXRuRXKWPI\/AAAAAAAAEfk\/mcZnK2I3hPA\/s320\/semillas22may15.jpg\" width=\"320\" \/><\/a><\/div>\n<div style=\"text-align: justify\"><span style=\"font-family: Verdana, sans-serif\">[22\/05\/15] <\/span><span style=\"font-family: Verdana, sans-serif\">Sorpresivamente se presenta un escenario sin debate sobre la naturaleza y la funci\u00f3n de las semillas, es decir, si como sociedad las consideramos mercanc\u00edas, mecanismos de renta para el agronegocio y el capital financiero o si son un patrimonio de los pueblos que cumple una funci\u00f3n social vital.<\/p>\n<p>En el contexto pol\u00edtico actual, nos encontramos con el anuncio de un DNU sobre semillas, que seg\u00fan se informa en los medios, seria una conquista del capital financiero y su modelo neoliberal para la agricultura.<\/p>\n<p>La ofensiva de Monsanto sobre sus propios socios del modelo de agronegocios, disputando ahora la renta sobre los granos y no solo sobre la semillas transg\u00e9nicas mediante contratos ilegales, muestra que las consecuencias de subordinar la agricultura a la tecnolog\u00eda de las corporaciones no es solo grave para los sectores populares, sino que condiciona a todos los actores de la producci\u00f3n agropecuaria.<\/span><a name='more'><\/a><span style=\"font-family: Verdana, sans-serif\"><br \/>Sin embargo, extasiados por los m\u00e1rgenes de ganancia que este modelo expoliador provoca, incluso peque\u00f1os y medianos empresarios se entregaron sin dudarlo a la l\u00f3gica del capital financiero concentrado, sacrificando la tierra, los trabajadores, y a sus hermanos de los pueblos rurales, que sufrimos las terribles consecuencias de las fumigaciones masivas, el trabajo en negro e incluso esclavo, la destrucci\u00f3n de bosques y los desalojos, y por sobre todo relegando la Soberan\u00eda Alimentaria.<\/p>\n<p>Ceder a la presi\u00f3n de las corporaciones y aceptar la propiedad intelectual sobre semillas, en un contexto donde las empresas transnacionales son quienes controlan mas del 90% de esa tecnolog\u00eda, as\u00ed como todos los eslabones de esa cadena (insumos, servicios, comercio global, mecanismos financieros) es retroceder en Soberan\u00eda.<\/p>\n<p>Los campesinos ind\u00edgenas y agricultores familiares no reconocemos, ni reconoceremos la propiedad intelectual sobre el material gen\u00e9tico que durante miles de a\u00f1os hemos mejorado y desarrollado colectivamente. Las semillas son patrimonio de los pueblos al servicio de la humanidad.<\/p>\n<p>El uso propio es un derecho inalienable para los campesinos ind\u00edgenas y agricultores familiares, y para ejercerlo no necesitamos estar en ning\u00fan tipo de registro, ni ser tratados como excepciones a ninguna normativa.<\/p>\n<p>Cualquier tipo de regulaci\u00f3n sobre las semillas, deber\u00e1 ser dirigida exclusivamente hacia el espectro de la cadena de agronegocios, sin afectar los derechos de los campesinos ind\u00edgenas y agricultores familiares. Porque claramente \u00e9sta es la trampa en la que pretenden meternos las corporaciones: imponer sus negocios ileg\u00edtimos para arrebatar los derechos de nuestro pueblo a producir sus propias semillas. Luego seremos todos los agricultores sospechados de delincuentes por no aparecer en un registro de las corporaciones.<\/p>\n<p>Quienes est\u00e1n en el marco de la l\u00f3gica del capital especulativo son buitres de la agricultura, no son agricultores, ni grandes ni chicos, y es necesario diferenciar claramente, las pol\u00edticas regulatorias que debe aplicarse a ese sector, de las pol\u00edticas de promoci\u00f3n y fortalecimiento que requerimos campesinos, ind\u00edgenas y agricultores familiares, \u00fanicos garantes de la Soberan\u00eda Alimentaria.<\/p>\n<p>\u00a1En defensa de nuestras semillas, patrimonios de los pueblos al servicio de la humanidad!<\/p>\n<p>Contactos:<br \/>Deolinda Carrizo +5493844408668<br \/>Diego Monton +5492615615062<\/span><\/p>\n<div style=\"text-align: justify\"><span style=\"color: blue;font-family: Verdana, sans-serif\">&nbsp;<\/span><\/div>\n<div style=\"text-align: justify\"><span style=\"color: blue;font-family: Verdana, sans-serif\">Fuente: MNCI, Producci\u00f3n Riachuelo<\/span><\/div>\n<\/div>\n","protected":false},"excerpt":{"rendered":"<p>Semillas: La disputa es funci\u00f3n social o su subordinaci\u00f3n al capital financiero transnacional [22\/05\/15] Sorpresivamente se presenta un escenario sin debate sobre la naturaleza y la funci\u00f3n de las semillas, es decir, si como sociedad las consideramos mercanc\u00edas, mecanismos de renta para el agronegocio y el capital financiero o si son un patrimonio de los [&hellip;]<\/p>\n","protected":false},"author":4,"featured_media":0,"comment_status":"open","ping_status":"open","sticky":false,"template":"","format":"standard","meta":{"_monsterinsights_skip_tracking":false,"_monsterinsights_sitenote_active":false,"_monsterinsights_sitenote_note":"","_monsterinsights_sitenote_category":0,"jnews-multi-image_gallery":[],"jnews_single_post":{"format":"standard"},"jnews_primary_category":[],"_joinchat":[],"footnotes":""},"categories":[58],"tags":[71,167],"class_list":["post-18232","post","type-post","status-publish","format-standard","hentry","category-noticiariachuelo","tag-de-la-tierra","tag-politica-internacional"],"_links":{"self":[{"href":"http:\/\/fmriachuelo.it10.com.ar\/index.php\/wp-json\/wp\/v2\/posts\/18232","targetHints":{"allow":["GET"]}}],"collection":[{"href":"http:\/\/fmriachuelo.it10.com.ar\/index.php\/wp-json\/wp\/v2\/posts"}],"about":[{"href":"http:\/\/fmriachuelo.it10.com.ar\/index.php\/wp-json\/wp\/v2\/types\/post"}],"author":[{"embeddable":true,"href":"http:\/\/fmriachuelo.it10.com.ar\/index.php\/wp-json\/wp\/v2\/users\/4"}],"replies":[{"embeddable":true,"href":"http:\/\/fmriachuelo.it10.com.ar\/index.php\/wp-json\/wp\/v2\/comments?post=18232"}],"version-history":[{"count":1,"href":"http:\/\/fmriachuelo.it10.com.ar\/index.php\/wp-json\/wp\/v2\/posts\/18232\/revisions"}],"predecessor-version":[{"id":23477,"href":"http:\/\/fmriachuelo.it10.com.ar\/index.php\/wp-json\/wp\/v2\/posts\/18232\/revisions\/23477"}],"wp:attachment":[{"href":"http:\/\/fmriachuelo.it10.com.ar\/index.php\/wp-json\/wp\/v2\/media?parent=18232"}],"wp:term":[{"taxonomy":"category","embeddable":true,"href":"http:\/\/fmriachuelo.it10.com.ar\/index.php\/wp-json\/wp\/v2\/categories?post=18232"},{"taxonomy":"post_tag","embeddable":true,"href":"http:\/\/fmriachuelo.it10.com.ar\/index.php\/wp-json\/wp\/v2\/tags?post=18232"}],"curies":[{"name":"wp","href":"https:\/\/api.w.org\/{rel}","templated":true}]}}