{"id":18228,"date":"2015-05-22T02:15:00","date_gmt":"2015-05-22T02:15:00","guid":{"rendered":"http:\/\/fmriachuelo.observatorioess.org.ar\/index.php\/2015\/05\/22\/no-a-la-ley-monsanto-de-semillas\/"},"modified":"2025-03-31T12:56:39","modified_gmt":"2025-03-31T15:56:39","slug":"no-a-la-ley-monsanto-de-semillas","status":"publish","type":"post","link":"http:\/\/fmriachuelo.it10.com.ar\/index.php\/2015\/05\/22\/no-a-la-ley-monsanto-de-semillas\/","title":{"rendered":"NO A LA LEY MONSANTO DE SEMILLAS"},"content":{"rendered":"<p><span style=\"color: red;font-family: Verdana, sans-serif;font-size: large\"><strong>CAMPA\u00d1A CONTRA LA NUEVA LEY MONSANTO<\/strong><\/span><br \/><strong><span style=\"color: red;font-family: Verdana;font-size: large\"><\/span><\/strong><\/p>\n<div style=\"clear: both;text-align: center\"><a href=\"http:\/\/1.bp.blogspot.com\/-8oN2cjzEgYA\/VV3b6nI-gvI\/AAAAAAAAEaM\/P2d_BL1s2oo\/s1600\/noalanuevaley-monsanto-300x300.jpg\" style=\"clear: left;float: left;margin-bottom: 1em;margin-right: 1em\"><img decoding=\"async\" border=\"0\" src=\"http:\/\/1.bp.blogspot.com\/-8oN2cjzEgYA\/VV3b6nI-gvI\/AAAAAAAAEaM\/P2d_BL1s2oo\/s1600\/noalanuevaley-monsanto-300x300.jpg\" \/><\/a><\/div>\n<p><span style=\"font-family: Verdana, sans-serif\"><strong>Difundimos comunicado:<\/strong><\/span><\/p>\n<div align=\"justify\" lang=\"es-ES\"><span style=\"color: #1a1a1a\"><span style=\"font-family: Arial,sans-serif\">En otro acto m\u00e1s del gobierno hecho a la medida de las grandes corporaciones que hoy definen la situaci\u00f3n econ\u00f3mica, social, ambiental y alimentaria de nuestro pa\u00eds, el Gobierno Nacional declar\u00f3 en la voz de Anibal Fern\u00e1ndez la emisi\u00f3n de un Decreto de Necesidad y Urgencia (DNU) para fijar los pagos por derechos de propiedad en la semilla y crear un registro de uso propio. <\/span><\/span><\/div>\n<div align=\"justify\" lang=\"es-ES\"><span style=\"color: #1a1a1a\"><span style=\"font-family: Arial,sans-serif\">Este anunciado DNU, avanza sobre un tema que viene recibiendo las cr\u00edticas y el rechazo de cientos de organizaciones sociales, de trabajadores, de agricultores, campesinos y pueblos originarios, as\u00ed como de acad\u00e9micos y de diferentes sectores pol\u00edticos. Estos m\u00faltiples sectores resisten la apropiaci\u00f3n de los bienes comunes de la naturaleza. Porque estos \u201ceventos biotecnol\u00f3gicos\u201d sobre los que estas empresas reclaman derechos de propiedad, son una apropiaci\u00f3n de los saberes ancestrales que provienen de 10.000 a\u00f1os de agricultura. Tambi\u00e9n es importante remarcar que la semilla de soja transg\u00e9nica que origin\u00f3 la disputa es el primer eslab\u00f3n de un modelo agr\u00edcola que est\u00e1 teniendo <\/span><\/span><span style=\"color: #1a1a1a\"><span style=\"font-family: Arial,sans-serif\"><span style=\"font-size: small\"><span lang=\"es-ES\">dram\u00e1ticas consecuencias socio-ambientales a partir de la imposici\u00f3n del paquete tecnol\u00f3gico de empresas como Monsanto: dr\u00e1stica disminuci\u00f3n de la biodiversidad, desertificaci\u00f3n de nuestros suelos, contaminaci\u00f3n de suelos y acu\u00edferos con pesticidas, aumento de enfermedades letales en las poblaciones que conviven con las plantaciones y los silos, expulsi\u00f3n de la poblaci\u00f3n rural de sus territorios.<\/span><\/span><\/span><\/span><\/div>\n<div align=\"justify\" lang=\"es-ES\"><span style=\"color: #1a1a1a\"><span style=\"font-family: Arial,sans-serif\"><span style=\"font-size: small\"><span lang=\"es-ES\">&nbsp;<\/span><\/span><\/span><\/span><\/div>\n<div align=\"justify\" lang=\"es-ES\"><span style=\"color: #1a1a1a\"><span style=\"font-family: Arial,sans-serif\"><span style=\"font-size: small\"><span lang=\"es-ES\"><\/span><\/span><\/span><\/span><br \/><a name='more'><\/a><\/p>\n<div align=\"justify\" lang=\"es-ES\"><span style=\"color: #1a1a1a\"><span style=\"font-family: Arial,sans-serif\">Los anuncios realizados incluyen la creaci\u00f3n de \u201cun fideicomiso para el fomento de la biotecnolog\u00eda en el pa\u00eds a trav\u00e9s del cobro de un canon tecnol\u00f3gico\u201d y \u201cque todos los pagos por derecho de propiedad deben realizarse en la semilla, adem\u00e1s de crear un registro de uso propio\u201d. En primer lugar este proceso implica modificaciones a la Ley de Semillas vigente a trav\u00e9s de un DNU violando los debidos procesos democr\u00e1ticos para una modificaci\u00f3n de este estilo. En segundo transforma en un privilegio el uso propio de las semillas, algo que es un derecho.<\/span><\/span><\/div>\n<div align=\"justify\" lang=\"es-ES\"><span style=\"color: #10131a\"><span style=\"font-family: Arial,sans-serif\">Con la excusa de combatir la \u201cBolsa Blanca\u201d (la venta de las semillas de soja como grano por parte de productores) se plantea haber llegado a un \u201cconsenso\u201d para impulsar este DNU. Lo que se olvidan los sectores involucrados es que la \u201cBolsa Blanca\u201d ya es ilegal con la actual Ley de Semillas y fue la herramienta con la que ilegalmente se logr\u00f3 expandir la soja transg\u00e9nica a partir de 1996. El \u201cconsenso\u201d alcanzado no es tal ni representa a todos los sectores de la sociedad. Es solo el consenso del agronegocio para seguir imponiendo sus pretensiones. <\/span><\/span><\/div>\n<div align=\"justify\" lang=\"es-ES\"><span style=\"color: #1a1a1a\"><span style=\"font-family: Arial,sans-serif\">En palabras de A. Fern\u00e1ndez, el DNU viene a \u201c<\/span><\/span><span style=\"color: #10131a\"><span style=\"font-family: Arial,sans-serif\">poner un fin a tantos a\u00f1os de discusi\u00f3n\u201d (sic). <\/span><\/span><span style=\"color: #1a1a1a\"><span style=\"font-family: Arial,sans-serif\">Con la sorpresa todav\u00eda de esta noticia, las organizaciones y referentes sociales abajo firmantes, le decimos al Gobierno Nacional NO a cualquier decreto y a cualquier normativa que intente avanzar sobre la privatizaci\u00f3n de nuestros bienes comunes.<\/span><\/span><\/div>\n<div align=\"justify\" lang=\"es-ES\"><span style=\"color: #1a1a1a\"><span style=\"font-family: Arial,sans-serif\"><\/span><\/span>&nbsp;<\/div>\n<p><span style=\"color: #1a1a1a\"><\/span><\/p>\n<div align=\"center\" lang=\"es-ES\"><span style=\"color: #1a1a1a\"><span style=\"color: #1a1a1a\"><b><span style=\"font-family: Verdana, sans-serif;font-size: x-small\">Campa\u00f1a contra la Nueva Ley Monsanto de Semillas<\/span><\/b><\/span><span style=\"color: #141823\"><br \/><\/span><\/span><\/div>\n<p><span style=\"color: #1a1a1a\"><span style=\"font-family: Arial,sans-serif\"><span style=\"font-family: Verdana, sans-serif\"><\/span><\/p>\n<div lang=\"es-ES\"><span style=\"color: #141823\"><span style=\"font-family: Verdana, sans-serif;font-size: x-small\">Convocan e impulsan:<\/span><\/span><span style=\"color: #141823\"><br \/><\/span><span style=\"color: #141823\"><span style=\"font-family: Verdana, sans-serif;font-size: x-small\">Tierra Para Vivir en COB La Brecha<\/span><\/span><span style=\"color: #141823\"><br \/><\/span><span style=\"color: #141823\"><span style=\"font-family: Verdana, sans-serif;font-size: x-small\">Acci\u00f3n por la Biodiversidad<\/span><\/span><span style=\"color: #141823\"><br \/><\/span><span style=\"color: #141823\"><span style=\"font-family: Verdana, sans-serif;font-size: x-small\">GRAIN<\/span><\/span><span style=\"color: #141823\"><br \/><\/span><span style=\"color: #141823\"><span style=\"font-family: Verdana, sans-serif;font-size: x-small\">Movimiento Popular Patria Grande<br \/> Unidad Popular<\/span><\/span><span style=\"color: #141823\"><br \/><\/span><span style=\"color: #141823\"><span style=\"font-family: Verdana, sans-serif;font-size: x-small\">Equipo de Educaci\u00f3n Popular Pa\u00f1uelos en Rebeld\u00eda<\/span><\/span><span style=\"color: #141823\"><br \/><\/span><span style=\"color: #141823\"><span style=\"font-family: Verdana, sans-serif;font-size: x-small\">MULCS \u2013 Movimiento por la Unidad Latinoamericana y el Cambio Social<\/span><\/span><span style=\"color: #141823\"><br \/><\/span><span style=\"color: #141823\"><span style=\"font-family: Verdana, sans-serif;font-size: x-small\">RENACE<\/span><\/span><span style=\"color: #141823\"><br \/><\/span><span style=\"color: #141823\"><span style=\"font-family: Verdana, sans-serif;font-size: x-small\">Frente Popular Dar\u00edo Santill\u00e1n<\/span><\/span><span style=\"color: #141823\"><br \/><\/span><span style=\"color: #141823\"><span style=\"font-family: Verdana, sans-serif;font-size: x-small\">Colectivo Desde el Pie<\/span><\/span><span style=\"color: #141823\"><br \/><\/span><span style=\"color: #141823\"><span style=\"font-family: Verdana, sans-serif;font-size: x-small\">Colectivo Aymuray \u2013 Movimiento Popular La Dignidad<\/span><\/span><span style=\"color: #141823\"><br \/><\/span><span style=\"color: #141823\"><span style=\"font-family: Verdana, sans-serif;font-size: x-small\">Asociaci\u00f3n Argentina de Abogados Ambientalistas (AAdeA)<\/span><\/span><span style=\"color: #141823\"><br \/><\/span><span style=\"color: #141823\"><span style=\"font-family: Verdana, sans-serif;font-size: x-small\">Colectivo x la Igualdad en el Partido Social<\/span><\/span><span style=\"color: #141823\"><br \/><\/span><span style=\"color: #141823\"><span style=\"font-family: Verdana, sans-serif;font-size: x-small\">Visi\u00f3n Sostenible<\/span><\/span><span style=\"color: #141823\"><br \/><\/span><span style=\"color: #141823\"><span style=\"font-family: Verdana, sans-serif;font-size: x-small\">Amigos de la Tierra Argentina<\/span><\/span><span style=\"color: #141823\"><br \/><\/span><span style=\"color: #141823\"><span style=\"font-family: Verdana, sans-serif;font-size: x-small\">Asociaci\u00f3n Campesinos del Valle del Conlara (San Luis)<\/span><\/span><span style=\"color: #141823\"><br \/><\/span><span style=\"color: #141823\"><span style=\"font-family: Verdana, sans-serif;font-size: x-small\">C\u00e1tedra Libre de Soberan\u00eda Alimentaria Universidad Nacional del Comahue<\/span><\/span><span style=\"color: #141823\"><br \/><\/span><span style=\"color: #141823\"><span style=\"font-family: Verdana, sans-serif;font-size: x-small\">Proyecto Sur (Pcia. de Buenos Aires)<\/span><\/span><span style=\"color: #141823\"><br \/><\/span><span style=\"color: #141823\"><span style=\"font-family: Verdana, sans-serif;font-size: x-small\">Movimiento 138 Colectivo de resistencia cultural<\/span><\/span><span style=\"color: #141823\"><br \/><\/span><span style=\"color: #141823\"><span style=\"font-family: Verdana, sans-serif;font-size: x-small\">C\u00e1tedra Libre de Soberan\u00eda Alimentaria y Agroecolog\u00eda de la Universidad Nac. de Luj\u00e1n<\/span><\/span><\/div>\n<p><span style=\"font-family: Verdana, sans-serif\"><\/span><\/p>\n<div lang=\"es-ES\"><span style=\"color: #141823\"><span style=\"font-family: Verdana, sans-serif;font-size: x-small\">ADHIEREN<\/span><\/span><\/div>\n<p><span style=\"font-family: Verdana, sans-serif\"><span style=\"color: #141823\"><span style=\"font-size: x-small\">\u2013 Acci\u00f3n Reverdeciente<\/span><\/span><\/span><span style=\"color: #141823\"><br \/><\/span><span style=\"color: #141823\"><span style=\"font-family: Verdana, sans-serif;font-size: x-small\">\u2013 Amaranto Corriente Universitaria,<\/span><\/span><span style=\"color: #141823\"><br \/><\/span><span style=\"color: #141823\"><span style=\"font-family: Verdana, sans-serif;font-size: x-small\">\u2013 Amar\u00fa La Granja Asociaci\u00f3n Civil<\/span><\/span><span style=\"color: #141823\"><br \/><\/span><span style=\"color: #141823\"><span style=\"font-family: Verdana, sans-serif;font-size: x-small\">\u2013 Asamblea \u201cBenito Ju\u00e1rez SIN Fracking\u201d<\/span><\/span><span style=\"color: #141823\"><br \/><\/span><span style=\"color: #141823\"><span style=\"font-family: Verdana, sans-serif;font-size: x-small\">\u2013 Asamblea Ciudadana Ambiental Gualeguaych\u00fa<\/span><\/span><span style=\"color: #141823\"><br \/><\/span><span style=\"color: #141823\"><span style=\"font-family: Verdana, sans-serif;font-size: x-small\">\u2013 Asamblea de la Plaza (Tucum\u00e1n)<\/span><\/span><span style=\"color: #141823\"><br \/><\/span><span style=\"color: #141823\"><span style=\"font-family: Verdana, sans-serif;font-size: x-small\">\u2013 Asamblea INICIATIVA CIUDADANA LIBRE<\/span><\/span><span style=\"color: #141823\"><br \/><\/span><span style=\"color: #141823\"><span style=\"font-family: Verdana, sans-serif;font-size: x-small\">\u2013 Asamblea Nacional Permanente en Defensa de la Tierra, el Agua y los Bienes Naturales. Uruguay<\/span><\/span><span style=\"color: #141823\"><br \/><\/span><span style=\"color: #141823\"><span style=\"font-family: Verdana, sans-serif;font-size: x-small\">\u2013 Asamblea Paren de Fumigarnos, Mar del Plata<\/span><\/span><span style=\"color: #141823\"><br \/><\/span><span style=\"color: #141823\"><span style=\"font-family: Verdana, sans-serif;font-size: x-small\">\u2013 Asamblea R\u00edo Cuarto Sin Agrot\u00f3xicos<\/span><\/span><span style=\"color: #141823\"><br \/><\/span><span style=\"color: #141823\"><span style=\"font-family: Verdana, sans-serif;font-size: x-small\">\u2013 Asamblea Socioambiental de Jun\u00edn de los Andes<\/span><\/span><span style=\"color: #141823\"><br \/><\/span><span style=\"color: #141823\"><span style=\"font-family: Verdana, sans-serif;font-size: x-small\">\u2013 Asociaci\u00f3n Alfredo Bravo<\/span><\/span><span style=\"color: #141823\"><br \/><\/span><span style=\"color: #141823\"><span style=\"font-family: Verdana, sans-serif;font-size: x-small\">\u2013 Asociaci\u00f3n Ambientalista del Partido de Escobar.<\/span><\/span><span style=\"color: #141823\"><br \/><\/span><span style=\"color: #141823\"><span style=\"font-family: Verdana, sans-serif;font-size: x-small\">\u2013 Asociaci\u00f3n Civil Hermanos de la Tierra<\/span><\/span><span style=\"color: #141823\"><br \/><\/span><span style=\"color: #141823\"><span style=\"font-family: Verdana, sans-serif;font-size: x-small\">\u2013 Asociaci\u00f3n Por el libre acceso a los r\u00edos y lagos<\/span><\/span><span style=\"color: #141823\"><br \/><\/span><span style=\"color: #141823\"><span style=\"font-family: Verdana, sans-serif;font-size: x-small\">\u2013 ATTAC \u2013 Argentina<\/span><\/span><span style=\"color: #141823\"><br \/><\/span><span style=\"color: #141823\"><span style=\"font-family: Verdana, sans-serif;font-size: x-small\">\u2013 Autoconvocados por los Derechos Humanos de los Enfermos de HIV (ADDHHES).<\/span><\/span><span style=\"color: #141823\"><br \/><\/span><span style=\"color: #141823\"><span style=\"font-family: Verdana, sans-serif;font-size: x-small\">\u2013 Autodeterminaci\u00f3n y libertad (AyL)<\/span><\/span><span style=\"color: #141823\"><br \/><\/span><span style=\"color: #141823\"><span style=\"font-family: Verdana, sans-serif;font-size: x-small\">\u2013 Bachillerato popular Agust\u00edn Tosco<\/span><\/span><span style=\"color: #141823\"><br \/><\/span><span style=\"color: #141823\"><span style=\"font-family: Verdana, sans-serif;font-size: x-small\">\u2013 CALISA Agronom\u00eda UBA<\/span><\/span><span style=\"color: #141823\"><br \/><\/span><span style=\"color: #141823\"><span style=\"font-family: Verdana, sans-serif;font-size: x-small\">\u2013 C\u00e1tedra Abierta de Soberan\u00eda Alimentaria \u2013 FCSySS \u2013 UNMDP,<\/span><\/span><span style=\"color: #141823\"><br \/><\/span><span style=\"color: #141823\"><span style=\"font-family: Verdana, sans-serif;font-size: x-small\">\u2013 C\u00e1tedra de Extensi\u00f3n Rural de Nutrici\u00f3n Facultad de Medicina UBA<\/span><\/span><span style=\"color: #141823\"><br \/><\/span><span style=\"color: #141823\"><span style=\"font-family: Verdana, sans-serif;font-size: x-small\">\u2013 C\u00e1tedra Libre de Soberan\u00eda Alimentaria de la UNLP.<\/span><\/span><span style=\"color: #141823\"><br \/><\/span><span style=\"color: #141823\"><span style=\"font-family: Verdana, sans-serif;font-size: x-small\">\u2013 CEMIDA Centro de Militantes para la Democracia Argentina<\/span><\/span><span style=\"color: #141823\"><br \/><\/span><span style=\"color: #141823\"><span style=\"font-family: Verdana, sans-serif;font-size: x-small\">\u2013 Centro de Atenci\u00f3n Jur\u00eddico Gratuita para Productores Agropecuarios Familiares<\/span><\/span><span style=\"color: #141823\"><br \/><\/span><span style=\"color: #141823\"><span style=\"font-family: Verdana, sans-serif;font-size: x-small\">\u2013 Centro de Estudiantes de Trabajo Social \u2013 Univ Nacional de Luj\u00e1n, sede central<\/span><\/span><span style=\"color: #141823\"><br \/><\/span><span style=\"color: #141823\"><span style=\"font-family: Verdana, sans-serif;font-size: x-small\">\u2013 Centro de Estudios Hist\u00f3ricos para Latinoam\u00e9rica y el Caribe<\/span><\/span><span style=\"color: #141823\"><br \/><\/span><span style=\"color: #141823\"><span style=\"font-family: Verdana, sans-serif;font-size: x-small\">\u2013 Centro de Investigaciones del Bosque Atl\u00e1ntico<\/span><\/span><span style=\"color: #141823\"><br \/><\/span><span style=\"color: #141823\"><span style=\"font-family: Verdana, sans-serif;font-size: x-small\">\u2013 Centro de Protecci\u00f3n a la Naturaleza de Santa Fe Capital<\/span><\/span><span style=\"color: #141823\"><br \/><\/span><span style=\"color: #141823\"><span style=\"font-family: Verdana, sans-serif;font-size: x-small\">\u2013 CEPA (UNLZ)<\/span><\/span><span style=\"color: #141823\"><br \/><\/span><span style=\"color: #141823\"><span style=\"font-family: Verdana, sans-serif;font-size: x-small\">\u2013 CLUB CANNABICO S.L.<\/span><\/span><span style=\"color: #141823\"><br \/><\/span><span style=\"color: #141823\"><span style=\"font-family: Verdana, sans-serif;font-size: x-small\">\u2013 COLCIC \u2013 comisi\u00f3n de lucha contra las inundaciones y la contaminaci\u00f3n<\/span><\/span><span><br \/><\/span><span style=\"color: #141823\"><span style=\"font-family: Verdana, sans-serif;font-size: x-small\">\u2013 Colectivo Agalon Producciones<\/span><\/span><span style=\"color: #141823\"><br \/><\/span><span style=\"color: #141823\"><span style=\"font-family: Verdana, sans-serif;font-size: x-small\">\u2013 Colectivo de comunicaci\u00f3n \u201cResumen Latinoamericano\u201d<\/span><\/span><span style=\"color: #141823\"><br \/><\/span><span style=\"color: #141823\"><span style=\"font-family: Verdana, sans-serif;font-size: x-small\">\u2013 Colectivo Editorial \u201cHerramienta\u201d.<\/span><\/span><span style=\"color: #141823\"><br \/><\/span><span style=\"color: #141823\"><span style=\"font-family: Verdana, sans-serif;font-size: x-small\">\u2013 Colectivo Sauce de Lucha por la Tierra (Uruguay)<\/span><\/span><span style=\"color: #141823\"><br \/><\/span><span style=\"color: #141823\"><span style=\"font-family: Verdana, sans-serif;font-size: x-small\">\u2013 Colectivo Tinta Verde (La Plata)<\/span><\/span><span style=\"color: #141823\"><br \/><\/span><span style=\"color: #141823\"><span style=\"font-family: Verdana, sans-serif;font-size: x-small\">\u2013 Colectivo Voces de Am\u00e9rica (Uruguay)<\/span><\/span><span style=\"color: #141823\"><br \/><\/span><span style=\"color: #141823\"><span style=\"font-family: Verdana, sans-serif;font-size: x-small\">\u2013 Colectivo Voces del Sur (Uruguay)<\/span><\/span><span style=\"color: #141823\"><br \/><\/span><span style=\"color: #141823\"><span style=\"font-family: Verdana, sans-serif;font-size: x-small\">\u2013 Comit\u00e9 de Desarrollo Rural de Alumin\u00e9 (CODRA)<\/span><\/span><span style=\"color: #141823\"><br \/><\/span><span style=\"color: #141823\"><span style=\"font-family: Verdana, sans-serif;font-size: x-small\">\u2013 Conciencia Solidaria<\/span><\/span><span style=\"color: #141823\"><br \/><\/span><span style=\"color: #141823\"><span style=\"font-family: Verdana, sans-serif;font-size: x-small\">\u2013 Confederaci\u00f3n Mapuche de Neuqu\u00e9n<\/span><\/span><span style=\"color: #141823\"><br \/><\/span><span style=\"color: #141823\"><span style=\"font-family: Verdana, sans-serif;font-size: x-small\">\u2013 Cooperativa de Trabajo Iriarte Verde<\/span><\/span><span style=\"color: #141823\"><br \/><\/span><span style=\"color: #141823\"><span style=\"font-family: Verdana, sans-serif;font-size: x-small\">\u2013 Corriente Nacional por la Unidad Popular<\/span><\/span><span style=\"color: #141823\"><br \/><\/span><span style=\"color: #141823\"><span style=\"font-family: Verdana, sans-serif;font-size: x-small\">\u2013 Corriente Nuestroamericana de Trabajadores 19 de Diciembre<\/span><\/span><span style=\"color: #141823\"><br \/><\/span><span style=\"color: #141823\"><span style=\"font-family: Verdana, sans-serif;font-size: x-small\">\u2013 CTD An\u00edbal Ver\u00f3n<\/span><\/span><span style=\"color: #141823\"><br \/><\/span><span style=\"color: #141823\"><span style=\"font-family: Verdana, sans-serif;font-size: x-small\">\u2013 Departamento Socioambiental \u201cChico Mendes\u201d \u2013 UnTER (Rio Negro)<\/span><\/span><span style=\"color: #141823\"><br \/><\/span><span style=\"color: #141823\"><span style=\"font-family: Verdana, sans-serif;font-size: x-small\">\u2013 Di\u00e1logo 2000 \u2013 Jubileo Sur Argentina<\/span><\/span><span style=\"color: #141823\"><br \/><\/span><span style=\"color: #141823\"><span style=\"font-family: Verdana, sans-serif;font-size: x-small\">\u2013 Eco Sitio. Villa Mar\u00eda, C\u00f3rdoba<\/span><\/span><span style=\"color: #141823\"><br \/><\/span><span style=\"color: #141823\"><span style=\"font-family: Verdana, sans-serif;font-size: x-small\">\u2013 Ecos de Saladillo<\/span><\/span><span style=\"color: #141823\"><br \/><\/span><span style=\"color: #141823\"><span style=\"font-family: Verdana, sans-serif;font-size: x-small\">\u2013 Ecosalud Tucum\u00e1n<\/span><\/span><span style=\"color: #141823\"><br \/><\/span><span style=\"color: #141823\"><span style=\"font-family: Verdana, sans-serif;font-size: x-small\">\u2013 Espacio CUCOCO \u2013 La Huerta de Saavedra<\/span><\/span><span style=\"color: #141823\"><br \/><\/span><span style=\"color: #141823\"><span style=\"font-family: Verdana, sans-serif;font-size: x-small\">\u2013 FM 96.9 de Sierra de la Ventana, Radio Comunitaria del Vag\u00f3n<\/span><\/span><span style=\"color: #141823\"><br \/><\/span><span style=\"color: #141823\"><span style=\"font-family: Verdana, sans-serif;font-size: x-small\">\u2013 Foro Ambientalista Santiago del Estero \u2013 Capital<\/span><\/span><span style=\"color: #141823\"><br \/><\/span><span style=\"color: #141823\"><span style=\"font-family: Verdana, sans-serif;font-size: x-small\">\u2013 Foro Ciudadano para la Democracia de Neuqu\u00e9n<\/span><\/span><span style=\"color: #141823\"><br \/><\/span><span style=\"color: #141823\"><span style=\"font-family: Verdana, sans-serif;font-size: x-small\">\u2013 Foro en Defensa del R\u00edo de la Plata, la Salud y el Medio Ambiente.<\/span><\/span><span style=\"color: #141823\"><br \/><\/span><span style=\"color: #141823\"><span style=\"font-family: Verdana, sans-serif;font-size: x-small\">\u2013 Foro Waj Mapu Chajar\u00ed, Entre R\u00edos<\/span><\/span><span style=\"color: #141823\"><br \/><\/span><span style=\"color: #141823\"><span style=\"font-family: Verdana, sans-serif;font-size: x-small\">\u2013 Fundaci\u00f3n ECOSUR, Ecolog\u00eda, Cultura y Educaci\u00f3n desde los Pueblos del Sur<\/span><\/span><span style=\"color: #141823\"><br \/><\/span><span style=\"color: #141823\"><span style=\"font-family: Verdana, sans-serif;font-size: x-small\">\u2013 Fundaci\u00f3n Investigaci\u00f3n y Defensa Legal Argentina (FIDELA).<\/span><\/span><span style=\"color: #141823\"><br \/><\/span><span style=\"color: #141823\"><span style=\"font-family: Verdana, sans-serif;font-size: x-small\">\u2013 Fundaci\u00f3n Proyecto Pereyra<\/span><\/span><span style=\"color: #141823\"><br \/><\/span><span style=\"color: #141823\"><span style=\"font-family: Verdana, sans-serif;font-size: x-small\">\u2013 Fundaci\u00f3n Vertientes Saldan<\/span><\/span><span style=\"color: #141823\"><br \/><\/span><span style=\"color: #141823\"><span style=\"font-family: Verdana, sans-serif;font-size: x-small\">\u2013 Grupo de Ecolog\u00eda Pol\u00edtica Comunidades y Derechos, Instituto de Investigaciones Gino Germani, FCS-UBA.<\/span><\/span><span style=\"color: #141823\"><br \/><\/span><span style=\"color: #141823\"><span style=\"font-family: Verdana, sans-serif;font-size: x-small\">\u2013 Grupo de estudi\u00f3s sobre America Latina (GEAL)<\/span><\/span><span style=\"color: #141823\"><br \/><\/span><span style=\"color: #141823\"><span style=\"font-family: Verdana, sans-serif;font-size: x-small\">\u2013 Grupo OLIMAR PIRI (Tolder\u00eda del Olimar)<\/span><\/span><span style=\"color: #141823\"><br \/><\/span><span style=\"color: #141823\"><span style=\"font-family: Verdana, sans-serif;font-size: x-small\">\u2013 INCLUIR Instituto para la Inclusi\u00f3n Social y el Desarrollo Humano<\/span><\/span><span style=\"color: #141823\"><br \/><\/span><span style=\"color: #141823\"><span style=\"font-family: Verdana, sans-serif;font-size: x-small\">\u2013 Isla Verde (Palomar)<\/span><\/span><span style=\"color: #141823\"><br \/><\/span><span style=\"color: #141823\"><span style=\"font-family: Verdana, sans-serif;font-size: x-small\">\u2013 Lucha contra Monsanto Rosario<\/span><\/span><span style=\"color: #141823\"><br \/><\/span><span style=\"color: #141823\"><span style=\"font-family: Verdana, sans-serif;font-size: x-small\">\u2013 MCL (Movimiento Campesino de Liberaci\u00f3n)<\/span><\/span><span style=\"color: #141823\"><br \/><\/span><span style=\"color: #141823\"><span style=\"font-family: Verdana, sans-serif;font-size: x-small\">\u2013 M\u00e9dicos del Mundo<\/span><\/span><span style=\"color: #141823\"><br \/><\/span><span style=\"color: #141823\"><span style=\"font-family: Verdana, sans-serif;font-size: x-small\">\u2013 Millones contra Monsanto<\/span><\/span><span style=\"color: #141823\"><br \/><\/span><span style=\"color: #141823\"><span style=\"font-family: Verdana, sans-serif;font-size: x-small\">\u2013 Mor\u00f3n SurCo-Huerta Agroecol\u00f3gica<\/span><\/span><span style=\"color: #141823\"><br \/><\/span><span style=\"color: #141823\"><span style=\"font-family: Verdana, sans-serif;font-size: x-small\">\u2013 Movimiento de Articulaci\u00f3n No colonialista de Bases Latinoamericanas Sociales (MANBLAS)<\/span><\/span><span style=\"color: #141823\"><br \/><\/span><span style=\"color: #141823\"><span style=\"font-family: Verdana, sans-serif;font-size: x-small\">\u2013 Movimiento Estudiantil Liberaci\u00f3n<\/span><\/span><span style=\"color: #141823\"><br \/><\/span><span style=\"color: #141823\"><span style=\"font-family: Verdana, sans-serif;font-size: x-small\">\u2013 Movimiento por la Identidad y los Derechos de los Pueblos Originarios Palestina Resiste<\/span><\/span><span style=\"color: #141823\"><br \/><\/span><span style=\"color: #141823\"><span style=\"font-family: Verdana, sans-serif;font-size: x-small\">\u2013 MPR Quebracho<\/span><\/span><span style=\"color: #141823\"><br \/><\/span><span style=\"color: #141823\"><span style=\"font-family: Verdana, sans-serif;font-size: x-small\">\u2013 Portal Confraternizarhoy<\/span><\/span><span style=\"color: #141823\"><br \/><\/span><span style=\"color: #141823\"><span style=\"font-family: Verdana, sans-serif;font-size: x-small\">\u2013 Productores Campesinos Organizados \u201clos Algarrobos\u201d de Tulumba -C\u00f3rdoba-<\/span><\/span><span style=\"color: #141823\"><br \/><\/span><span style=\"color: #141823\"><span style=\"font-family: Verdana, sans-serif;font-size: x-small\">\u2013 Programa Voces del Sur 93.7 Mhz \u2013 Rosario<\/span><\/span><span style=\"color: #141823\"><br \/><\/span><span style=\"color: #141823\"><span style=\"font-family: Verdana, sans-serif;font-size: x-small\">\u2013 PROPATAGONIA<\/span><\/span><span style=\"color: #141823\"><br \/><\/span><span style=\"color: #141823\"><span style=\"font-family: Verdana, sans-serif;font-size: x-small\">\u2013 Proyecto Allen<\/span><\/span><span style=\"color: #141823\"><br \/><\/span><span style=\"color: #141823\"><span style=\"font-family: Verdana, sans-serif;font-size: x-small\">\u2013 Proyecto CIESA (Centro de Investigaci\u00f3n y Ense\u00f1anza en Agricultura Sostenible)<\/span><\/span><span style=\"color: #141823\"><br \/><\/span><span style=\"color: #141823\"><span style=\"font-family: Verdana, sans-serif;font-size: x-small\">\u2013 PROYECTO SUR Entre R\u00edos<\/span><\/span><span style=\"color: #141823\"><br \/><\/span><span style=\"color: #141823\"><span style=\"font-family: Verdana, sans-serif;font-size: x-small\">\u2013 Radio libre comunitaria 963<\/span><\/span><span style=\"color: #141823\"><br \/><\/span><span style=\"color: #141823\"><span style=\"font-family: Verdana, sans-serif;font-size: x-small\">\u2013 RAP-AL (Red de Acci\u00f3n en Plaguicidas y sus Alternativas de Am\u00e9rica Latina)<\/span><\/span><span style=\"color: #141823\"><br \/><\/span><span style=\"color: #141823\"><span style=\"font-family: Verdana, sans-serif;font-size: x-small\">\u2013 Red de Agricultura Org\u00e1nica de Misiones.<\/span><\/span><span style=\"color: #141823\"><br \/><\/span><span style=\"color: #141823\"><span style=\"font-family: Verdana, sans-serif;font-size: x-small\">\u2013 Red de M\u00e9dicos de Pueblos Fumigados<\/span><\/span><span style=\"color: #141823\"><br \/><\/span><span style=\"color: #141823\"><span style=\"font-family: Verdana, sans-serif;font-size: x-small\">\u2013 Red de Semillas \u201cResembrando e Intercambiando\u201d<\/span><\/span><span style=\"color: #141823\"><br \/><\/span><span style=\"color: #141823\"><span style=\"font-family: Verdana, sans-serif;font-size: x-small\">\u2013 Red de Semillas Libres<\/span><\/span><span style=\"color: #141823\"><br \/><\/span><span style=\"color: #141823\"><span style=\"font-family: Verdana, sans-serif;font-size: x-small\">\u2013 Red de Solidaridad con Chiapas de Buenos Aires.<\/span><\/span><span style=\"color: #141823\"><br \/><\/span><span style=\"color: #141823\"><span style=\"font-family: Verdana, sans-serif;font-size: x-small\">\u2013 Red Latina sin fronteras, Valencia, Espa\u00f1a<\/span><\/span><span style=\"color: #141823\"><br \/><\/span><span style=\"color: #141823\"><span style=\"font-family: Verdana, sans-serif;font-size: x-small\">\u2013 REDI \u2013 Red por los derechos de las personas con discapacidad<\/span><\/span><span style=\"color: #141823\"><br \/><\/span><span style=\"color: #141823\"><span style=\"font-family: Verdana, sans-serif;font-size: x-small\">\u2013 Revista \u201cLa Resistencia\u201d (Jes\u00fas Mar\u00eda, C\u00f3rdoba)<\/span><\/span><span style=\"color: #141823\"><br \/><\/span><span style=\"color: #141823\"><span style=\"font-family: Verdana, sans-serif;font-size: x-small\">\u2013 Seminario Interdisciplinario sobre el Hambre y el Derecho a la Alimentaci\u00f3n Adecuada de la Facultad de Derecho UBA<\/span><\/span><span style=\"color: #141823\"><br \/><\/span><span style=\"color: #141823\"><span style=\"font-family: Verdana, sans-serif;font-size: x-small\">\u2013 SERPAJ Fundaci\u00f3n Servicio Paz y Justicia<\/span><\/span><span style=\"color: #141823\"><br \/><\/span><span style=\"color: #141823\"><span style=\"font-family: Verdana, sans-serif;font-size: x-small\">\u2013 Servicios a la Cultura Popular (Sercupo)<\/span><\/span><span style=\"color: #141823\"><br \/><\/span><span style=\"color: #141823\"><span style=\"font-family: Verdana, sans-serif;font-size: x-small\">\u2013 Servicios Agroecol\u00f3gicos SRL<\/span><\/span><span style=\"color: #141823\"><br \/><\/span><span style=\"color: #141823\"><span style=\"font-family: Verdana, sans-serif;font-size: x-small\">\u2013 Sociedad Ecol\u00f3gica Regional<\/span><\/span><span style=\"color: #141823\"><br \/><\/span><span style=\"color: #141823\"><span style=\"font-family: Verdana, sans-serif;font-size: x-small\">\u2013 Sonidos sin Sistemas<\/span><\/span><span style=\"color: #141823\"><br \/><\/span><span style=\"color: #141823\"><span style=\"font-family: Verdana, sans-serif;font-size: x-small\">\u2013 Taller Ecologista de Rosario<\/span><\/span><span style=\"color: #141823\"><br \/><\/span><span style=\"color: #141823\"><span style=\"font-family: Verdana, sans-serif;font-size: x-small\">\u2013 Tierra Activa. Mendoza<\/span><\/span><span style=\"color: #141823\"><br \/><\/span><span style=\"color: #141823\"><span style=\"font-family: Verdana, sans-serif;font-size: x-small\">\u2013 Uni\u00f3n Latinoamericana de T\u00e9cnicos Rurales y Agrarios (ULTeRA)<\/span><\/span><span style=\"color: #141823\"><br \/><\/span><span style=\"color: #141823\"><span style=\"font-family: Verdana, sans-serif;font-size: x-small\">\u2013 Vecinos autoconvocados de Sierra de la Ventana Bs As.<\/span><\/span><span style=\"color: #141823\"><br \/><\/span><span style=\"font-family: Verdana, sans-serif\"><span style=\"color: #141823\"><span style=\"font-size: x-small\">\u2013 Wirajhcocha (grupo de reflexi\u00f3n rural).<\/span><\/span><br \/><span style=\"color: #141823\"><span style=\"font-size: x-small\">Individuales<\/span><\/span><\/span><span style=\"color: #141823\"><br \/><\/span><span style=\"font-family: Verdana, sans-serif\"><span style=\"color: #141823\"><span style=\"font-size: x-small\">\u2013 Claudio Lozano (Diputado Nacional)<\/span><\/span><br \/><\/span><\/p>\n<div lang=\"es-ES\"><span style=\"font-size: x-small\"><span style=\"font-family: Verdana, sans-serif\"><span style=\"color: #141823\">\u2013 Victor de Gennaro (Diputado Nacional)<br \/>\u2013 Liliana Parada (Diputada Nacional MC)<br \/>\u2013 Pablo Bergel. (Legislador CABA)<br \/>\u2013 Luis Zamora (Diputado Nacional MC)<br \/>\u2013 Mariana Polti<br \/>\u2013 Germ\u00e1n Ciari<\/span><span style=\"color: #141823\">&nbsp;<\/span><\/span><\/span><span style=\"color: #141823\"><br \/><span style=\"font-family: Verdana, sans-serif;font-size: x-small\">\u2013 Aldo Casas, antrop\u00f3logo, revista Herramienta.<br \/> Mar\u00eda Eugenia Boutigue DNI 22.656.476; Diego Collins; Jorge Garc\u00e9s, Entom\u00f3logo; Mar\u00eda Elina Figueroa; Daniel Link DNI 13.711.546; Rodolfo Paramo; Carl\u00e9 Costa; Seba Ibarra (M\u00fasico); Luis Bernardo Navarrete; Rosana Leonardi; Liliana Giambelluca. Periodista; Leonela Maite; Martin Marroncle; Silvina Corbetta (UBA) Investigadora en temas de educaci\u00f3n y ambiente, docente; Gustavo \u00c1lvarez; Ver\u00f3nica Rothpflug DNI 33.545.498; Gisele Marin; Laura Ramirez; Betiana Rios Blanco; Eduardo Basz; Cristina Nagy; Paula Florencia Bertran; Candela Villarreal; Karina Maldonado (Locutora Nacional Integral ISER); Elisa Palacio; Eva Isabel Sinchicay (DNI 5 655 608); Florencia Funoll Capurro; Rossana P\u00faa; Malena Salzman (Entre Rios);Rafael Dom\u00ednguez Losada; Mar\u00eda Alejandra Forgues; Mar\u00eda Jos\u00e9 Baldoni; Paula Adamo; Elena Cedr\u00f3n; Maricel Martino; Camila Lanusse; Rodrigo Emanuel Borrul DNI 27026515, Mar\u00eda Jimena Ahumada, Cintia Cuneo; Laura Ram\u00edrez, DNI 25.878.847; Cecilia Avalos; Silvia Graciela Saavedra; Luc\u00eda Gorricho, DNI 27416406, (Educadora Popular Feminista);<\/span><\/span>&nbsp;<\/div>\n<p><\/span><\/p>\n<div align=\"justify\" lang=\"es-ES\">&nbsp;<\/div>\n<p><\/span><\/p>\n<div align=\"justify\" lang=\"es-ES\"><span style=\"color: blue;font-family: Verdana, sans-serif\">Fuente: Acciones Biodiversidad, Producci\u00f3n Riachuelo<\/span><\/div>\n<\/div>\n","protected":false},"excerpt":{"rendered":"<p>CAMPA\u00d1A CONTRA LA NUEVA LEY MONSANTO Difundimos comunicado: En otro acto m\u00e1s del gobierno hecho a la medida de las grandes corporaciones que hoy definen la situaci\u00f3n econ\u00f3mica, social, ambiental y alimentaria de nuestro pa\u00eds, el Gobierno Nacional declar\u00f3 en la voz de Anibal Fern\u00e1ndez la emisi\u00f3n de un Decreto de Necesidad y Urgencia (DNU) [&hellip;]<\/p>\n","protected":false},"author":4,"featured_media":0,"comment_status":"open","ping_status":"open","sticky":false,"template":"","format":"standard","meta":{"_monsterinsights_skip_tracking":false,"_monsterinsights_sitenote_active":false,"_monsterinsights_sitenote_note":"","_monsterinsights_sitenote_category":0,"jnews-multi-image_gallery":[],"jnews_single_post":{"format":"standard"},"jnews_primary_category":[],"_joinchat":[],"footnotes":""},"categories":[58],"tags":[71,167],"class_list":["post-18228","post","type-post","status-publish","format-standard","hentry","category-noticiariachuelo","tag-de-la-tierra","tag-politica-internacional"],"_links":{"self":[{"href":"http:\/\/fmriachuelo.it10.com.ar\/index.php\/wp-json\/wp\/v2\/posts\/18228","targetHints":{"allow":["GET"]}}],"collection":[{"href":"http:\/\/fmriachuelo.it10.com.ar\/index.php\/wp-json\/wp\/v2\/posts"}],"about":[{"href":"http:\/\/fmriachuelo.it10.com.ar\/index.php\/wp-json\/wp\/v2\/types\/post"}],"author":[{"embeddable":true,"href":"http:\/\/fmriachuelo.it10.com.ar\/index.php\/wp-json\/wp\/v2\/users\/4"}],"replies":[{"embeddable":true,"href":"http:\/\/fmriachuelo.it10.com.ar\/index.php\/wp-json\/wp\/v2\/comments?post=18228"}],"version-history":[{"count":1,"href":"http:\/\/fmriachuelo.it10.com.ar\/index.php\/wp-json\/wp\/v2\/posts\/18228\/revisions"}],"predecessor-version":[{"id":23449,"href":"http:\/\/fmriachuelo.it10.com.ar\/index.php\/wp-json\/wp\/v2\/posts\/18228\/revisions\/23449"}],"wp:attachment":[{"href":"http:\/\/fmriachuelo.it10.com.ar\/index.php\/wp-json\/wp\/v2\/media?parent=18228"}],"wp:term":[{"taxonomy":"category","embeddable":true,"href":"http:\/\/fmriachuelo.it10.com.ar\/index.php\/wp-json\/wp\/v2\/categories?post=18228"},{"taxonomy":"post_tag","embeddable":true,"href":"http:\/\/fmriachuelo.it10.com.ar\/index.php\/wp-json\/wp\/v2\/tags?post=18228"}],"curies":[{"name":"wp","href":"https:\/\/api.w.org\/{rel}","templated":true}]}}