{"id":18227,"date":"2015-05-22T02:25:00","date_gmt":"2015-05-22T02:25:00","guid":{"rendered":"http:\/\/fmriachuelo.observatorioess.org.ar\/index.php\/2015\/05\/22\/avellaneda-la-policia-reprime-protesta-de-trabajadores\/"},"modified":"2025-03-31T12:58:18","modified_gmt":"2025-03-31T15:58:18","slug":"avellaneda-la-policia-reprime-protesta-de-trabajadores","status":"publish","type":"post","link":"http:\/\/fmriachuelo.it10.com.ar\/index.php\/2015\/05\/22\/avellaneda-la-policia-reprime-protesta-de-trabajadores\/","title":{"rendered":"AVELLANEDA: LA POLIC\u00cdA REPRIME PROTESTA DE TRABAJADORES"},"content":{"rendered":"<p><span style=\"font-family: Verdana, sans-serif\"><strong><span style=\"color: red;font-size: large\">SE MOVILIZAN EN&nbsp;DEFENSA DE LA FUENTE DE TRABAJO<\/span>&nbsp;<\/strong><\/span><br \/><span style=\"font-family: Verdana, sans-serif\"><strong>Reprimieron a trabajadores de Worldcolor<\/strong><\/span><br \/><span style=\"font-family: Verdana, sans-serif\"><\/p>\n<div style=\"clear: both;text-align: center\"><strong style=\"clear: left;float: left;margin-bottom: 1em;margin-right: 1em\"><img loading=\"lazy\" decoding=\"async\" border=\"0\" height=\"155\" src=\"http:\/\/1.bp.blogspot.com\/-R8fU3UgMMk4\/VV6SlhQFxcI\/AAAAAAAAEas\/fH3Mt7FDwcs\/s320\/2-1288.jpg\" width=\"320\" \/><\/strong><\/div>\n<p>Pasado el mediodia, trabajadoras\/es de la gr\u00e1fica Worldcolor fueron reprimidos por la polic\u00eda mientras se encontraban bloqueando los portones de acceso a la fabrica Morvillo en el partido de Avellaneda en forma de protesta por los 280 despedidos. Dos trabajadoras fueron  hospitalizadas, producto del gas pimienta.<br \/><a name='more'><\/a><br \/><\/span><span style=\"font-family: Verdana, sans-serif\"><\/span><br \/><span style=\"font-family: Verdana, sans-serif\">Hoy jueves, alrededor de las 12:30 hs trabajadores\/as y despedidos\/as de la Multinacional de impresiones Quad\/Graphics  fueron reprimidos por la polic\u00eda mientras se encontraban bloqueando los portones de acceso de  la plantas Morvillo (en Avellaneda) en reclamo por los despidos que dejaron a 280 familias en la calle.  La orden de reprimir fue dada por la Jefatura departamental Lanus, a la Comisaria 2da de Avellaneda. Los efectivos arrojaron gas pimienta dejando a dos trabajadoras hospitalizadas.<\/span><br \/><span style=\"font-family: Verdana, sans-serif\">\u00bb Est\u00e1bamos en forma pac\u00edfica y a punto de comer, y en un segundo cayeron micros con infanter\u00eda, hicieron un cord\u00f3n y empezaron avanzar pateando nuestra comida, las carpas y los bombos. Les dijimos que parar\u00e1n que quer\u00edamos hablar con un responsable del operativo. Se acerc\u00f3 un polic\u00eda y nos empez\u00f3 a leer la denuncia de desalojo mientras nos empujaban. Le ped\u00ed una copia y no me la dio. La infantaria empuj\u00f3 a mis compa\u00f1eras y les echo gas pimienta en la cara\u00bb afirm\u00f3 uno de los trabajadores. <\/span><br \/><span style=\"font-family: Verdana\"><\/span><br \/><span style=\"color: blue;font-family: Verdana\">Fuente: Anred, Producci\u00f3n Riachuelo<\/span><\/p>\n","protected":false},"excerpt":{"rendered":"<p>SE MOVILIZAN EN&nbsp;DEFENSA DE LA FUENTE DE TRABAJO&nbsp;Reprimieron a trabajadores de Worldcolor Pasado el mediodia, trabajadoras\/es de la gr\u00e1fica Worldcolor fueron reprimidos por la polic\u00eda mientras se encontraban bloqueando los portones de acceso a la fabrica Morvillo en el partido de Avellaneda en forma de protesta por los 280 despedidos. Dos trabajadoras fueron hospitalizadas, producto [&hellip;]<\/p>\n","protected":false},"author":4,"featured_media":0,"comment_status":"open","ping_status":"open","sticky":false,"template":"","format":"standard","meta":{"_monsterinsights_skip_tracking":false,"_monsterinsights_sitenote_active":false,"_monsterinsights_sitenote_note":"","_monsterinsights_sitenote_category":0,"jnews-multi-image_gallery":[],"jnews_single_post":{"format":"standard"},"jnews_primary_category":[],"_joinchat":[],"footnotes":""},"categories":[58],"tags":[148,89],"class_list":["post-18227","post","type-post","status-publish","format-standard","hentry","category-noticiariachuelo","tag-trabajo","tag-violencia-institucional"],"_links":{"self":[{"href":"http:\/\/fmriachuelo.it10.com.ar\/index.php\/wp-json\/wp\/v2\/posts\/18227","targetHints":{"allow":["GET"]}}],"collection":[{"href":"http:\/\/fmriachuelo.it10.com.ar\/index.php\/wp-json\/wp\/v2\/posts"}],"about":[{"href":"http:\/\/fmriachuelo.it10.com.ar\/index.php\/wp-json\/wp\/v2\/types\/post"}],"author":[{"embeddable":true,"href":"http:\/\/fmriachuelo.it10.com.ar\/index.php\/wp-json\/wp\/v2\/users\/4"}],"replies":[{"embeddable":true,"href":"http:\/\/fmriachuelo.it10.com.ar\/index.php\/wp-json\/wp\/v2\/comments?post=18227"}],"version-history":[{"count":1,"href":"http:\/\/fmriachuelo.it10.com.ar\/index.php\/wp-json\/wp\/v2\/posts\/18227\/revisions"}],"predecessor-version":[{"id":23451,"href":"http:\/\/fmriachuelo.it10.com.ar\/index.php\/wp-json\/wp\/v2\/posts\/18227\/revisions\/23451"}],"wp:attachment":[{"href":"http:\/\/fmriachuelo.it10.com.ar\/index.php\/wp-json\/wp\/v2\/media?parent=18227"}],"wp:term":[{"taxonomy":"category","embeddable":true,"href":"http:\/\/fmriachuelo.it10.com.ar\/index.php\/wp-json\/wp\/v2\/categories?post=18227"},{"taxonomy":"post_tag","embeddable":true,"href":"http:\/\/fmriachuelo.it10.com.ar\/index.php\/wp-json\/wp\/v2\/tags?post=18227"}],"curies":[{"name":"wp","href":"https:\/\/api.w.org\/{rel}","templated":true}]}}