{"id":18226,"date":"2015-05-22T12:39:00","date_gmt":"2015-05-22T12:39:00","guid":{"rendered":"http:\/\/fmriachuelo.observatorioess.org.ar\/index.php\/2015\/05\/22\/movilizacion-en-contra-del-decreto-de-semillas\/"},"modified":"2025-03-31T13:00:29","modified_gmt":"2025-03-31T16:00:29","slug":"movilizacion-en-contra-del-decreto-de-semillas","status":"publish","type":"post","link":"http:\/\/fmriachuelo.it10.com.ar\/index.php\/2015\/05\/22\/movilizacion-en-contra-del-decreto-de-semillas\/","title":{"rendered":"MOVILIZACION EN CONTRA DEL DECRETO DE SEMILLAS"},"content":{"rendered":"<div style=\"text-align: justify\"><span style=\"color: red;font-family: Verdana, sans-serif;font-size: large\"><strong>EN CONTRA DE LA ENTREGA AL AGRONEGOCIO<\/strong><\/span><\/div>\n<p><span style=\"font-family: Verdana, sans-serif;font-size: large\"><strong>\u00abNo se atrevan a tocar nuestras semillas\u00bb<\/strong><strong><\/strong>&nbsp;<\/p>\n<div style=\"clear: both;text-align: center\"><strong style=\"clear: left;float: left;margin-bottom: 1em;margin-right: 1em\"><img decoding=\"async\" border=\"0\" src=\"http:\/\/4.bp.blogspot.com\/-7WDx1B32BUk\/VV8hIX9b3DI\/AAAAAAAAEbE\/F5Xg1g24-fI\/s1600\/fuera%2Bmonsanto.jpg\" \/><\/strong><\/div>\n<p><\/span><\/p>\n<div style=\"text-align: justify\"><span style=\"font-family: Verdana, sans-serif\">El s\u00e1bado 23 de mayo se realizar\u00e1 una protesta que se enmarca en la <strong>Jornada Mundial de Lucha contra Monsanto y el Agronegocio<\/strong>. En la Ciudad de Buenos Aires las actividades se desarrollar\u00e1n en Plaza San Mart\u00edn a partir de las 12 hs.<\/span><br \/><span style=\"font-family: Verdana, sans-serif\">Organizaciones ambientalistas, agrarias, sociales y pol\u00edticas repudian el Decreto de Necesidad y Urgencia (DNU) aprobado por el Gobierno Nacional que modifica la Ley de Semillas favoreciendo a empresas biotecnol\u00f3gicas &#8211; como Monsanto &#8211; reconoci\u00e9ndole el pago de derechos de propiedad intelectual en las semillas y crea un registro de uso propio. Denuncian que el DNU impulsa la \u00abapropiaci\u00f3n de los bienes comunes de la naturaleza que son una apropiaci\u00f3n de los saberes ancestrales que provienen de 10 mil a\u00f1os de agricultura\u00bb. Asimismo, reclaman un \u00abamplio debate p\u00fablico\u00bb colectivo sobre el tema. El pr\u00f3ximo s\u00e1bado 23 tendr\u00e1 lugar la \u00abJornada Mundial de Lucha contra Monsanto y el Agronegocio 2015\u00bb en m\u00e1s de 600 ciudades del mundo, entre ellas diferentes puntos de Argentina. En la Ciudad de Buenos Aires habr\u00e1 paneles, charlas-debate, stands tem\u00e1ticos y una marcha. <\/span><\/div>\n<p><span style=\"font-family: Verdana\"><\/span><br \/><span style=\"font-family: Verdana, sans-serif\"><strong>Programa de actividades:<\/strong> Plaza San Mart\u00edn, Retiro, CABA<\/span><br \/><span style=\"font-family: Verdana\"><\/span><a name='more'><\/a><br \/><span style=\"font-family: Verdana, sans-serif\">Desde las 12 hs. se desarrollar\u00e1n muestras de fotos, paneles informativos, intervenciones art\u00edsticas y stands tem\u00e1ticos. Hacia las 16:30 nos vamos de la Plaza marchando al grito mundial Fuera Monsanto! y compartiremos bandas en vivo hasta las 19 hs aprox.<\/p>\n<p>13Hs. 1er. PANEL: Folguera, Guillermo. Korol, Claudia. Verze\u00f1asi, Damian.<\/p>\n<p>15Hs. 2do.PANEL: Souza Javier, Viale Enrique.<\/p>\n<p>Este evento se har\u00e1 en mas de 600 ciudades del mundo, varias de de ellas de Argentina.<\/span><br \/><span style=\"font-family: Verdana, sans-serif\"><strong>Por qu\u00e9 una Jornada Mundial contra Monsanto?<\/strong><br \/>\u2022 Para que se acabe el actual modelo de producci\u00f3n basado en el cultivo de transg\u00e9nicos con uso de agrot\u00f3xicos. Este sistema de agronegocios enferma y mata a cientos de miles de seres vivos todos los d\u00edas, incluyendo a las personas.<br class=\"autobr\" \/>\u2022 Para que podamos transitar a un modelo que produzca alimentos en armon\u00eda con la naturaleza y lograr Soberan\u00eda Alimentaria.<br \/>Algunos datos:<br \/><img loading=\"lazy\" decoding=\"async\" alt=\"-\" class=\"puce\" height=\"11\" src=\"http:\/\/www.anred.org\/squelettes-dist\/puce.gif\" width=\"8\" \/>&nbsp;En los pueblos fumigados la tasa de c\u00e1ncer, beb\u00e9s con malformaciones y abortos espont\u00e1neos es m\u00e1s del doble de la media nacional. <br \/><img loading=\"lazy\" decoding=\"async\" alt=\"-\" class=\"puce\" height=\"11\" src=\"http:\/\/www.anred.org\/squelettes-dist\/puce.gif\" width=\"8\" \/>&nbsp;El 90% de los alimentos procesados contiene transg\u00e9nicos (derivados de soja y ma\u00edz modificados gen\u00e9ticamente para ser resistente al veneno). <br \/><img loading=\"lazy\" decoding=\"async\" alt=\"-\" class=\"puce\" height=\"11\" src=\"http:\/\/www.anred.org\/squelettes-dist\/puce.gif\" width=\"8\" \/>&nbsp;Se han detectado agrot\u00f3xicos en la sangre de las personas -aun de las que viven en zonas urbanas- en la orina, en la leche materna, en los alimentos y en el agua de lluvia (uno de ellos, el herbicida glifosato, ha sido recientemente catalogado por la Organizaci\u00f3n Mundial de la Salud como potencialmente cancer\u00edgeno). <br \/><img loading=\"lazy\" decoding=\"async\" alt=\"-\" class=\"puce\" height=\"11\" src=\"http:\/\/www.anred.org\/squelettes-dist\/puce.gif\" width=\"8\" \/>&nbsp;Existe connivencia entre los organismos oficiales y las corporaciones que fabrican transg\u00e9nicos y agrot\u00f3xicos. Los grandes medios de comunicaci\u00f3n tambi\u00e9n son c\u00f3mplices de este genocidio silencioso, al callar o mentir sobre la gravedad de la situaci\u00f3n respecto a la emergencia ambiental y sanitaria. <br \/><img loading=\"lazy\" decoding=\"async\" alt=\"-\" class=\"puce\" height=\"11\" src=\"http:\/\/www.anred.org\/squelettes-dist\/puce.gif\" width=\"8\" \/>&nbsp;Este modelo de producci\u00f3n conlleva adem\u00e1s de enfermedad y muerte, p\u00e9rdida de los nutrientes del suelo, p\u00e9rdida de bosques nativos y biodiversidad, muerte de abejas y otros insectos polinizadores, desplazamiento de las comunidades originarias, desertificaci\u00f3n, sequ\u00edas e inundaciones. <br \/><img loading=\"lazy\" decoding=\"async\" alt=\"-\" class=\"puce\" height=\"11\" src=\"http:\/\/www.anred.org\/squelettes-dist\/puce.gif\" width=\"8\" \/>&nbsp;Las corporaciones patentan la semilla y le niegan a los agricultores la pr\u00e1ctica milenaria del intercambio y la resiembra.<br \/>Porque la agricultura ecol\u00f3gica a gran escala es posible, venite el S\u00e1bado 23\/5 e informate!!<br \/>Capital Federal: <a href=\"https:\/\/www.facebook.com\/events\/623..\" rel=\"external\">https:\/\/www.facebook.com\/events\/623..<\/a><\/p>\n<p><span style=\"color: blue\">Fuente: Anred, Producci\u00f3n Riachuelo<\/span><\/p>\n<p>&nbsp;<\/span><\/p>\n","protected":false},"excerpt":{"rendered":"<p>EN CONTRA DE LA ENTREGA AL AGRONEGOCIO \u00abNo se atrevan a tocar nuestras semillas\u00bb&nbsp; El s\u00e1bado 23 de mayo se realizar\u00e1 una protesta que se enmarca en la Jornada Mundial de Lucha contra Monsanto y el Agronegocio. En la Ciudad de Buenos Aires las actividades se desarrollar\u00e1n en Plaza San Mart\u00edn a partir de las [&hellip;]<\/p>\n","protected":false},"author":4,"featured_media":0,"comment_status":"open","ping_status":"open","sticky":false,"template":"","format":"standard","meta":{"_monsterinsights_skip_tracking":false,"_monsterinsights_sitenote_active":false,"_monsterinsights_sitenote_note":"","_monsterinsights_sitenote_category":0,"jnews-multi-image_gallery":[],"jnews_single_post":{"format":"standard"},"jnews_primary_category":[],"_joinchat":[],"footnotes":""},"categories":[58],"tags":[71,167],"class_list":["post-18226","post","type-post","status-publish","format-standard","hentry","category-noticiariachuelo","tag-de-la-tierra","tag-politica-internacional"],"_links":{"self":[{"href":"http:\/\/fmriachuelo.it10.com.ar\/index.php\/wp-json\/wp\/v2\/posts\/18226","targetHints":{"allow":["GET"]}}],"collection":[{"href":"http:\/\/fmriachuelo.it10.com.ar\/index.php\/wp-json\/wp\/v2\/posts"}],"about":[{"href":"http:\/\/fmriachuelo.it10.com.ar\/index.php\/wp-json\/wp\/v2\/types\/post"}],"author":[{"embeddable":true,"href":"http:\/\/fmriachuelo.it10.com.ar\/index.php\/wp-json\/wp\/v2\/users\/4"}],"replies":[{"embeddable":true,"href":"http:\/\/fmriachuelo.it10.com.ar\/index.php\/wp-json\/wp\/v2\/comments?post=18226"}],"version-history":[{"count":1,"href":"http:\/\/fmriachuelo.it10.com.ar\/index.php\/wp-json\/wp\/v2\/posts\/18226\/revisions"}],"predecessor-version":[{"id":23452,"href":"http:\/\/fmriachuelo.it10.com.ar\/index.php\/wp-json\/wp\/v2\/posts\/18226\/revisions\/23452"}],"wp:attachment":[{"href":"http:\/\/fmriachuelo.it10.com.ar\/index.php\/wp-json\/wp\/v2\/media?parent=18226"}],"wp:term":[{"taxonomy":"category","embeddable":true,"href":"http:\/\/fmriachuelo.it10.com.ar\/index.php\/wp-json\/wp\/v2\/categories?post=18226"},{"taxonomy":"post_tag","embeddable":true,"href":"http:\/\/fmriachuelo.it10.com.ar\/index.php\/wp-json\/wp\/v2\/tags?post=18226"}],"curies":[{"name":"wp","href":"https:\/\/api.w.org\/{rel}","templated":true}]}}