{"id":18225,"date":"2015-05-22T12:46:00","date_gmt":"2015-05-22T12:46:00","guid":{"rendered":"http:\/\/fmriachuelo.observatorioess.org.ar\/index.php\/2015\/05\/22\/celac-ministros-se-reunen-en-quito-para-deliberar\/"},"modified":"2025-03-31T13:01:45","modified_gmt":"2025-03-31T16:01:45","slug":"celac-ministros-se-reunen-en-quito-para-deliberar","status":"publish","type":"post","link":"http:\/\/fmriachuelo.it10.com.ar\/index.php\/2015\/05\/22\/celac-ministros-se-reunen-en-quito-para-deliberar\/","title":{"rendered":"CELAC: MINISTROS SE REUNEN EN QUITO PARA DELIBERAR"},"content":{"rendered":"<p><span style=\"color: red;font-family: Verdana, sans-serif;font-size: large\"><strong>LA COMUNIDAD DE ESTADOS LATINOAMERICANOS<\/strong><\/span><br \/><span style=\"color: black;font-family: Verdana, sans-serif\"><strong>ENFRENTAR CON POL\u00cdTICAS REGIONALES&nbsp;EL PROBLEMA DE LAS DROGAS<\/strong><\/span><\/p>\n<div style=\"clear: both;text-align: center\"><a href=\"http:\/\/1.bp.blogspot.com\/-IGkyzQdFtvg\/VV8kX3Cy9qI\/AAAAAAAAEbQ\/6SQlG9sHjUA\/s1600\/celac.png\" style=\"clear: left;float: left;margin-bottom: 1em;margin-right: 1em\"><img decoding=\"async\" border=\"0\" src=\"http:\/\/1.bp.blogspot.com\/-IGkyzQdFtvg\/VV8kX3Cy9qI\/AAAAAAAAEbQ\/6SQlG9sHjUA\/s1600\/celac.png\" \/><\/a><\/div>\n<p><span style=\"font-family: Verdana, sans-serif\">Este jueves y viernes (21 Y 22&nbsp;de&nbsp;mayo)&nbsp;en la sede la Uni\u00f3n de Naciones Suramericanas (Unasur), en Quito, se realizar\u00e1 la II Reuni\u00f3n Ministerial sobre el problema Mundial de las Drogas de la Comunidad de Estados Latinoamericanos y Caribe\u00f1os (Celac).<\/span><br \/><span style=\"font-family: Verdana, sans-serif\">En la cita participar\u00e1n representantes de 33 pa\u00edses miembros de la organizaci\u00f3n, cuya presidencia est\u00e1 a cargo de Ecuador hasta enero de 2016. En representaci\u00f3n de Ecuador estar\u00e1n Jos\u00e9 Serrano, ministro del Interior, y Rodrigo V\u00e9lez, secretario ejecutivo del Consejo Nacional de Control de Sustancias Estupefacientes (Consep).<\/span><a name='more'><\/a><br \/><span style=\"font-family: Verdana, sans-serif\">El encuentro buscar\u00e1 articular una estrategia regional y equilibrada, que permita abordar el fen\u00f3meno en los \u00e1mbitos de Desarrollo Alternativo Preventivo, Prevenci\u00f3n Integral al uso y consumo de drogas, Control y Fiscalizaci\u00f3n de sustancias controladas, Seguridad y control de las actividades relacionadas con la producci\u00f3n y tr\u00e1fico il\u00edcito de drogas; y as\u00ed llegar con una posici\u00f3n regional con miras a las Sesiones Especiales de la Asamblea las Naciones Unidas (UNGASS) de 2016.<\/span><br \/><span style=\"font-family: Verdana, sans-serif\">Por mandato de los Jefes de Estado y de Gobierno, la Celac se constituye en la voz unificada de la regi\u00f3n en temas de consenso; es el \u00fanico interlocutor, que luego de seguir las reglas de funcionamiento, puede promover y proyectar una voz concertada de Am\u00e9rica Latina y el Caribe en la discusi\u00f3n de los grandes temas globales, con el objetivo de buscar una mejor inserci\u00f3n y proyecci\u00f3n de la regi\u00f3n en el \u00e1mbito internacional.<\/span><br \/><span style=\"font-family: Verdana\"><\/span><br \/><span style=\"color: blue;font-family: Verdana\">Fuente: Nodal, Producci\u00f3n Riachuelo<\/span><br \/><span style=\"font-family: Verdana\"><\/span><\/p>\n","protected":false},"excerpt":{"rendered":"<p>LA COMUNIDAD DE ESTADOS LATINOAMERICANOSENFRENTAR CON POL\u00cdTICAS REGIONALES&nbsp;EL PROBLEMA DE LAS DROGAS Este jueves y viernes (21 Y 22&nbsp;de&nbsp;mayo)&nbsp;en la sede la Uni\u00f3n de Naciones Suramericanas (Unasur), en Quito, se realizar\u00e1 la II Reuni\u00f3n Ministerial sobre el problema Mundial de las Drogas de la Comunidad de Estados Latinoamericanos y Caribe\u00f1os (Celac).En la cita participar\u00e1n representantes [&hellip;]<\/p>\n","protected":false},"author":4,"featured_media":0,"comment_status":"open","ping_status":"open","sticky":false,"template":"","format":"standard","meta":{"_monsterinsights_skip_tracking":false,"_monsterinsights_sitenote_active":false,"_monsterinsights_sitenote_note":"","_monsterinsights_sitenote_category":0,"jnews-multi-image_gallery":[],"jnews_single_post":{"format":"standard"},"jnews_primary_category":[],"_joinchat":[],"footnotes":""},"categories":[58],"tags":[70,167],"class_list":["post-18225","post","type-post","status-publish","format-standard","hentry","category-noticiariachuelo","tag-de-la-patria-grande","tag-politica-internacional"],"_links":{"self":[{"href":"http:\/\/fmriachuelo.it10.com.ar\/index.php\/wp-json\/wp\/v2\/posts\/18225","targetHints":{"allow":["GET"]}}],"collection":[{"href":"http:\/\/fmriachuelo.it10.com.ar\/index.php\/wp-json\/wp\/v2\/posts"}],"about":[{"href":"http:\/\/fmriachuelo.it10.com.ar\/index.php\/wp-json\/wp\/v2\/types\/post"}],"author":[{"embeddable":true,"href":"http:\/\/fmriachuelo.it10.com.ar\/index.php\/wp-json\/wp\/v2\/users\/4"}],"replies":[{"embeddable":true,"href":"http:\/\/fmriachuelo.it10.com.ar\/index.php\/wp-json\/wp\/v2\/comments?post=18225"}],"version-history":[{"count":1,"href":"http:\/\/fmriachuelo.it10.com.ar\/index.php\/wp-json\/wp\/v2\/posts\/18225\/revisions"}],"predecessor-version":[{"id":23453,"href":"http:\/\/fmriachuelo.it10.com.ar\/index.php\/wp-json\/wp\/v2\/posts\/18225\/revisions\/23453"}],"wp:attachment":[{"href":"http:\/\/fmriachuelo.it10.com.ar\/index.php\/wp-json\/wp\/v2\/media?parent=18225"}],"wp:term":[{"taxonomy":"category","embeddable":true,"href":"http:\/\/fmriachuelo.it10.com.ar\/index.php\/wp-json\/wp\/v2\/categories?post=18225"},{"taxonomy":"post_tag","embeddable":true,"href":"http:\/\/fmriachuelo.it10.com.ar\/index.php\/wp-json\/wp\/v2\/tags?post=18225"}],"curies":[{"name":"wp","href":"https:\/\/api.w.org\/{rel}","templated":true}]}}