{"id":18224,"date":"2015-05-26T13:00:00","date_gmt":"2015-05-26T13:00:00","guid":{"rendered":"http:\/\/fmriachuelo.observatorioess.org.ar\/index.php\/2015\/05\/26\/beatificaron-a-monsenor-oscar-arnulfo-romero-a-35-anos-de-su-asesinato\/"},"modified":"2025-03-31T13:28:07","modified_gmt":"2025-03-31T16:28:07","slug":"beatificaron-a-monsenor-oscar-arnulfo-romero-a-35-anos-de-su-asesinato","status":"publish","type":"post","link":"http:\/\/fmriachuelo.it10.com.ar\/index.php\/2015\/05\/26\/beatificaron-a-monsenor-oscar-arnulfo-romero-a-35-anos-de-su-asesinato\/","title":{"rendered":"BEATIFICARON A MONSE\u00d1OR \u00d3SCAR ARNULFO ROMERO A 35 A\u00d1OS DE SU ASESINATO"},"content":{"rendered":"<p><span style=\"color: red;font-family: Verdana, sans-serif;font-size: large\"><strong>SAN ROMERO DE AM\u00c9RICA<\/strong><\/span><\/p>\n<div style=\"clear: both;text-align: center\"><a href=\"http:\/\/4.bp.blogspot.com\/-Y21hpLdJ-Dc\/VWT0sNfGK4I\/AAAAAAAAEeY\/P4EsBm_EYnc\/s1600\/ROMERO.png\" style=\"clear: left;float: left;margin-bottom: 1em;margin-right: 1em\"><img loading=\"lazy\" decoding=\"async\" border=\"0\" height=\"180\" src=\"http:\/\/4.bp.blogspot.com\/-Y21hpLdJ-Dc\/VWT0sNfGK4I\/AAAAAAAAEeY\/P4EsBm_EYnc\/s320\/ROMERO.png\" width=\"320\" \/><\/a><\/div>\n<p><span style=\"font-family: Verdana, sans-serif\">[24\/05\/15]\u00d3scar Arnulfo Romero ha sido declarado nuevo beato de la iglesia cat\u00f3lica tras 35 a\u00f1os de haber sido asesinado por su labor de denuncia en perjuicio de los m\u00e1s pobres.<\/p>\n<p>La ceremonia de beatificaci\u00f3n de \u00d3scar Arnulfo Romero comenz\u00f3 en el templete especial de la plaza Salvador del Mundo con la entrada de los religiosos invitados.<\/p>\n<p>Cerca de 1,400 sacerdotes formaron parte de los rituales especiales por la beatificaci\u00f3n. Los religiosos se reunieron a tempranas horas en el seminario San Jos\u00e9 de la Monta\u00f1a para llegar hasta el epicentro del acto.<\/p>\n<p>Ah\u00ed se encuentraron reunidos adem\u00e1s el presidente de la Rep\u00fablica, Salvador S\u00e1nchez Cer\u00e9n y su esposa Margarita de Cer\u00e9n, ministros de gobierno, representantes de delegaciones internacionales, presidentes de pa\u00edses de Latinoam\u00e9rica, algunos diputados y alcaldes.<\/span><br \/><span style=\"font-family: Verdana\"><\/span><br \/><span style=\"font-family: Verdana\"><strong>\u00bfQuien fue?<\/strong><\/span><br \/><span style=\"font-family: Verdana, sans-serif\">El 24 de marzo de 1980, un francotirador de la extrema derecha salvadore\u00f1a asesinaba de una bala en el coraz\u00f3n al arzobispo \u00d3scar Arnulfo Romero. Este domingo, 35 a\u00f1os despu\u00e9s, San Romero de Am\u00e9rica, el obispo defensor de los pobres y su dignidad,<\/span><a name='more'><\/a><span style=\"font-family: Verdana, sans-serif\"> ser\u00e1 beatificado en una multitudinaria ceremonia por el Papa Francisco, quien lo ha reconocido como \u00abm\u00e1rtir de la Iglesia y de los oprimidos\u00bb. No siempre ha sido as\u00ed.<br \/>&nbsp;<\/span><span style=\"font-family: Verdana, sans-serif\">\u00abYo estaba ciego. Estaba con los ricos. Me hab\u00eda olvidado que el evangelio nos pide estar al lado de los pobres\u00bb, dijo Romero en una entrevista poco antes de ser asesinado. Despu\u00e9s llegar\u00edan<\/span><span style=\"font-family: Verdana, sans-serif\"> la masacre de Ellacur\u00eda y sus compa\u00f1eros jesuitas<\/span><span style=\"font-family: Verdana, sans-serif\">. Bajo el silencio y, para algunos, la complicidad, del Vaticano.<br \/>Wojtyla \u00abno pudo o no quiso\u00bb escuchar a Romero<\/p>\n<p> \u00abA Romero lo mataron los poderes militares, pero le dej\u00f3 morir una Iglesia aliada al sistema, una Iglesia que ahora se dice orgullosa de \u00e9l\u00bb, recuerda el te\u00f3logo Xabier Pikaza, quien a\u00f1ade c\u00f3mo el entonces Papa -el hoy canonizado san Juan Pablo II- lo recibi\u00f3 de malos modos diez meses antes de su asesinato, y no quiso o no pudo\u00bb escuchar a Romero frente a la dictadura militar que se las daba de ultracat\u00f3lica y acab\u00f3 manchando de sangre todo El Salvador.<\/span><br \/><span style=\"font-family: Verdana\"><\/span><br \/><span style=\"font-family: Verdana\">El pontificado de Francisco supone una vuelta a la Iglesia de los pobres, de los orillados. Y ese modelo necesita de ejemplos, como los de Romero, Angelelli o H\u00e9lder C\u00e1mara, obispos latinoamericanos a los que Juan Pablo II acusaba de comunistas y negaba el pan y la sal. Con Bergoglio, muchas cosas han cambiado, y ahora Romero es santo, y es m\u00e1rtir.<\/span><\/p>\n<p><span style=\"font-family: Verdana, sans-serif\">Hasta hace dos a\u00f1os, como se\u00f1ala el te\u00f3logo peruano -uno de los padres de la Teolog\u00eda de la Liberaci\u00f3n-, Gustavo Guti\u00e9rrez, el proceso de beatificaci\u00f3n de Romero estaba \u00abguardado en un caj\u00f3n del Vaticano\u00bb, pues desde la Curia se consideraba al arzobispo m\u00e1rtir un comunista. Poco antes de su asesinato, despu\u00e9s de que Romero regresara sin conseguir el apoyo de Juan Pablo II, instancias eclesi\u00e1sticas de Am\u00e9rica y Roma llegaron a acusar al prelado de estar \u00abendemoniado\u00bb y reclamaban que se le realizara un exorcismo.<\/p>\n<p>Leonardo Boff, otro de los mitos de la teolog\u00eda de la Liberaci\u00f3n, defiende esta idea: \u00abRoma tard\u00f3 muchos d\u00edas en reconocer su asesinato. Los detractores del compromiso de la Iglesia con los pobres hicieron circular la versi\u00f3n de que se trataba de una muerte de origen pol\u00edtico y no religioso. Despu\u00e9s condenaron el acto sin mencionar a los autores\u00bb.<\/p>\n<p>La beatificaci\u00f3n es la forma en que la Iglesia reconoce la santidad de un cristiano. Para ser beato, se requiere un milagro atribuido a la intercesi\u00f3n del candidato despu\u00e9s de su muerte o, como es el caso, que se reconozca su martirio. Tras la beatificaci\u00f3n, el siguiente paso es la canonizaci\u00f3n, para la cual se necesita otro milagro. Ahora Romero ser\u00e1 beato. En un futuro, tal vez, se le pueda llamar oficialmente \u00abSan Romero de Am\u00e9rica\u00bb.<\/span><br \/><span style=\"font-family: Verdana\"><\/span><br \/><span style=\"color: blue;font-family: Verdana\">Fuente: eldiario.es, Nodal, Producci\u00f3n Riachuelo<\/span><\/p>\n","protected":false},"excerpt":{"rendered":"<p>SAN ROMERO DE AM\u00c9RICA [24\/05\/15]\u00d3scar Arnulfo Romero ha sido declarado nuevo beato de la iglesia cat\u00f3lica tras 35 a\u00f1os de haber sido asesinado por su labor de denuncia en perjuicio de los m\u00e1s pobres. La ceremonia de beatificaci\u00f3n de \u00d3scar Arnulfo Romero comenz\u00f3 en el templete especial de la plaza Salvador del Mundo con la [&hellip;]<\/p>\n","protected":false},"author":4,"featured_media":0,"comment_status":"open","ping_status":"open","sticky":false,"template":"","format":"standard","meta":{"_monsterinsights_skip_tracking":false,"_monsterinsights_sitenote_active":false,"_monsterinsights_sitenote_note":"","_monsterinsights_sitenote_category":0,"jnews-multi-image_gallery":[],"jnews_single_post":{"format":"standard"},"jnews_primary_category":[],"_joinchat":[],"footnotes":""},"categories":[58],"tags":[70,72,146],"class_list":["post-18224","post","type-post","status-publish","format-standard","hentry","category-noticiariachuelo","tag-de-la-patria-grande","tag-historia-de-la-lucha-de-los-pueblos","tag-religiosidad-popular"],"_links":{"self":[{"href":"http:\/\/fmriachuelo.it10.com.ar\/index.php\/wp-json\/wp\/v2\/posts\/18224","targetHints":{"allow":["GET"]}}],"collection":[{"href":"http:\/\/fmriachuelo.it10.com.ar\/index.php\/wp-json\/wp\/v2\/posts"}],"about":[{"href":"http:\/\/fmriachuelo.it10.com.ar\/index.php\/wp-json\/wp\/v2\/types\/post"}],"author":[{"embeddable":true,"href":"http:\/\/fmriachuelo.it10.com.ar\/index.php\/wp-json\/wp\/v2\/users\/4"}],"replies":[{"embeddable":true,"href":"http:\/\/fmriachuelo.it10.com.ar\/index.php\/wp-json\/wp\/v2\/comments?post=18224"}],"version-history":[{"count":1,"href":"http:\/\/fmriachuelo.it10.com.ar\/index.php\/wp-json\/wp\/v2\/posts\/18224\/revisions"}],"predecessor-version":[{"id":23466,"href":"http:\/\/fmriachuelo.it10.com.ar\/index.php\/wp-json\/wp\/v2\/posts\/18224\/revisions\/23466"}],"wp:attachment":[{"href":"http:\/\/fmriachuelo.it10.com.ar\/index.php\/wp-json\/wp\/v2\/media?parent=18224"}],"wp:term":[{"taxonomy":"category","embeddable":true,"href":"http:\/\/fmriachuelo.it10.com.ar\/index.php\/wp-json\/wp\/v2\/categories?post=18224"},{"taxonomy":"post_tag","embeddable":true,"href":"http:\/\/fmriachuelo.it10.com.ar\/index.php\/wp-json\/wp\/v2\/tags?post=18224"}],"curies":[{"name":"wp","href":"https:\/\/api.w.org\/{rel}","templated":true}]}}