{"id":18223,"date":"2015-05-15T13:33:00","date_gmt":"2015-05-15T13:33:00","guid":{"rendered":"http:\/\/fmriachuelo.observatorioess.org.ar\/index.php\/2015\/05\/15\/se-cumplieron-ocho-meses-del-asesinato-del-joven-ariel-villa-en-el-bajo-flores\/"},"modified":"2025-03-31T12:00:55","modified_gmt":"2025-03-31T15:00:55","slug":"se-cumplieron-ocho-meses-del-asesinato-del-joven-ariel-villa-en-el-bajo-flores","status":"publish","type":"post","link":"http:\/\/fmriachuelo.it10.com.ar\/index.php\/2015\/05\/15\/se-cumplieron-ocho-meses-del-asesinato-del-joven-ariel-villa-en-el-bajo-flores\/","title":{"rendered":"SE CUMPLIERON OCHO MESES DEL ASESINATO DEL JOVEN ARIEL VILLA EN EL BAJO FLORES"},"content":{"rendered":"<div style=\"clear: both;text-align: justify\"><span style=\"color: red;font-family: Verdana, sans-serif;font-size: large\"><strong>&nbsp;\u00a1&nbsp;NI UN PIBE MENOS!<\/strong><\/span>&nbsp;<\/div>\n<div style=\"clear: both;text-align: justify\">&nbsp;<\/div>\n<div style=\"clear: both;text-align: center\"><a href=\"http:\/\/3.bp.blogspot.com\/-1Xtecllzk_U\/VVX1O_4mVBI\/AAAAAAAAEVk\/rXQ3G5vNJiY\/s1600\/flores.png\" style=\"margin-left: 1em;margin-right: 1em\"><img loading=\"lazy\" decoding=\"async\" border=\"0\" height=\"209\" src=\"http:\/\/3.bp.blogspot.com\/-1Xtecllzk_U\/VVX1O_4mVBI\/AAAAAAAAEVk\/rXQ3G5vNJiY\/s320\/flores.png\" width=\"320\" \/><\/a><\/div>\n<div style=\"clear: both;text-align: center\">&nbsp;<\/div>\n<div style=\"text-align: justify\"><span style=\"font-family: Verdana, sans-serif\"> [Por Santiago Asorey] La complicidad de las fuerzas de seguridad en las muertes en el Bajo Flores, la cobertura medi\u00e1tica estigmatizante de los asesinatos del Sur de la Ciudad\u202f y\u202f el \u202frol negativo de la denuncia de Gustavo Vera en la discusi\u00f3n sobre la violencia. La asignatura pendiente de la violencia institucional.<\/span><a name='more'><\/a><span style=\"font-family: Verdana, sans-serif\"><br \/>Hace unos d\u00edas se cumplieron ocho meses de la muerte de Ariel Villa, ex alumno de la Escuela \u201c3\u201d\u202fdel Bajo Flores. \u202fAriel o \u201cYiyo\u201d, como le dec\u00edan sus familiares y amigos, hab\u00eda hecho la primaria en la Escuela 4 del Barrio Illia y era un pibe lleno de vida y alegr\u00eda. Ten\u00eda 19 a\u00f1os cuando fue asesinado de 22 balazos en el Bajo Flores el 2 de Septiembre del 2014. Su asesinato ocurri\u00f3 bajo la ceguera de la Gendarmer\u00eda y la complicidad del Estado porte\u00f1o que desfinancia y vac\u00eda sistem\u00e1ticamente, hace casi una d\u00e9cada, los programas de inclusi\u00f3n social y escolar.\u202fEl 16 de Agosto de ese mismo a\u00f1o, tiempo antes de su asesinato, Ariel hab\u00eda cumplido a\u00f1os. Su muerte\u202fno tuvo la cobertura medi\u00e1tica y no fue parte de la \u00abagenda\u00bb como lo han sido otras muertes de j\u00f3venes en el norte de la ciudad, como el caso de \u00c1ngeles Rawson. \u202fEl racismo de los grandes medios lo quiso condenar al silencio. \u202f<\/p>\n<p>La historia de Ariel, de hecho, tard\u00f3 casi siete meses en ser contada por un medio de comunicaci\u00f3n popular a trav\u00e9s de un comunicado de organizaciones sociales del sur de la ciudad. \u202fPero en todo ese tiempo su familia, docentes y amigos\u202fpedimos justicia y castigo para los culpables. \u202fLa causa esta en curso de investigaci\u00f3n en la fiscalia de Pompeya, a cargo del fiscal Adri\u00e1n Gimenez. \u202fEl caso de Ariel es uno, en una\u202flarga lista de j\u00f3venes fusilados en el barrio en los \u00faltimos nueve meses. Entre ellos se encuentra el joven futbolista del club Sacachispas, Maxi Milessi, tambi\u00e9n Juan Pablo Molina, Delia Herrera y la lista sigue. La gran mayor\u00eda de los casos no transcendieron.\u202f El 20 de Febrero de este a\u00f1o, los familiares de Maxi Milessi convocaron a una marcha hacia la fiscal\u00eda de Pompeya reclamando por justicia, apoyada por amigos, vecinos, organizaciones sociales y docentes.\u202f<\/p>\n<p>Durante la muerte de muchos de estos j\u00f3venes los grandes medios de comunicaci\u00f3n en una tarea vergonzosa y estigmatizante cargaron sus tintas contra el barrio. Haciendo referencia siempre a sus habitantes como \u201ccriminales\u201d, sin dar cuenta efectivamente de las condiciones reales y la complicidad de las fuerzas de seguridad con los mercados criminales y\u202f con la liberaci\u00f3n de las zonas.<\/p>\n<p>La misma denuncia de Gustavo Vera, levantada por el diario La Naci\u00f3n el 19 de Marzo volvi\u00f3 a fortalecer el etiquetamiento construido sobre el Bajo Flores. \u202fEl conservador diario de derecha tom\u00f3 la denuncia de Vera para fortalecer la desigualdad poniendo la carga criminal en los barrios y no en las condiciones paup\u00e9rrimas del Estado porte\u00f1o que generan condiciones para que los mercados criminales se instalen en el barrio. Vera fue c\u00f3mplice de esta operaci\u00f3n. Nadie puede dudar del valor que tuvo la Alameda en la visibilizaci\u00f3n de los talleres clandestinos y en la vulneraci\u00f3n de derechos de los trabajadores de la industria textil. \u202fPero el rol que cumplieron sus denuncias sobre el Bajo Flores\u202ffueron profundamente nocivas en lo que, finalmente, no fue otra cosa\u202fque estigmatizar la pobreza.<\/p>\n<p>\u202fLos mercados criminales no se instalan en los barrios por que s\u00ed. Son las condiciones de desigualdad\u202fy\u202fde violencia social las que\u202fpermiten\u202fque esto suceda. El abandono del Estado porte\u00f1o a\u202flos\u202fvecinos del sur de la ciudad y\u202fel\u202ffracaso rotundo del Ministerio de Seguridad en el operativo Cord\u00f3n Sur, motiv\u00f3\u202fque\u202fdocentes, trabajadores y vecinos expresaran en un comunicado reciente una fuerte cr\u00edtica a la gesti\u00f3n porte\u00f1a y la gesti\u00f3n del Ministerio de Seguridad en el Operativo Cintur\u00f3n Sur: \u202f\u202f\u201cLa emergencia habitacional que concluye en incendios en conventillos, tomas y desalojos. La precarizaci\u00f3n y el vaciamiento en dispositivos de atenci\u00f3n a la infancia y la adolescencia. La inacci\u00f3n del Estado ante el trabajo reglado s\u00f3lo por la voracidad; denunciamos y repudiamos: Las zonas liberadas por las fuerzas de seguridad que terminan en el fusilamiento de los pibes, el abuso de poder por parte de las fuerzas de seguridad y su complicidad con los mercados criminales\u00bb.<\/p>\n<p>El Gobierno Nacional ha impulsado un avance grande en materias de derechos humanos con una bater\u00eda de derechos destinados a la juventud que representan un nuevo paradigma. A pesar de esto, la violencia institucional\u202ftodav\u00eda \u201ces una de las asignaturas pendientes de la democracia\u201d, como se reconoce en el portal del Ministerio de Educaci\u00f3n. \u202fLa lucha por la justicia sostenida por la familia de Ezequiel Demonty, el joven asesinado\u202fpor la Polic\u00eda Federal en el ex Puente Uriburu en Septiembre del 2002, hoy llamado Puente Ezequiel Demonty, fue fortalecida por el ex Director de la EMEM 3, Eugenio Perrone, el Diputado Nacional Leonardo Grosso y por otros compa\u00f1eros que lograron con su lucha y persistencia llevar el nombre de Ezequiel finalmente al Congreso de la Naci\u00f3n. Ariel Villa pertenec\u00eda al mismo barrio al que pertenec\u00eda Ezequiel, los dos ten\u00edan 19 a\u00f1os cuando fueron asesinados.\u202f<\/p>\n<p>A Ariel no lo mat\u00f3 directamente la polic\u00eda, ni la Gendarmer\u00eda, pero su muerte es tambi\u00e9n una muerte indirecta de la violencia institucional. Su lucha y la de su familia tambi\u00e9n necesitan el acompa\u00f1amiento que en su momento tuvo la causa de Ezequiel. Para que no haya nunca m\u00e1s un pibe asesinado como resultado de la violencia social.<\/span><\/p>\n<p><span style=\"color: blue;font-family: Verdana\">Fuente: Agencia Paco Urondo, Producci\u00f3n Riachuelo<\/span><\/p>\n<div style=\"text-align: justify\"><span style=\"font-family: Verdana, sans-serif\"><br \/>&nbsp;<\/span><\/div>\n<div style=\"clear: both\"><\/div>\n<div>\n<dl>\n<dt><\/dt>\n<dd>&nbsp;&nbsp;&nbsp;  <\/dd>\n<\/dl>\n<\/div>\n<\/div>\n","protected":false},"excerpt":{"rendered":"<p>&nbsp;\u00a1&nbsp;NI UN PIBE MENOS!&nbsp; &nbsp; &nbsp; [Por Santiago Asorey] La complicidad de las fuerzas de seguridad en las muertes en el Bajo Flores, la cobertura medi\u00e1tica estigmatizante de los asesinatos del Sur de la Ciudad\u202f y\u202f el \u202frol negativo de la denuncia de Gustavo Vera en la discusi\u00f3n sobre la violencia. La asignatura pendiente de [&hellip;]<\/p>\n","protected":false},"author":4,"featured_media":0,"comment_status":"open","ping_status":"open","sticky":false,"template":"","format":"standard","meta":{"_monsterinsights_skip_tracking":false,"_monsterinsights_sitenote_active":false,"_monsterinsights_sitenote_note":"","_monsterinsights_sitenote_category":0,"jnews-multi-image_gallery":[],"jnews_single_post":{"format":"standard"},"jnews_primary_category":[],"_joinchat":[],"footnotes":""},"categories":[58],"tags":[89],"class_list":["post-18223","post","type-post","status-publish","format-standard","hentry","category-noticiariachuelo","tag-violencia-institucional"],"_links":{"self":[{"href":"http:\/\/fmriachuelo.it10.com.ar\/index.php\/wp-json\/wp\/v2\/posts\/18223","targetHints":{"allow":["GET"]}}],"collection":[{"href":"http:\/\/fmriachuelo.it10.com.ar\/index.php\/wp-json\/wp\/v2\/posts"}],"about":[{"href":"http:\/\/fmriachuelo.it10.com.ar\/index.php\/wp-json\/wp\/v2\/types\/post"}],"author":[{"embeddable":true,"href":"http:\/\/fmriachuelo.it10.com.ar\/index.php\/wp-json\/wp\/v2\/users\/4"}],"replies":[{"embeddable":true,"href":"http:\/\/fmriachuelo.it10.com.ar\/index.php\/wp-json\/wp\/v2\/comments?post=18223"}],"version-history":[{"count":1,"href":"http:\/\/fmriachuelo.it10.com.ar\/index.php\/wp-json\/wp\/v2\/posts\/18223\/revisions"}],"predecessor-version":[{"id":23418,"href":"http:\/\/fmriachuelo.it10.com.ar\/index.php\/wp-json\/wp\/v2\/posts\/18223\/revisions\/23418"}],"wp:attachment":[{"href":"http:\/\/fmriachuelo.it10.com.ar\/index.php\/wp-json\/wp\/v2\/media?parent=18223"}],"wp:term":[{"taxonomy":"category","embeddable":true,"href":"http:\/\/fmriachuelo.it10.com.ar\/index.php\/wp-json\/wp\/v2\/categories?post=18223"},{"taxonomy":"post_tag","embeddable":true,"href":"http:\/\/fmriachuelo.it10.com.ar\/index.php\/wp-json\/wp\/v2\/tags?post=18223"}],"curies":[{"name":"wp","href":"https:\/\/api.w.org\/{rel}","templated":true}]}}