{"id":18222,"date":"2015-05-15T13:47:00","date_gmt":"2015-05-15T13:47:00","guid":{"rendered":"http:\/\/fmriachuelo.observatorioess.org.ar\/index.php\/2015\/05\/15\/talleres-clandestinos-marcha-contra-el-trabajo-esclavo\/"},"modified":"2025-03-31T12:03:16","modified_gmt":"2025-03-31T15:03:16","slug":"talleres-clandestinos-marcha-contra-el-trabajo-esclavo","status":"publish","type":"post","link":"http:\/\/fmriachuelo.it10.com.ar\/index.php\/2015\/05\/15\/talleres-clandestinos-marcha-contra-el-trabajo-esclavo\/","title":{"rendered":"TALLERES CLANDESTINOS: MARCHA CONTRA EL TRABAJO ESCLAVO"},"content":{"rendered":"<p><span style=\"color: red;font-family: Verdana, sans-serif;font-size: large\"><strong>TRABAJADORES DE LA ECONOM\u00cdA POPULAR: EN DEMANDA DE CONDICIONES DIGNAS DE TRABAJO, CONTRA EL TRABAJO ESCLAVO<\/strong><\/span><br \/><span style=\"font-family: Verdana, sans-serif\"><strong>Trabajadores textiles marchar\u00e1n contra el trabajo esclavo<\/strong><\/span><\/p>\n<div style=\"text-align: justify\"><span style=\"font-family: Verdana, sans-serif\">Costureros, vecinos, organizaciones sociales y sindicales marchar\u00e1n&nbsp;hoy a las 17 hs. La movilizaci\u00f3n culminar\u00e1 en Luis Viale y Espinosa, donde el 30 de marzo de 2006 fallecieron seis personas, cinco de ellas menores de 18 a\u00f1os, tambi\u00e9n bolivianos.<\/span><\/div>\n<p><strong><span style=\"font-family: Verdana\"><\/span><\/strong><\/p>\n<div style=\"clear: both;text-align: center\"><a href=\"http:\/\/1.bp.blogspot.com\/-8gvBDVRWKFY\/VVX4RpOvYrI\/AAAAAAAAEV8\/-rs6mrHrpoU\/s1600\/tallerclandestino-417x288.jpg\" style=\"margin-left: 1em;margin-right: 1em\"><img loading=\"lazy\" decoding=\"async\" border=\"0\" height=\"221\" src=\"http:\/\/1.bp.blogspot.com\/-8gvBDVRWKFY\/VVX4RpOvYrI\/AAAAAAAAEV8\/-rs6mrHrpoU\/s320\/tallerclandestino-417x288.jpg\" width=\"320\" \/><\/a><\/div>\n<div style=\"clear: both;text-align: center\">&nbsp;<\/div>\n<p><\/p>\n<div style=\"text-align: justify\"><span style=\"font-family: Verdana, sans-serif\">\u201cNi cadenas explotadoras ni clausuras policiales, abramos los talleres al trabajo digno\u201d, son las consignas de la movilizaci\u00f3n que se llevar\u00e1 a cabo ma\u00f1ana desde la esquina de P\u00e1ez y Terrada, donde estaba el taller en el que murieron el lunes 27 de abril Rolando y Rodrigo, dos ni\u00f1os hijos de inmigrantes bolivianos.<\/p>\n<p>La marcha fue convocada por la Asamblea Textil de Flores, un espacio que se constituy\u00f3 tras el \u00faltimo incendio y se encuentra conformado por costureros, vecinos y organizaciones sociales y sindicales como la Central de Trabajadores Argentinos (CTA), la Asociaci\u00f3n de Trabajadores de Estado (ATE Capital) y la Uni\u00f3n de Trabajadores de la Educaci\u00f3n (UTE).<\/span><\/div>\n<p><span style=\"font-family: Verdana, sans-serif\"><\/span><a name='more'><\/a><span style=\"font-family: Verdana, sans-serif\"><br \/>\u201cLo que exigimos son pol\u00edticas activas que promuevan el empleo y lo que no vamos a tolerar es que como respuesta a este hecho tr\u00e1gico se de una pol\u00edtica represiva de cierre de talleres indiscriminadamente o se persiga a la colectividad boliviana\u201d, indic\u00f3 a T\u00e9lam Humberto Rodr\u00ed\u00adguez, secretario general adjunto de ATE Capital.<\/p>\n<p>\u201cLo que no vamos a tolerar es que como respuesta a este hecho tr\u00e1gico se de una pol\u00edtica represiva de cierre de talleres o se persiga a la colectividad boliviana\u201d<br \/>En el mismo sentido, Eduardo L\u00f3pez, titular de UTE, indic\u00f3 que \u201ceste tema a nosotros nos interpela como trabajadores, que exigimos condiciones dignas de trabajo, pero tambi\u00e9n como docentes porque las v\u00edctimas son nuestros pibes, pibes de la escuela p\u00fablica\u201d.<\/p>\n<p>En concepto de \u201cabrir al taller al trabajo digno\u201d surge de un reclamo de los costureros acompa\u00f1ados por la Asamblea que implica \u201csalir de las miradas f\u00e1ciles de v\u00edctimas y victimarios, y comprender todas las complejidades que se dan en el taller textil\u201d, expres\u00f3 Juan V\u00e1zquez, miembro de Simbiosis Cultural, un colectivo conformado por bolivianos muchos de ellos trabajadores o ex trabajadores de talleres textiles.<\/p>\n<p>Otra consigna de la movilizaci\u00f3n es \u201csacar del gueto a la econom\u00eda popular migrante\u201d, que implica \u201cno reducir el problema a \u2018la colectividad boliviana\u2019, todos tenemos relaci\u00f3n con la producci\u00f3n de estos talleres textiles\u201d, indic\u00f3 Juan.<\/p>\n<p>Mientras que la causa por el incendio y muerte en la calle P\u00e1ez se encuentra en plena etapa de instrucci\u00f3n, en la causa penal por el incendio de Luis Viale s\u00f3lo se conden\u00f3 por juicio abreviado a los capataces del taller, eximiendo de culpa a los due\u00f1os y a los responsables del Gobierno de la Ciudad que no realizaron controles.<\/p>\n<p>\u201cLo que se necesitan son pol\u00edticas p\u00fablicas que promuevan el trabajo digno, y un Gobierno local que est\u00e9 dispuesto a controlar las condiciones de empleo de los trabajadores\u201d, concluy\u00f3 Rodr\u00edguez.<\/span><br \/><span style=\"color: blue;font-family: Verdana\">Fuente: Telam, Producci\u00f3n Riachuelo<\/span><\/p>\n","protected":false},"excerpt":{"rendered":"<p>TRABAJADORES DE LA ECONOM\u00cdA POPULAR: EN DEMANDA DE CONDICIONES DIGNAS DE TRABAJO, CONTRA EL TRABAJO ESCLAVOTrabajadores textiles marchar\u00e1n contra el trabajo esclavo Costureros, vecinos, organizaciones sociales y sindicales marchar\u00e1n&nbsp;hoy a las 17 hs. La movilizaci\u00f3n culminar\u00e1 en Luis Viale y Espinosa, donde el 30 de marzo de 2006 fallecieron seis personas, cinco de ellas menores [&hellip;]<\/p>\n","protected":false},"author":4,"featured_media":0,"comment_status":"open","ping_status":"open","sticky":false,"template":"","format":"standard","meta":{"_monsterinsights_skip_tracking":false,"_monsterinsights_sitenote_active":false,"_monsterinsights_sitenote_note":"","_monsterinsights_sitenote_category":0,"jnews-multi-image_gallery":[],"jnews_single_post":{"format":"standard"},"jnews_primary_category":[],"_joinchat":[],"footnotes":""},"categories":[58],"tags":[148],"class_list":["post-18222","post","type-post","status-publish","format-standard","hentry","category-noticiariachuelo","tag-trabajo"],"_links":{"self":[{"href":"http:\/\/fmriachuelo.it10.com.ar\/index.php\/wp-json\/wp\/v2\/posts\/18222","targetHints":{"allow":["GET"]}}],"collection":[{"href":"http:\/\/fmriachuelo.it10.com.ar\/index.php\/wp-json\/wp\/v2\/posts"}],"about":[{"href":"http:\/\/fmriachuelo.it10.com.ar\/index.php\/wp-json\/wp\/v2\/types\/post"}],"author":[{"embeddable":true,"href":"http:\/\/fmriachuelo.it10.com.ar\/index.php\/wp-json\/wp\/v2\/users\/4"}],"replies":[{"embeddable":true,"href":"http:\/\/fmriachuelo.it10.com.ar\/index.php\/wp-json\/wp\/v2\/comments?post=18222"}],"version-history":[{"count":1,"href":"http:\/\/fmriachuelo.it10.com.ar\/index.php\/wp-json\/wp\/v2\/posts\/18222\/revisions"}],"predecessor-version":[{"id":23420,"href":"http:\/\/fmriachuelo.it10.com.ar\/index.php\/wp-json\/wp\/v2\/posts\/18222\/revisions\/23420"}],"wp:attachment":[{"href":"http:\/\/fmriachuelo.it10.com.ar\/index.php\/wp-json\/wp\/v2\/media?parent=18222"}],"wp:term":[{"taxonomy":"category","embeddable":true,"href":"http:\/\/fmriachuelo.it10.com.ar\/index.php\/wp-json\/wp\/v2\/categories?post=18222"},{"taxonomy":"post_tag","embeddable":true,"href":"http:\/\/fmriachuelo.it10.com.ar\/index.php\/wp-json\/wp\/v2\/tags?post=18222"}],"curies":[{"name":"wp","href":"https:\/\/api.w.org\/{rel}","templated":true}]}}