{"id":18221,"date":"2015-05-16T16:21:00","date_gmt":"2015-05-16T16:21:00","guid":{"rendered":"http:\/\/fmriachuelo.observatorioess.org.ar\/index.php\/2015\/05\/16\/palestina-conmemoraron-el-67-aniversario-de-la-ocupacion-territorial\/"},"modified":"2025-03-31T12:04:14","modified_gmt":"2025-03-31T15:04:14","slug":"palestina-conmemoraron-el-67-aniversario-de-la-ocupacion-territorial","status":"publish","type":"post","link":"http:\/\/fmriachuelo.it10.com.ar\/index.php\/2015\/05\/16\/palestina-conmemoraron-el-67-aniversario-de-la-ocupacion-territorial\/","title":{"rendered":"PALESTINA: CONMEMORARON EL 67 ANIVERSARIO DE LA OCUPACI\u00d3N TERRITORIAL"},"content":{"rendered":"<p><span style=\"color: red;font-family: Verdana, sans-serif;font-size: large\"><strong>NABKA (Cat\u00e1strofe en \u00e1rabe)<\/strong><\/span><br \/><strong><span style=\"color: red;font-family: Verdana;font-size: large\">El derecho a no olvidar<\/span><\/strong><\/p>\n<div style=\"clear: both;text-align: center\"><a href=\"http:\/\/4.bp.blogspot.com\/-PnMIOyz7eOA\/VVdtL_0nTZI\/AAAAAAAAEWU\/ZYUDYto_BEo\/s1600\/palestina.jpg\" style=\"clear: left;float: left;margin-bottom: 1em;margin-right: 1em\"><img loading=\"lazy\" decoding=\"async\" border=\"0\" height=\"212\" src=\"http:\/\/4.bp.blogspot.com\/-PnMIOyz7eOA\/VVdtL_0nTZI\/AAAAAAAAEWU\/ZYUDYto_BEo\/s320\/palestina.jpg\" width=\"320\" \/><\/a><\/div>\n<div style=\"text-align: justify\"><span style=\"font-family: Verdana, sans-serif\"><strong>Cientos de palestinos conmemoraron hoy, con la promesa de no olvidar, el 67 aniversario de la Nakba (cat\u00e1strofe en \u00e1rabe), la desposesi\u00f3n y el exilio que sufrieron con el establecimiento del Estado de Israel en 1948.<\/strong><\/span><\/div>\n<div style=\"text-align: justify\">&nbsp;<\/div>\n<p><span style=\"font-family: Verdana, sans-serif\">Estaban previstas marchas multitudinarias en la localidad cisjordana de Nila\u00edn (una de los s\u00edmbolos contra el muro de separaci\u00f3n israel\u00ed y la confiscaci\u00f3n de tierras por los colonos) y en las cercan\u00edas de la prisi\u00f3n israel\u00ed de \u00d3fer, cerca de Ramala y donde el a\u00f1o pasado, durante esta efem\u00e9ride, murieron dos palestinos por fuego israel\u00ed.<\/p>\n<p> \u00abLa Nakba no acab\u00f3 con la creaci\u00f3n de Israel sino que es un proceso que contin\u00faa y que busca el desplazamiento de Palestina y su reemplazo con &#8216;el Gran Israel&#8217;, a expensas de su pueblo y sus derechos\u00bb, dijo Hanan Ashrawi, miembro del Comit\u00e9 Ejecutivo de la Organizaci\u00f3n para la Liberaci\u00f3n de Palestina (OLP).<\/span><a name='more'><\/a><span style=\"font-family: Verdana, sans-serif\"><br \/> \u00abEn 1948 Israel destruy\u00f3 531 ciudades y pueblos palestinos y tom\u00f3 control de otros 774 y m\u00e1s de 800.000 palestinos fueron forzados a convertirse en refugiados\u00bb, record\u00f3 Ashrawi, en un comunicado.<\/p>\n<p> Hoy, ellos y sus descendientes (incluidos los desplazados internos) superan los siete millones, la mayor\u00eda de los cuales viven en 31 campos de refugiados en Jordania, L\u00edbano y Siria.<\/p>\n<p> \u00abLa crisis de los refugiados palestinos sigue siendo un problema desastroso que debe resolver la comunidad internacional de acuerdo a las leyes y convenciones internacionales\u00bb, y en concreto las que reconocen su derecho al retorno, precis\u00f3 Ashrawi.<\/p>\n<p> La dirigente denunci\u00f3 que \u00aben los \u00faltimos 67 a\u00f1os los palestinos han sido objeto de incontables injusticias, un continuo ciclo de violencia, terror y cr\u00edmenes de guerra, mientras que Israel ha perseguido pol\u00edticas sistem\u00e1ticas e inhumanas de ocupaci\u00f3n militar, apartheid y limpieza \u00e9tnica\u00bb.<\/p>\n<p> Entre \u00e9stas enumera \u00ablos asentamientos ilegales, el muro del apartheid, puestos de control, demolici\u00f3n de hogares y pueblos palestinos, la confiscaci\u00f3n de tierras y recursos, la expulsi\u00f3n de palestinos de sus casas, revocaci\u00f3n de permisos de residencia en Jerusal\u00e9n, encarcelamiento de m\u00e1s de 6.000 presos pol\u00edticos palestinos y leyes racistas y discriminatorias\u00bb.<\/p>\n<p> A estos suma \u00ablos ataques contra la mezquita de Al Aqsa y sus fieles y el continuo bloqueo de Gaza y las guerras horribles contra su gente\u00bb, todo lo cual, denunci\u00f3 Ashrawi, suponen \u00abviolaciones de la ley internacional\u00bb.<\/p>\n<p> Ante esta situaci\u00f3n y los frustrados procesos de paz iniciados y paralizados en los \u00faltimos a\u00f1os, el liderazgo palestino ha optado por apostar por la v\u00eda del reconocimiento internacional de Palestina como un estado independiente.<\/p>\n<p> \u00abSeguiremos las iniciativas diplom\u00e1ticas y multilaterales para salvaguardar los derechos del pueblo palestino y garantizar la autodeterminaci\u00f3n, independencia y justicia para todos los palestinos. Continuaremos adheri\u00e9ndonos a organizaciones y agencias multilaterales y avanzaremos para garantizar que se responsabilice a Israel en la Corte Internacional de Justicia y otros organismos\u00bb, prometi\u00f3 la dirigente.<\/span><br \/><span style=\"font-family: Verdana, sans-serif\"><span style=\"color: blue\">Fuente: Palestina Libre, Producci\u00f3n Riachuelo<\/span><br \/>&nbsp;<\/span><br \/><strong><span style=\"color: red;font-family: Verdana;font-size: large\"><\/span><\/strong><\/p>\n","protected":false},"excerpt":{"rendered":"<p>NABKA (Cat\u00e1strofe en \u00e1rabe)El derecho a no olvidar Cientos de palestinos conmemoraron hoy, con la promesa de no olvidar, el 67 aniversario de la Nakba (cat\u00e1strofe en \u00e1rabe), la desposesi\u00f3n y el exilio que sufrieron con el establecimiento del Estado de Israel en 1948. &nbsp; Estaban previstas marchas multitudinarias en la localidad cisjordana de Nila\u00edn [&hellip;]<\/p>\n","protected":false},"author":4,"featured_media":0,"comment_status":"open","ping_status":"open","sticky":false,"template":"","format":"standard","meta":{"_monsterinsights_skip_tracking":false,"_monsterinsights_sitenote_active":false,"_monsterinsights_sitenote_note":"","_monsterinsights_sitenote_category":0,"jnews-multi-image_gallery":[],"jnews_single_post":{"format":"standard"},"jnews_primary_category":[],"_joinchat":[],"footnotes":""},"categories":[58],"tags":[119,72],"class_list":["post-18221","post","type-post","status-publish","format-standard","hentry","category-noticiariachuelo","tag-derechos-humanos","tag-historia-de-la-lucha-de-los-pueblos"],"_links":{"self":[{"href":"http:\/\/fmriachuelo.it10.com.ar\/index.php\/wp-json\/wp\/v2\/posts\/18221","targetHints":{"allow":["GET"]}}],"collection":[{"href":"http:\/\/fmriachuelo.it10.com.ar\/index.php\/wp-json\/wp\/v2\/posts"}],"about":[{"href":"http:\/\/fmriachuelo.it10.com.ar\/index.php\/wp-json\/wp\/v2\/types\/post"}],"author":[{"embeddable":true,"href":"http:\/\/fmriachuelo.it10.com.ar\/index.php\/wp-json\/wp\/v2\/users\/4"}],"replies":[{"embeddable":true,"href":"http:\/\/fmriachuelo.it10.com.ar\/index.php\/wp-json\/wp\/v2\/comments?post=18221"}],"version-history":[{"count":1,"href":"http:\/\/fmriachuelo.it10.com.ar\/index.php\/wp-json\/wp\/v2\/posts\/18221\/revisions"}],"predecessor-version":[{"id":23421,"href":"http:\/\/fmriachuelo.it10.com.ar\/index.php\/wp-json\/wp\/v2\/posts\/18221\/revisions\/23421"}],"wp:attachment":[{"href":"http:\/\/fmriachuelo.it10.com.ar\/index.php\/wp-json\/wp\/v2\/media?parent=18221"}],"wp:term":[{"taxonomy":"category","embeddable":true,"href":"http:\/\/fmriachuelo.it10.com.ar\/index.php\/wp-json\/wp\/v2\/categories?post=18221"},{"taxonomy":"post_tag","embeddable":true,"href":"http:\/\/fmriachuelo.it10.com.ar\/index.php\/wp-json\/wp\/v2\/tags?post=18221"}],"curies":[{"name":"wp","href":"https:\/\/api.w.org\/{rel}","templated":true}]}}