{"id":18218,"date":"2015-05-08T02:35:00","date_gmt":"2015-05-08T02:35:00","guid":{"rendered":"http:\/\/fmriachuelo.observatorioess.org.ar\/index.php\/2015\/05\/08\/acto-de-cta-y-cnct-frente-a-la-secretaria-de-trabajo-porteno\/"},"modified":"2025-03-28T16:23:32","modified_gmt":"2025-03-28T19:23:32","slug":"acto-de-cta-y-cnct-frente-a-la-secretaria-de-trabajo-porteno","status":"publish","type":"post","link":"http:\/\/fmriachuelo.it10.com.ar\/index.php\/2015\/05\/08\/acto-de-cta-y-cnct-frente-a-la-secretaria-de-trabajo-porteno\/","title":{"rendered":"ACTO DE CTA Y CNCT FRENTE A LA SECRETAR\u00cdA DE TRABAJO PORTE\u00d1O"},"content":{"rendered":"<p><span style=\"color: red;font-family: Verdana, sans-serif;font-size: large\"><strong>NO AL TRABAJO ESCLAVO, NO A LA IMPUNIDAD, NO A LA DESPROTECCI\u00d3N<\/strong><\/span><\/p>\n<p><span style=\"color: black;font-family: Verdana, sans-serif\"><strong>CTA y CNCT pidieron la renuncia del Subsecretario de Trabajo porte\u00f1o por los chicos muertos en el taller clandestino de Flores<\/strong><\/span><br \/><strong><span style=\"font-family: Verdana\"><\/span><\/strong><\/p>\n<div style=\"clear: both;text-align: center\"><a href=\"http:\/\/3.bp.blogspot.com\/-ZfQLdNgDlEo\/VUwf5uXUyDI\/AAAAAAAAEPc\/nBaSnt7xnaw\/s1600\/CTA.jpg\" style=\"clear: left;float: left;margin-bottom: 1em;margin-right: 1em\"><img loading=\"lazy\" decoding=\"async\" border=\"0\" height=\"195\" src=\"http:\/\/3.bp.blogspot.com\/-ZfQLdNgDlEo\/VUwf5uXUyDI\/AAAAAAAAEPc\/nBaSnt7xnaw\/s320\/CTA.jpg\" width=\"320\" \/><\/a><\/div>\n<div style=\"text-align: justify\"><span style=\"font-family: Verdana, sans-serif\">La Confederaci\u00f3n Nacional de Cooperativas de Trabajo (CNCT) y la Central de Trabajadores Argentinos (CTA) hicieron un acto frente a la secretar\u00eda de Trabajo del gobierno porte\u00f1o, con la presencia de familiares de las v\u00edctimas, cooperativas textiles, sindicatos y legisladores.<\/p>\n<p>Estuvieron presentes los padres de Rodrigo y Rolando y los maestros de los chicos. Tambi\u00e9n estuvieron la madre de Ezequiel Demonti, el chico arrojado al Riachuelo por la Polic\u00eda, el jefe de gabinete del Ministerio de Trabajo de la Naci\u00f3n, Luis Abad,  y los legisladores Jos\u00e9 Campagnoli, Pablo Ferreyra y Paula Penacca<\/p>\n<p>El reclamo cobra mayor importancia ya que d\u00eda a d\u00eda aumenta la impunidad del caso. <strong>Hoy se incendi\u00f3 nuevamente el taller de Flores<\/strong>, y se destruy\u00f3 documentaci\u00f3n valiosa para la investigaci\u00f3n del hecho. La abogada de la familia, Gabriela Carpineti, inform\u00f3 que \u201ctodav\u00eda estamos esperando la confirmaci\u00f3n de Bomberos para determinar si el hecho fue intencional o no para evaluar c\u00f3mo incorporarlo a la causa\u201d.<\/span><\/div>\n<div style=\"text-align: justify\"><span style=\"font-family: Verdana, sans-serif\"><\/span><a name='more'><\/a><span style=\"font-family: Verdana, sans-serif\"><br \/>Joaqu\u00edn Fern\u00e1ndez, secretario de la Red Textil Cooperativa, expres\u00f3 ante la concurrencia: \u00abHoy vuelve a pasar lo mismo que ven\u00eda pasando desde hace tiempo y que nosotros ven\u00edamos denunciando, porque el gobierno de Macri tiene la misma pol\u00edtica desde que asumi\u00f3. Hay m\u00e1s de 3000 talleres clandestinos en el barrio de Flores y muchas familias que tenemos que liberar desde las organizaciones como la CNCT y la CTA y todos los organismos que estamos hoy ac\u00e1. Vamos a seguir escrachando talleres clandestinos y haci\u00e9ndolos cooperativas de trabajo, porque es el ejemplo m\u00e1s claro de que el trabajo es digno, de que se puede ser trabajador textil sin ser explotado. Ya hay varias cooperativas que siguen trabajando con dignidad. El taller se prendi\u00f3 fuego pero ten\u00eda una denuncia de hace m\u00e1s de un a\u00f1o y Macri no hizo nada. Que se haga justicia, y que los compa\u00f1eros sigan trabajando como hace 10 a\u00f1os que venimos trabajando las cooperativas, por una igualdad de riquezas, y que las grandes marcas para seguir haciendo plata tengan que repartirla a los trabajadores\u00bb.<\/p>\n<p>Esteban Mur, padre de los chicos, pidi\u00f3 \u00abque no quede impune y que otras familias no sufran lo que yo estoy pasando, quisiera que se haga justicia y pedir al gobierno de la Ciudad que tenga m\u00e1s coordinaci\u00f3n con sus trabajadores para poder ubicar a todos los talleres textiles. Y que no sean acometidos nuevamente por un accidente como el que ha pasado\u00bb.<\/p>\n<p>La Red Textil Cooperativa (RTC) se reuni\u00f3 con los trabajadores para ofrecerles un espacio en la f\u00e1brica textil recuperada Mc Body, de Villa Urquiza, con la idea de garantizar la continuidad laboral de los compa\u00f1eros y la cobertura social.<\/p>\n<p>La abogada Carpinetti aclar\u00f3 adem\u00e1s que \u201ccompartimos la necesidad de no construir un discurso medi\u00e1tico que estigmatice el trabajo en los talleres. No tenemos que hablar de esclavos, hablamos de costureros y costureras que trabajan en condiciones de extrema precariedad\u201d.<\/p>\n<p>Por otra parte, Eduardo L\u00f3pez, secretario de UTE, invit\u00f3 a los concurrentes a una movilizaci\u00f3n el jueves que viene, 14 de mayo, a las 17, desde el taller de la calle P\u00e1ez al taller de la calle Luis Viale.<\/span><br \/><span style=\"font-family: Verdana\"><\/span><br \/><span style=\"color: blue;font-family: Verdana\">Fuente: CNCT, Producci\u00f3n Riachuelo<\/span><\/div>\n","protected":false},"excerpt":{"rendered":"<p>NO AL TRABAJO ESCLAVO, NO A LA IMPUNIDAD, NO A LA DESPROTECCI\u00d3N CTA y CNCT pidieron la renuncia del Subsecretario de Trabajo porte\u00f1o por los chicos muertos en el taller clandestino de Flores La Confederaci\u00f3n Nacional de Cooperativas de Trabajo (CNCT) y la Central de Trabajadores Argentinos (CTA) hicieron un acto frente a la secretar\u00eda [&hellip;]<\/p>\n","protected":false},"author":4,"featured_media":0,"comment_status":"open","ping_status":"open","sticky":false,"template":"","format":"standard","meta":{"_monsterinsights_skip_tracking":false,"_monsterinsights_sitenote_active":false,"_monsterinsights_sitenote_note":"","_monsterinsights_sitenote_category":0,"jnews-multi-image_gallery":[],"jnews_single_post":{"format":"standard"},"jnews_primary_category":[],"_joinchat":[],"footnotes":""},"categories":[58],"tags":[148],"class_list":["post-18218","post","type-post","status-publish","format-standard","hentry","category-noticiariachuelo","tag-trabajo"],"_links":{"self":[{"href":"http:\/\/fmriachuelo.it10.com.ar\/index.php\/wp-json\/wp\/v2\/posts\/18218","targetHints":{"allow":["GET"]}}],"collection":[{"href":"http:\/\/fmriachuelo.it10.com.ar\/index.php\/wp-json\/wp\/v2\/posts"}],"about":[{"href":"http:\/\/fmriachuelo.it10.com.ar\/index.php\/wp-json\/wp\/v2\/types\/post"}],"author":[{"embeddable":true,"href":"http:\/\/fmriachuelo.it10.com.ar\/index.php\/wp-json\/wp\/v2\/users\/4"}],"replies":[{"embeddable":true,"href":"http:\/\/fmriachuelo.it10.com.ar\/index.php\/wp-json\/wp\/v2\/comments?post=18218"}],"version-history":[{"count":1,"href":"http:\/\/fmriachuelo.it10.com.ar\/index.php\/wp-json\/wp\/v2\/posts\/18218\/revisions"}],"predecessor-version":[{"id":23391,"href":"http:\/\/fmriachuelo.it10.com.ar\/index.php\/wp-json\/wp\/v2\/posts\/18218\/revisions\/23391"}],"wp:attachment":[{"href":"http:\/\/fmriachuelo.it10.com.ar\/index.php\/wp-json\/wp\/v2\/media?parent=18218"}],"wp:term":[{"taxonomy":"category","embeddable":true,"href":"http:\/\/fmriachuelo.it10.com.ar\/index.php\/wp-json\/wp\/v2\/categories?post=18218"},{"taxonomy":"post_tag","embeddable":true,"href":"http:\/\/fmriachuelo.it10.com.ar\/index.php\/wp-json\/wp\/v2\/tags?post=18218"}],"curies":[{"name":"wp","href":"https:\/\/api.w.org\/{rel}","templated":true}]}}