{"id":18217,"date":"2015-05-08T03:00:00","date_gmt":"2015-05-08T03:00:00","guid":{"rendered":"http:\/\/fmriachuelo.observatorioess.org.ar\/index.php\/2015\/05\/08\/represion-contra-familias-humildes-en-abasto-la-plata\/"},"modified":"2025-03-28T16:24:19","modified_gmt":"2025-03-28T19:24:19","slug":"represion-contra-familias-humildes-en-abasto-la-plata","status":"publish","type":"post","link":"http:\/\/fmriachuelo.it10.com.ar\/index.php\/2015\/05\/08\/represion-contra-familias-humildes-en-abasto-la-plata\/","title":{"rendered":"REPRESI\u00d3N CONTRA FAMILIAS HUMILDES EN ABASTO, LA PLATA"},"content":{"rendered":"<p><span style=\"color: red;font-family: Verdana, sans-serif;font-size: large\"><strong>REPRESI\u00d3N E INTENTO DE DESALOJO: EN LA OSCURIDAD DE LA NOCHE<\/strong><\/span><\/p>\n<table cellpadding=\"0\" cellspacing=\"0\" style=\"float: left;text-align: left\">\n<tbody>\n<tr>\n<td style=\"text-align: center\"><a href=\"http:\/\/1.bp.blogspot.com\/-BoMPJZJMiC0\/VUwVz5wIrhI\/AAAAAAAAEPA\/gw46q-bcdOQ\/s1600\/abasto_desalojo.jpg\" style=\"margin-left: auto;margin-right: auto\"><span style=\"font-family: Verdana, sans-serif\"><img loading=\"lazy\" decoding=\"async\" border=\"0\" height=\"213\" src=\"http:\/\/1.bp.blogspot.com\/-BoMPJZJMiC0\/VUwVz5wIrhI\/AAAAAAAAEPA\/gw46q-bcdOQ\/s320\/abasto_desalojo.jpg\" width=\"320\" \/><\/span><\/a><\/td>\n<\/tr>\n<tr>\n<td style=\"text-align: center\"><span style=\"font-family: Verdana, sans-serif;font-size: small\">Foto: Colectivo SADO<\/span><\/td>\n<\/tr>\n<\/tbody>\n<\/table>\n<p><span style=\"font-family: Verdana, sans-serif\">\ufeff<strong style=\"text-align: justify\">[FMR 07\/05\/15] En la madrugada del d\u00eda de hoy&nbsp; &nbsp;m\u00e1s de 750 familias de Abasto fueron sorprendidas por fuerzas de&nbsp; Infanter\u00eda y la polic\u00eda, &nbsp;para ser desalojadas con balas de goma, palos y caballos, para llevar adelante el desalojo. A pesar&nbsp;de que en el d\u00eda de ayer se hab\u00eda interpuesto una medida cautelar librada por el&nbsp;juez Arias y&nbsp;llegado a un acuerdo donde participaron representantes del gobierno provincial. La feroz represi\u00f3n dej\u00f3 una gran cantidad de heridos, mientras se llevaban a 13 detenidos.<\/strong><\/span><\/p>\n<div style=\"text-align: justify\"><\/div>\n<div style=\"text-align: justify\"><span style=\"font-family: Verdana, sans-serif\">Escuch\u00e1 la entrevista que mantuvimos por <strong><span style=\"color: red\">Fm Riachuelo<\/span> <\/strong>en el <strong><span style=\"color: red\">Chispazo<\/span> Informativo&nbsp;<\/strong>con<strong> <\/strong><a href=\"http:\/\/www.mediafire.com\/listen\/dr1w2gmjdg2mgpi\/05-07-2015_-_DESALOJO_VIOLENTO_EN_ABASTO_-_NAHUEL_DE_LA_UTT.mp3\"><strong><span style=\"color: blue\">NAHUEL LEVAGGI EN EL DESALOJO DE ABASTO<\/span><\/strong><\/a><strong>, <\/strong>representante de la UTT y de la CTEP<\/span><\/div>\n<div style=\"text-align: justify\"><span style=\"font-family: Verdana, sans-serif\"><\/span><br \/><a name='more'><\/a><span style=\"font-family: Verdana, sans-serif\">Una orden de desalojo que&nbsp;en el d\u00eda de&nbsp;ayer hab\u00eda sido detenida, tal como lo inform\u00e1ramos en nuestra&nbsp;edici\u00f3n,&nbsp;hoy sigui\u00f3 su curso con graves consecuencias&nbsp;para las familias.&nbsp;&nbsp;<\/span><\/div>\n<div style=\"text-align: justify\"><span style=\"font-family: Verdana, sans-serif\"><br \/>Despu\u00e9s del d\u00eda de ayer y cuando se hab\u00eda llegado a una instancia de negociaci\u00f3n, &nbsp;de manera sorpresiva se hicieron presentes las fuerzas represivas al mando de la polic\u00eda, entrando en la madrugada con caballos, perros y pegando,  con un gran nivel de violencia e impunidad, tal como relata Nahuel Levaggi,  de la Uni\u00f3n de Trabajadores de la Tierra. No hubo consideraci\u00f3n por las familias que all\u00ed se encontraban con sus ni\u00f1os. <\/p>\n<p>Hay 13 detenidos por esta causa y&nbsp;representantes de organizaciones se hallan montando una vigilia mientras intervienen abogados&nbsp; para la pronta liberaci\u00f3n de los compa\u00f1eros injustamente detenidos. <\/p>\n<p>Ma\u00f1ana se har\u00e1 un escrache a la inmobiliaria Mattioli Propiedades, involucrada en la denuncia. Una inmobiliaria que tiene antecedentes en la usurpaci\u00f3n de tierras para la especulaci\u00f3n y que est\u00e1 sospechada de connivencia con el poder judicial que le facilitar\u00eda estos negocios interviniendo contra los m\u00e1s desprotegidos.<\/p>\n<p>Ayer se hab\u00eda postergado la orden de desalojo con la promesa de expropiar las tierras para estas familias y hoy una inesperada y violenta represi\u00f3n dej\u00f3 varios heridos y detenidos por esta causa, que parec\u00eda estar en v\u00edas de resoluci\u00f3n, mientras se abr\u00eda un compas de espera.<\/p>\n<p>La prioridad en este momento es la liberaci\u00f3n de los compa\u00f1eros injustamente detenidos y luego se proseguir\u00e1 adelante con las estrategias de lucha que posibiliten el acceso a la tierra para las personas que m\u00e1s lo necesitan, teniendo en cuenta que se trata de tierras osciosas y sin ocupar.&nbsp;<\/span><\/div>\n<p><span style=\"font-family: Verdana, sans-serif\">Las familias luchaban por su derecho a la vivienda digna, realizaron asambleas multitudinarias, cortes de calle pac\u00edficos, con el objetivo de encontrar una salida a la dif\u00edcil situaci\u00f3n que se repite por igual en muchos distritos de la Provincia  <span style=\"color: blue\">Fuente: Producci\u00f3n Riachuelo<\/span><\/span><\/p>\n<div style=\"background: white;margin: 4.5pt 0cm\"><\/div>\n<div style=\"background: white;margin: 4.5pt 0cm\"><\/div>\n<p><span style=\"font-family: Verdana, sans-serif\"><br \/><\/span><\/p>\n<div style=\"background: white;margin: 4.5pt 0cm\"><\/div>\n<p><span style=\"font-family: Verdana, sans-serif\"><br \/><\/span><\/p>\n<div style=\"background: white;margin: 4.5pt 0cm\"><\/div>\n<p><span style=\"font-family: Verdana, sans-serif\"><br \/><\/span><\/p>\n<div style=\"background: white;margin: 0cm 0cm 4.5pt\"><\/div>\n<p><span style=\"font-family: Verdana, sans-serif\"><br \/><\/span><\/p>\n<div style=\"background: white;margin: 0cm 0cm 4.5pt\"><\/div>\n<p><\/p>\n","protected":false},"excerpt":{"rendered":"<p>REPRESI\u00d3N E INTENTO DE DESALOJO: EN LA OSCURIDAD DE LA NOCHE Foto: Colectivo SADO \ufeff[FMR 07\/05\/15] En la madrugada del d\u00eda de hoy&nbsp; &nbsp;m\u00e1s de 750 familias de Abasto fueron sorprendidas por fuerzas de&nbsp; Infanter\u00eda y la polic\u00eda, &nbsp;para ser desalojadas con balas de goma, palos y caballos, para llevar adelante el desalojo. A pesar&nbsp;de [&hellip;]<\/p>\n","protected":false},"author":4,"featured_media":0,"comment_status":"open","ping_status":"open","sticky":false,"template":"","format":"standard","meta":{"_monsterinsights_skip_tracking":false,"_monsterinsights_sitenote_active":false,"_monsterinsights_sitenote_note":"","_monsterinsights_sitenote_category":0,"jnews-multi-image_gallery":[],"jnews_single_post":{"format":"standard"},"jnews_primary_category":[],"_joinchat":[],"footnotes":""},"categories":[58],"tags":[71,147,86,89],"class_list":["post-18217","post","type-post","status-publish","format-standard","hentry","category-noticiariachuelo","tag-de-la-tierra","tag-habitat","tag-noti-ctep","tag-violencia-institucional"],"_links":{"self":[{"href":"http:\/\/fmriachuelo.it10.com.ar\/index.php\/wp-json\/wp\/v2\/posts\/18217","targetHints":{"allow":["GET"]}}],"collection":[{"href":"http:\/\/fmriachuelo.it10.com.ar\/index.php\/wp-json\/wp\/v2\/posts"}],"about":[{"href":"http:\/\/fmriachuelo.it10.com.ar\/index.php\/wp-json\/wp\/v2\/types\/post"}],"author":[{"embeddable":true,"href":"http:\/\/fmriachuelo.it10.com.ar\/index.php\/wp-json\/wp\/v2\/users\/4"}],"replies":[{"embeddable":true,"href":"http:\/\/fmriachuelo.it10.com.ar\/index.php\/wp-json\/wp\/v2\/comments?post=18217"}],"version-history":[{"count":1,"href":"http:\/\/fmriachuelo.it10.com.ar\/index.php\/wp-json\/wp\/v2\/posts\/18217\/revisions"}],"predecessor-version":[{"id":23392,"href":"http:\/\/fmriachuelo.it10.com.ar\/index.php\/wp-json\/wp\/v2\/posts\/18217\/revisions\/23392"}],"wp:attachment":[{"href":"http:\/\/fmriachuelo.it10.com.ar\/index.php\/wp-json\/wp\/v2\/media?parent=18217"}],"wp:term":[{"taxonomy":"category","embeddable":true,"href":"http:\/\/fmriachuelo.it10.com.ar\/index.php\/wp-json\/wp\/v2\/categories?post=18217"},{"taxonomy":"post_tag","embeddable":true,"href":"http:\/\/fmriachuelo.it10.com.ar\/index.php\/wp-json\/wp\/v2\/tags?post=18217"}],"curies":[{"name":"wp","href":"https:\/\/api.w.org\/{rel}","templated":true}]}}