{"id":18210,"date":"2015-05-12T18:21:00","date_gmt":"2015-05-12T18:21:00","guid":{"rendered":"http:\/\/fmriachuelo.observatorioess.org.ar\/index.php\/2015\/05\/12\/homenaje-ho-chi-minh\/"},"modified":"2025-03-28T16:39:33","modified_gmt":"2025-03-28T19:39:33","slug":"homenaje-ho-chi-minh","status":"publish","type":"post","link":"http:\/\/fmriachuelo.it10.com.ar\/index.php\/2015\/05\/12\/homenaje-ho-chi-minh\/","title":{"rendered":"HOMENAJE: HO CHI MINH"},"content":{"rendered":"<p><span style=\"color: red;font-family: Verdana, sans-serif;font-size: large\"><strong>EL PATRIOTA VIETNAMITA<\/strong><\/span><\/p>\n<div style=\"clear: both;text-align: center\"><a href=\"http:\/\/3.bp.blogspot.com\/-RVg0z7dLCsY\/VVJEFTegaaI\/AAAAAAAAESk\/RvN-gLLD0Ss\/s1600\/ho%2Bchi.jpg\" style=\"clear: left;float: left;margin-bottom: 1em;margin-right: 1em\"><img loading=\"lazy\" decoding=\"async\" border=\"0\" height=\"320\" src=\"http:\/\/3.bp.blogspot.com\/-RVg0z7dLCsY\/VVJEFTegaaI\/AAAAAAAAESk\/RvN-gLLD0Ss\/s320\/ho%2Bchi.jpg\" width=\"217\" \/><\/a><\/div>\n<p><span style=\"font-family: Verdana, sans-serif\">Escuch\u00e1 a:<\/span><br \/><a href=\"http:\/\/www.mediafire.com\/listen\/ux1905ufieyoomi\/AZNARES_SOBRE_HOMENAJE_A_HO_CHI_MIN.mp3\"><span style=\"font-family: Verdana, sans-serif\"><strong>CARLOS AZNARES SOBRE EL PROXIMO HOMENAJE EN EL AUDITORIO DE ATE<\/strong><\/span><\/a><\/p>\n<div style=\"text-align: justify\"><span style=\"font-family: Verdana\"><strong>En Buenos Aires se har\u00e1 un homenaje conmemorando su natalicio en el auditorio de Asociaci\u00f3n de Trabajadores del Estado, el pr\u00f3ximo 13 de mayo a las 19 hs.<\/strong><\/span><span style=\"font-family: Verdana, sans-serif\">Adhieren: Confluencia MP La Dignidad \u2013 Movimiento Tupaj Katari \/\/ OLP-Sim\u00f3n Bol\u00edvar \/\/ Organizaci\u00f3n Social y Pol\u00edtica Los Pibes \/\/<br \/>Agrupaci\u00f3n Hombre Nuevo \/\/ Organizaci\u00f3n Segunda Independencia \/\/ Federaci\u00f3n de Cooperativas Autogestionarias MOI ( Movimiento de Ocupantes e Inquilinos ) .\/\/ Marcha Guevarista \/\/ Colectivo 4 de Febrero \/\/ Frente Popular Dar\u00edo Santill\u00e1n \/\/ Uni\u00f3n Cultural Armenia \/\/ Juventud de la Uni\u00f3n Cultural Armenia \/\/ Amig@s del Pueblo Vasco \/\/ Marcha Patri\u00f3tica, de Colombia, Fernando Cardozo, Sec. Relaciones Institucionales de la CTA Capital,  Fogoneros.<\/span><\/div>\n<div style=\"text-align: justify\"><span style=\"font-family: Verdana\"><\/span>&nbsp;<\/div>\n<div style=\"text-align: justify\"><span style=\"font-family: Verdana, sans-serif\">El pr\u00f3ximo 19 de mayo se cumplir\u00e1n 125 a\u00f1os del nacimiento de Nguyen That Thanh o Nguyen Ai Quoc conocido mundialmente con el nombre de Ho Chi Minh.<\/span><\/div>\n<p><span style=\"font-family: Verdana, sans-serif\"><br \/><strong>Historia<\/strong><br \/><strong><a name='more'><\/a><\/strong><br \/>Nacido en la Indochina francesa, emigr\u00f3 a la metr\u00f3poli en 1912. En Par\u00eds se convirti\u00f3 en militante del partido socialista franc\u00e9s (SFIO). Cuando la Revoluci\u00f3n rusa escindi\u00f3 a los socialistas de todo el mundo, se aline\u00f3 con el grupo que fund\u00f3 el Partido Comunista Franc\u00e9s (1920). <\/p>\n<p>Tras haber participado en actividades de la Internacional  Comunista, se traslad\u00f3 a China, donde organiz\u00f3 la Juventud Revolucionaria, reclutando entre los exiliados el n\u00facleo humano necesario para impulsar una revoluci\u00f3n anticolonial en Indochina (1924); sobre aquella base fund\u00f3 m\u00e1s tarde el Partido Comunista Indochino (1930). <\/p>\n<p>Condenado a muerte por las autoridades coloniales francesas, hubo de huir y refugiarse en la Uni\u00f3n Sovi\u00e9tica (1931). En 1938 entr\u00f3 en contacto con Mao Zedong en China, desde donde pas\u00f3 a Vietnam en 1941, para participar en la lucha contra Jap\u00f3n y contra la Francia de Vichy, en el  marco de la Segunda Guerra Mundial (1939-45). Fue entonces cuando fund\u00f3 el Vietminh (Liga para la Independencia de Vietnam). Tratando de formar un frente amplio tanto contra los japoneses como contra Francia, recab\u00f3 el apoyo del  dirigente nacionalista chino Chang Kai-shek, pero \u00e9ste desconfi\u00f3 de \u00e9l y le hizo apresar. <\/p>\n<p>Liberado en 1943, tom\u00f3 el mando de la insurrecci\u00f3n nacional vietnamita contra los franceses, adoptando el nombre de guerra de Ho Chi Minh (\u00abel que ilumina\u00bb). En 1945 vio reconocida formalmente la independencia de la Rep\u00fablica Democr\u00e1tica de Vietnam, como parte de la estrategia japonesa para utilizar los nacionalismos asi\u00e1ticos en contra de la presencia europea en la zona; pero, al terminar la guerra con la derrota del Jap\u00f3n, los vencedores decidieron en la Conferencia de Postdam dividir Vietnam en dos zonas, la Rep\u00fablica Democr\u00e1tica de Vietnam al norte, dominada por el Vietminh, y una zona de ocupaci\u00f3n brit\u00e1nica en el sur. <\/p>\n<p>En 1946 Gran Breta\u00f1a entreg\u00f3 a Francia su zona de ocupaci\u00f3n, coyuntura que aprovech\u00f3 el gobierno franc\u00e9s para negarse a reconocer al nuevo Estado independiente del Norte e intentar recuperar por la fuerza el control de sus antiguas colonias de Indochina. El Vietminh hubo de sostener una nueva guerra, en la que cont\u00f3 con el apoyo de la Uni\u00f3n Sovi\u00e9tica y de China, enfrentadas en el marco de la \u00abguerra fr\u00eda\u00bb contra el r\u00e9gimen conservador y prooccidental del emperador Bao Dai en el sur, al que apoyaban Francia y Estados Unidos. <\/p>\n<p>La guerra se sald\u00f3 con el triunfo del Vietminh tras la batalla de Dien Bien Phu (1954), que oblig\u00f3 a Francia a reconocer la existencia en Indochina de cuatro Estados independientes: Laos, Camboya, Vietnam del Sur y Vietnam del Norte, este \u00faltimo bajo gobierno de Ho Chi Minh. <\/p>\n<p>\u00c9ste estableci\u00f3 un r\u00e9gimen socialista alineado con la Uni\u00f3n Sovi\u00e9tica, impuls\u00f3 una profunda reforma agraria y se esforz\u00f3 por impedir la corrupci\u00f3n y el abuso de poder, manteniendo un liderazgo carism\u00e1tico basado en compartir las decisiones pol\u00edticas y en mantener un estilo de vida austero y popular. Prosigui\u00f3 su lucha revolucionaria por la reunificaci\u00f3n de Vietnam, prestando apoyo desde el norte al movimiento guerrillero comunista del sur (Vietcong), que se enfrentaba a una dictadura sostenida por la ayuda militar de Estados Unidos. <\/p>\n<p>Desde 1957, la insurrecci\u00f3n masiva del campesinado contra el gobierno t\u00edtere del sur hizo recaer el peso de lguerra sobre el ej\u00e9rcito norteamericano, que utiliz\u00f3 su abrumadora superioridad en medios para masacrar cruelmente a la poblaci\u00f3n civil, sin poder impedir la derrota final frente a la estrategia guerrillera del Vietcong. Desde 1968, el presidente norteamericano Johnson abri\u00f3 negociaciones de paz con Vietnam del Norte, que se completar\u00edan bajo el mandato de Nixon. <\/p>\n<p>Sin embargo, el l\u00edder y fundador del movimiento, Ho Chi Minh, muri\u00f3 antes del fin de la guerra, sin llegar a ver la retirada estadounidense (1973), el hundimiento militar de Vietnam del Sur (1975) y la reunificaci\u00f3n del pa\u00eds bajo un r\u00e9gimen comunista (1976). H\u1ed3 Ch\u00ed Minh muri\u00f3 durante la ma\u00f1ana del 2 de septiembre de 1969, en una cueva de Han\u00f3i a la edad de 79 a\u00f1o. En su honor, las autoridades vietnamitas pusieron el nombre de Ciudad Ho Chi Minh a la  antigua capital de Vietnam del Sur, Saig\u00f3n (1975).<br \/><img decoding=\"async\" src=\"https:\/\/ssl.gstatic.com\/ui\/v1\/icons\/mail\/images\/cleardot.gif\" \/><\/p>\n<p> <span style=\"color: blue\">Fuente: Resumen Latinoamericano, Radio Liberaci\u00f3n, Producci\u00f3n Riachuelo<\/span><\/p>\n<p> <\/span><\/p>\n","protected":false},"excerpt":{"rendered":"<p>EL PATRIOTA VIETNAMITA Escuch\u00e1 a:CARLOS AZNARES SOBRE EL PROXIMO HOMENAJE EN EL AUDITORIO DE ATE En Buenos Aires se har\u00e1 un homenaje conmemorando su natalicio en el auditorio de Asociaci\u00f3n de Trabajadores del Estado, el pr\u00f3ximo 13 de mayo a las 19 hs.Adhieren: Confluencia MP La Dignidad \u2013 Movimiento Tupaj Katari \/\/ OLP-Sim\u00f3n Bol\u00edvar \/\/ [&hellip;]<\/p>\n","protected":false},"author":4,"featured_media":0,"comment_status":"open","ping_status":"open","sticky":false,"template":"","format":"standard","meta":{"_monsterinsights_skip_tracking":false,"_monsterinsights_sitenote_active":false,"_monsterinsights_sitenote_note":"","_monsterinsights_sitenote_category":0,"jnews-multi-image_gallery":[],"jnews_single_post":{"format":"standard"},"jnews_primary_category":[],"_joinchat":[],"footnotes":""},"categories":[58],"tags":[72],"class_list":["post-18210","post","type-post","status-publish","format-standard","hentry","category-noticiariachuelo","tag-historia-de-la-lucha-de-los-pueblos"],"_links":{"self":[{"href":"http:\/\/fmriachuelo.it10.com.ar\/index.php\/wp-json\/wp\/v2\/posts\/18210","targetHints":{"allow":["GET"]}}],"collection":[{"href":"http:\/\/fmriachuelo.it10.com.ar\/index.php\/wp-json\/wp\/v2\/posts"}],"about":[{"href":"http:\/\/fmriachuelo.it10.com.ar\/index.php\/wp-json\/wp\/v2\/types\/post"}],"author":[{"embeddable":true,"href":"http:\/\/fmriachuelo.it10.com.ar\/index.php\/wp-json\/wp\/v2\/users\/4"}],"replies":[{"embeddable":true,"href":"http:\/\/fmriachuelo.it10.com.ar\/index.php\/wp-json\/wp\/v2\/comments?post=18210"}],"version-history":[{"count":1,"href":"http:\/\/fmriachuelo.it10.com.ar\/index.php\/wp-json\/wp\/v2\/posts\/18210\/revisions"}],"predecessor-version":[{"id":23402,"href":"http:\/\/fmriachuelo.it10.com.ar\/index.php\/wp-json\/wp\/v2\/posts\/18210\/revisions\/23402"}],"wp:attachment":[{"href":"http:\/\/fmriachuelo.it10.com.ar\/index.php\/wp-json\/wp\/v2\/media?parent=18210"}],"wp:term":[{"taxonomy":"category","embeddable":true,"href":"http:\/\/fmriachuelo.it10.com.ar\/index.php\/wp-json\/wp\/v2\/categories?post=18210"},{"taxonomy":"post_tag","embeddable":true,"href":"http:\/\/fmriachuelo.it10.com.ar\/index.php\/wp-json\/wp\/v2\/tags?post=18210"}],"curies":[{"name":"wp","href":"https:\/\/api.w.org\/{rel}","templated":true}]}}