{"id":18209,"date":"2015-05-12T21:30:00","date_gmt":"2015-05-12T21:30:00","guid":{"rendered":"http:\/\/fmriachuelo.observatorioess.org.ar\/index.php\/2015\/05\/12\/colombia-los-sectores-agricolas-amenazan-con-nuevas-medidas\/"},"modified":"2025-03-28T16:40:19","modified_gmt":"2025-03-28T19:40:19","slug":"colombia-los-sectores-agricolas-amenazan-con-nuevas-medidas","status":"publish","type":"post","link":"http:\/\/fmriachuelo.it10.com.ar\/index.php\/2015\/05\/12\/colombia-los-sectores-agricolas-amenazan-con-nuevas-medidas\/","title":{"rendered":"COLOMBIA: LOS SECTORES AGR\u00cdCOLAS AMENAZAN CON NUEVAS MEDIDAS"},"content":{"rendered":"<p><span style=\"font-family: Verdana, sans-serif\"><strong><span style=\"color: red;font-size: large\">&nbsp;EL CAMPESINADO EN LUCHA<\/span> <\/strong><\/span><\/p>\n<div style=\"clear: both;text-align: center\"><a href=\"http:\/\/4.bp.blogspot.com\/-MhsmuD_J1os\/VVKDSzu8BkI\/AAAAAAAAETQ\/Ejw9Y-8foMs\/s1600\/cumbre%2Bagraria.png\" style=\"clear: left;float: left;margin-bottom: 1em;margin-right: 1em\"><img loading=\"lazy\" decoding=\"async\" border=\"0\" height=\"179\" src=\"http:\/\/4.bp.blogspot.com\/-MhsmuD_J1os\/VVKDSzu8BkI\/AAAAAAAAETQ\/Ejw9Y-8foMs\/s320\/cumbre%2Bagraria.png\" width=\"320\" \/><\/a><\/div>\n<p><span style=\"font-family: Verdana, sans-serif\"><span style=\"font-size: x-small\">[Hern\u00e1n Camacho\/Resumen Latinoamericano\/Prensa Rural, 11 de mayo de 2015]<\/span> &#8211; Mientras el Gobierno Nacional escucha atentamente las recomendaciones que la OCDE*, \u201cel club de los ricos\u201d en materia agraria, los campesinos de la Cumbre Agraria le exigen al gobierno no dilatar las negociaciones del pliego \u00fanico de peticiones presentado hace un a\u00f1o, y del que no se ha llegado a un solo acuerdo.<br \/><a name='more'><\/a><br \/>Era mayo de 2014 cuando el campesinado colombiano anunciaba el segundo tiempo del paro agrario que hab\u00eda empezado en agosto de 2013. El Gobierno Nacional llam\u00f3 a los dirigentes agrarios, \u00e9tnicos y afros para sentarse a una mesa, definir la metodolog\u00eda y discutir la propuesta de reforma agraria integral que reclamaba la Cumbre Agraria. Hoy, el balance que arroja un a\u00f1o de encuentros y lo distantes que pueden estar los acuerdos, resulta desalentador.<\/p>\n<p>Dilaci\u00f3n institucional<\/p>\n<p>En carta dirigida al ministro del Interior, Juan Fernando Cristo, y al ministro de Agricultura, Aurelio Iragorri, les notifican una alerta sobre el estado de las negociaciones y el saldo en rojo en materia de cumplimiento con los sectores agrarios. La dilaci\u00f3n ha caracterizado al Gobierno desde el d\u00eda uno de la negociaci\u00f3n y la paciencia de la Cumbre est\u00e1 agot\u00e1ndose.<\/p>\n<p>Cinco son los puntos en los que el campesinado advierte crisis. La Subcomisi\u00f3n de Derechos Humanos y Garant\u00edas fue un acuerdo entre el campesinado y el Gobierno Nacional para detener la muerte selectiva de dirigentes del paro agrario en todas las regiones del pa\u00eds y se garantizara no solo el derecho a la protesta sino el derecho a la vida.<\/p>\n<p>Adem\u00e1s la subcomisi\u00f3n le otorgar\u00eda garant\u00edas del debido proceso a quienes la Fuerza P\u00fablica y los organismos de inteligencia se\u00f1alaban en la protesta como integrantes de la insurgencia. \u201cHay una vulneraci\u00f3n de derechos por parte del Gobierno Nacional, teniendo en cuenta los acuerdos pactados hace un a\u00f1o y que hasta este momento no hay respuesta de nada\u201d, explica Alejandro Fonseca, delegado de la Organizaci\u00f3n Ind\u00edgena de Colombia. El llamado de atenci\u00f3n en materia de derechos humanos no solamente se dirige al Gobierno Nacional.<\/p>\n<p>Otra instituci\u00f3n con rol protagonista en los acuerdos es la Fiscal\u00eda General de la Naci\u00f3n, que estuvo presente en la mesa y adquiri\u00f3 compromisos como el hacer parte de las comisiones de verificaci\u00f3n de la situaci\u00f3n de los detenidos en medio de la protesta y visitar las regiones que padecen una sistem\u00e1tica violaci\u00f3n de derechos humanos. Hasta el momento, dice la Cumbre Agraria, no se ha hecho la primera verificaci\u00f3n en el terreno y ya van varios campesinos asesinados por la presencia paramilitar.<\/p>\n<p>La comunidad afro<\/p>\n<p>La Cumbre Agraria tiene un componente afro para solucionar las peticiones de las comunidades negras, afrocolombianas y raizales. Temas como la consulta previa est\u00e1n siendo soslayados en mayor medida cuando se trata de asuntos mineros.<\/p>\n<p>Las comunidades afro se reunieron en 2013 en una especie de congreso que agrupa buena parte de esas comunidades y all\u00ed se plante\u00f3 una serie de iniciativas pol\u00edticas, que en el marco de la negociaci\u00f3n con la Cumbre Agraria tomar\u00edan relevancia y convertir\u00edan a esas comunidades en interlocutores v\u00e1lidos para el Gobierno Nacional.<\/p>\n<p>Hasta ahora lo que ha habido es indiferencia ante las comunidades organizadas. Carlos Rosero, fundador del Proceso de Comunidades Negras en Colombia, ha dicho: \u201cCon el Gobierno Nacional nos hemos reunido bastante, se ha discutido bastante, pero de acuerdos nada\u201d.<\/p>\n<p>Los recursos<\/p>\n<p>Otro llamado de atenci\u00f3n hecho por la Cumbre Agraria tiene que ver con los recursos que prometi\u00f3 el Ejecutivo en medio del paro y que permiti\u00f3 que \u00e9ste se levantara. Con la firma de Aurelio Iragorri, jefe de la cartera de Agricultura, el Gobierno Nacional prometi\u00f3 un monto de 250 mil millones de pesos para invertir en proyectos productivos como el primer salvavidas que lanzaba el Ejecutivo para conjurar la crisis de ese momento. Tales recursos, insuficientes para enfrentar la crisis agraria de fondo, fueron un voto de confianza que el campesinado le otorg\u00f3 al Gobierno Nacional.<\/p>\n<p>Los rubros deber\u00edan estar sustentados en 233 proyectos productivos para el desarrollo rural, d\u00e1ndole prioridad a las necesidades regionales que se exig\u00edan en ese momento. Los temas en los cuales se desarrollar\u00edan los proyectos quedaron estipulados as\u00ed: agua potable y alcantarillado, educaci\u00f3n, salud, v\u00edas terciarias e infraestructura agropecuaria.<\/p>\n<p>El compromiso no solamente era del Gobierno. La Cumbre Agraria deb\u00eda entregar los proyectos debidamente planificados para ser ejecutados despu\u00e9s del desembolso de los recursos a cargo del Ministerio de Agricultura. A igual responsabilidad igual derecho, y la tarea de los campesinos fue cumplida. El 22 de diciembre de 2014, fueron radicados en el Ministerio de Agricultura los 233 proyectos, y sin embargo, hasta hoy el Gobierno solo ha valorado y aprobado 76 con un costo de 102 mil millones de pesos. Faltan 157 proyectos que seg\u00fan promesa del ministro Iragorri estar\u00edan autorizados a m\u00e1s tardar el 30 de marzo de 2014. Y no es as\u00ed.<\/p>\n<p>Mara\u00f1a jur\u00eddica<\/p>\n<p>Para los setenta proyectos aprobados, el Ministerio no ha desembolsado los dineros. \u201cEntre la mara\u00f1a jur\u00eddica y administrativa dise\u00f1ada en contra de las comunidades campesinas y el bienestar campesino no se ha desembolsado un solo peso\u201d, dice la Cumbre en su balance. Seg\u00fan explicaron los voceros de la Cumbre, las partidas presupuestales prometidas no se incluyeron en el presupuesto para 2015 y no hay certeza que se tenga el dinero para 2016 y menos si se pueda ejecutar en 2017. Es decir: tres a\u00f1os despu\u00e9s del paro.<\/p>\n<p>\u201cHubo reuniones con el viceministro y sus asesores tecn\u00f3cratas y es la hora que no han comprado un solo terreno, un solo veh\u00edculo que sirva para desarrollar los proyectos productivos que presentamos, que entre otras, tampoco tienen asignaci\u00f3n en ning\u00fan presupuesto. No est\u00e1n claras las reglas de juego, no hay recursos para los proyectos\u201d, le explicaron a VOZ voceros campesinos.<\/p>\n<p>La queja de la Cumbre Agraria es la ausencia de voluntad del ministerio del ramo para dise\u00f1ar una pol\u00edtica p\u00fablica focalizada y diferenciada que fortalezca la econom\u00eda propia. \u201cAl contrario, el Ministerio viene tomando medidas que agravan la situaci\u00f3n campesina introduciendo herramientas de pol\u00edtica p\u00fablica para favorecer el acceso a la tierra del gran capital y no de la econom\u00eda campesina en el Plan Nacional de Desarrollo\u201d, manifestaron voceros de la Cumbre Agraria, que se declararon en asamblea permanente mientras el gobierno nacional reflexiona y cumple los acuerdos. De lo contrario, se vislumbra un nuevo paro agrario nacional, pero tambi\u00e9n un perverso mensaje para la paz de Colombia.<\/p>\n<p>Al cierre de la edici\u00f3n se esperaba una reuni\u00f3n entre campesinos y el presidente Santos.<\/p>\n<p> *<br \/><span style=\"font-family: Times New Roman\"><span style=\"font-family: Verdana, sans-serif;font-size: x-small\">Organizaci\u00f3n para la Cooperaci\u00f3n y Desarrollo Econ\u00f3micos (OCDE),&nbsp; agrupa a 34 pa\u00edses miembros y su misi\u00f3n es promover pol\u00edticas que mejoren el bienestar econ\u00f3mico y social de las personas alrededor del mundo.<\/span><br \/><span style=\"font-family: Verdana, sans-serif;font-size: x-small\">La OCDE ofrece un foro donde los gobiernos puedan trabajar conjuntamente para compartir experiencias y buscar soluciones a los problemas comunes. Trabajamos para entender que es lo que conduce al cambio econ\u00f3mico, social y ambiental. Medimos la productividad y los flujos globales del comercio e inversi\u00f3n. Analizamos y comparamos datos para realizar pron\u00f3sticos de tendencias. Fijamos est\u00e1ndares internacionales dentro de un amplio rango de temas de pol\u00edticas p\u00fablicas.<\/span>&nbsp;<\/span><\/span><\/p>\n<div>\n<div><\/div>\n<p><!--author-text-->     <\/div>\n<p><span style=\"color: blue;font-family: Verdana, sans-serif\">Fuente: Resumen Latinoamericano, Producci\u00f3n Riachuelo<\/span><\/p>\n","protected":false},"excerpt":{"rendered":"<p>&nbsp;EL CAMPESINADO EN LUCHA [Hern\u00e1n Camacho\/Resumen Latinoamericano\/Prensa Rural, 11 de mayo de 2015] &#8211; Mientras el Gobierno Nacional escucha atentamente las recomendaciones que la OCDE*, \u201cel club de los ricos\u201d en materia agraria, los campesinos de la Cumbre Agraria le exigen al gobierno no dilatar las negociaciones del pliego \u00fanico de peticiones presentado hace un [&hellip;]<\/p>\n","protected":false},"author":4,"featured_media":0,"comment_status":"open","ping_status":"open","sticky":false,"template":"","format":"standard","meta":{"_monsterinsights_skip_tracking":false,"_monsterinsights_sitenote_active":false,"_monsterinsights_sitenote_note":"","_monsterinsights_sitenote_category":0,"jnews-multi-image_gallery":[],"jnews_single_post":{"format":"standard"},"jnews_primary_category":[],"_joinchat":[],"footnotes":""},"categories":[58],"tags":[70,71],"class_list":["post-18209","post","type-post","status-publish","format-standard","hentry","category-noticiariachuelo","tag-de-la-patria-grande","tag-de-la-tierra"],"_links":{"self":[{"href":"http:\/\/fmriachuelo.it10.com.ar\/index.php\/wp-json\/wp\/v2\/posts\/18209","targetHints":{"allow":["GET"]}}],"collection":[{"href":"http:\/\/fmriachuelo.it10.com.ar\/index.php\/wp-json\/wp\/v2\/posts"}],"about":[{"href":"http:\/\/fmriachuelo.it10.com.ar\/index.php\/wp-json\/wp\/v2\/types\/post"}],"author":[{"embeddable":true,"href":"http:\/\/fmriachuelo.it10.com.ar\/index.php\/wp-json\/wp\/v2\/users\/4"}],"replies":[{"embeddable":true,"href":"http:\/\/fmriachuelo.it10.com.ar\/index.php\/wp-json\/wp\/v2\/comments?post=18209"}],"version-history":[{"count":1,"href":"http:\/\/fmriachuelo.it10.com.ar\/index.php\/wp-json\/wp\/v2\/posts\/18209\/revisions"}],"predecessor-version":[{"id":23403,"href":"http:\/\/fmriachuelo.it10.com.ar\/index.php\/wp-json\/wp\/v2\/posts\/18209\/revisions\/23403"}],"wp:attachment":[{"href":"http:\/\/fmriachuelo.it10.com.ar\/index.php\/wp-json\/wp\/v2\/media?parent=18209"}],"wp:term":[{"taxonomy":"category","embeddable":true,"href":"http:\/\/fmriachuelo.it10.com.ar\/index.php\/wp-json\/wp\/v2\/categories?post=18209"},{"taxonomy":"post_tag","embeddable":true,"href":"http:\/\/fmriachuelo.it10.com.ar\/index.php\/wp-json\/wp\/v2\/tags?post=18209"}],"curies":[{"name":"wp","href":"https:\/\/api.w.org\/{rel}","templated":true}]}}