{"id":18208,"date":"2015-05-03T23:51:00","date_gmt":"2015-05-03T23:51:00","guid":{"rendered":"http:\/\/fmriachuelo.observatorioess.org.ar\/index.php\/2015\/05\/03\/comienza-el-juicio-por-torturas-a-luciano-arruga\/"},"modified":"2025-03-28T16:04:02","modified_gmt":"2025-03-28T19:04:02","slug":"comienza-el-juicio-por-torturas-a-luciano-arruga","status":"publish","type":"post","link":"http:\/\/fmriachuelo.it10.com.ar\/index.php\/2015\/05\/03\/comienza-el-juicio-por-torturas-a-luciano-arruga\/","title":{"rendered":"COMIENZA EL JUICIO POR TORTURAS A LUCIANO ARRUGA"},"content":{"rendered":"<p><span style=\"color: red;font-family: Verdana, sans-serif;font-size: large\"><strong>\u00a1POR NUESTROS PIBES!<\/strong><\/span><br \/><span style=\"color: red;font-family: Verdana, sans-serif;font-size: large\"><strong>\u00a1NI UN PIBE MENOS!<\/strong><\/span><\/p>\n<div style=\"text-align: justify\"><span style=\"font-family: Verdana, sans-serif\"><strong>A continuaci\u00f3n reproducimos el comunicado de Familiares y Amigos de Luciano Arruga. El lunes 4 de mayo comienza el juicio al polic\u00eda Torales por torturas. Convocan a movilizarse a los Tribunales de San Justo.<\/strong><\/span> <\/div>\n<div style=\"text-align: justify\"><a href=\"http:\/\/1.bp.blogspot.com\/-A_YbFuyYrmA\/VUazmf4IwaI\/AAAAAAAAELU\/mdbpS_GVCss\/s1600\/luciano%2Barruga.jpg\" style=\"clear: left;float: left;margin-bottom: 1em;margin-right: 1em\"><img decoding=\"async\" border=\"0\" src=\"http:\/\/1.bp.blogspot.com\/-A_YbFuyYrmA\/VUazmf4IwaI\/AAAAAAAAELU\/mdbpS_GVCss\/s1600\/luciano%2Barruga.jpg\" \/><\/a>&nbsp;<span style=\"font-family: Verdana, sans-serif\">\u201cSe trata de la detenci\u00f3n a Luciano el 22 de septiembre de 2008, cuando fue brutalmente torturado durante diez horas en la cocina del entonces destacamento de Lomas del Mirador, hoy Espacio para la Memoria Luciano Arruga.<\/span><br \/><a name='more'><\/a><span style=\"font-family: Verdana, sans-serif\"> En aquella oportunidad, fueron a buscarlo su mam\u00e1 y su hermana y escucharon c\u00f3mo les ped\u00eda por favor que lo sacaran porque lo estaban golpeando. La polic\u00eda las priv\u00f3 del derecho a verlo. Luciano ten\u00eda 16 a\u00f1os y estuvo detenido y encerrado ilegalmente sin la intervenci\u00f3n de un juez de menores. Las audiencias se realizar\u00e1n todos los d\u00edas h\u00e1biles a partir del lunes 4 de mayo en el Tribunal Oral en lo Criminal y Correccional Nro 3 de La Matanza (Juan Florio 2765, San Justo). El juicio es oral y p\u00fablico y podr\u00e1 ser presenciado de forma libre hasta agotar los cupos (llevar DNI). Nuestros abogados Juan Manuel Combi (APDH La Matanza), Maximiliano Medina (CELS) y Mar\u00eda Dinard (CELS) estar\u00e1n all\u00ed para acompa\u00f1ar a M\u00f3nica Alegre, mam\u00e1 de Luciano, y defenderla como particular damnificada en esta causa. En el marco de la sistematicidad de un mecanismo atroz para controlar a la juventud y entendiendo al delito denunciado como una herramienta fundamental de la represi\u00f3n institucional, nos sorprende y preocupa que este sea uno de los primeros juicios caratulados como Torturas. En democracia se reprime, se mata y se desaparece. Esperamos una sentencia ejemplificadora para sentar precedente sobre la problem\u00e1tica. Para nosotros es importante marcar que esta causa tiene relaci\u00f3n directa con el hostigamiento sistem\u00e1tico en los meses previos al secuestro y desaparici\u00f3n de Luciano Arruga en enero de 2009. Familiares y amigos de Luciano Arruga realizamos una convocatoria abierta a medios, organizaciones, organismos de derechos humanos y personalidades. Consideramos que s\u00f3lo con la lucha en la calle y la movilizaci\u00f3n popular podemos conseguir una condena justa que nos permita seguir avanzando contra la pol\u00edtica de represi\u00f3n del Estado. Los invitamos y esperamos, desde el 4 de mayo y hasta que finalice el juicio, todos los d\u00edas a las 9 hs. en Juan Florio 2765 (La Matanza, San Justo) a concentrarnos en reclamo de Justicia y a defender esta causa. A Luciano lo mat\u00f3 la polic\u00eda, lo desapareci\u00f3 el Estado\u00bb. <\/span><\/p>\n<div style=\"text-align: justify\"><span style=\"font-family: Verdana, sans-serif\"><strong>Fuera la polic\u00eda de nuestros barrios<\/strong><\/span><\/div>\n<div style=\"text-align: justify\"><span style=\"font-family: Verdana, sans-serif\">Familiares y amigos de Luciano Arruga<\/span><\/div>\n<div style=\"text-align: justify\"><span style=\"color: blue;font-family: Verdana, sans-serif\">Fuente: La Izquierda Diario, Producci\u00f3n Riachuelo<\/span><\/div>\n<\/div>\n","protected":false},"excerpt":{"rendered":"<p>\u00a1POR NUESTROS PIBES!\u00a1NI UN PIBE MENOS! A continuaci\u00f3n reproducimos el comunicado de Familiares y Amigos de Luciano Arruga. El lunes 4 de mayo comienza el juicio al polic\u00eda Torales por torturas. Convocan a movilizarse a los Tribunales de San Justo. &nbsp;\u201cSe trata de la detenci\u00f3n a Luciano el 22 de septiembre de 2008, cuando fue [&hellip;]<\/p>\n","protected":false},"author":4,"featured_media":0,"comment_status":"open","ping_status":"open","sticky":false,"template":"","format":"standard","meta":{"_monsterinsights_skip_tracking":false,"_monsterinsights_sitenote_active":false,"_monsterinsights_sitenote_note":"","_monsterinsights_sitenote_category":0,"jnews-multi-image_gallery":[],"jnews_single_post":{"format":"standard"},"jnews_primary_category":[],"_joinchat":[],"footnotes":""},"categories":[58],"tags":[119,89],"class_list":["post-18208","post","type-post","status-publish","format-standard","hentry","category-noticiariachuelo","tag-derechos-humanos","tag-violencia-institucional"],"_links":{"self":[{"href":"http:\/\/fmriachuelo.it10.com.ar\/index.php\/wp-json\/wp\/v2\/posts\/18208","targetHints":{"allow":["GET"]}}],"collection":[{"href":"http:\/\/fmriachuelo.it10.com.ar\/index.php\/wp-json\/wp\/v2\/posts"}],"about":[{"href":"http:\/\/fmriachuelo.it10.com.ar\/index.php\/wp-json\/wp\/v2\/types\/post"}],"author":[{"embeddable":true,"href":"http:\/\/fmriachuelo.it10.com.ar\/index.php\/wp-json\/wp\/v2\/users\/4"}],"replies":[{"embeddable":true,"href":"http:\/\/fmriachuelo.it10.com.ar\/index.php\/wp-json\/wp\/v2\/comments?post=18208"}],"version-history":[{"count":1,"href":"http:\/\/fmriachuelo.it10.com.ar\/index.php\/wp-json\/wp\/v2\/posts\/18208\/revisions"}],"predecessor-version":[{"id":23370,"href":"http:\/\/fmriachuelo.it10.com.ar\/index.php\/wp-json\/wp\/v2\/posts\/18208\/revisions\/23370"}],"wp:attachment":[{"href":"http:\/\/fmriachuelo.it10.com.ar\/index.php\/wp-json\/wp\/v2\/media?parent=18208"}],"wp:term":[{"taxonomy":"category","embeddable":true,"href":"http:\/\/fmriachuelo.it10.com.ar\/index.php\/wp-json\/wp\/v2\/categories?post=18208"},{"taxonomy":"post_tag","embeddable":true,"href":"http:\/\/fmriachuelo.it10.com.ar\/index.php\/wp-json\/wp\/v2\/tags?post=18208"}],"curies":[{"name":"wp","href":"https:\/\/api.w.org\/{rel}","templated":true}]}}