{"id":18207,"date":"2015-05-04T21:00:00","date_gmt":"2015-05-04T21:00:00","guid":{"rendered":"http:\/\/fmriachuelo.observatorioess.org.ar\/index.php\/2015\/05\/04\/confederacion-de-trabajadores-de-la-economia-popular-seccional-sudoeste\/"},"modified":"2025-03-28T16:06:20","modified_gmt":"2025-03-28T19:06:20","slug":"confederacion-de-trabajadores-de-la-economia-popular-seccional-sudoeste","status":"publish","type":"post","link":"http:\/\/fmriachuelo.it10.com.ar\/index.php\/2015\/05\/04\/confederacion-de-trabajadores-de-la-economia-popular-seccional-sudoeste\/","title":{"rendered":"CONFEDERACION DE TRABAJADORES DE LA ECONOM\u00cdA POPULAR: SECCIONAL SUDOESTE"},"content":{"rendered":"<p><strong><span style=\"font-family: Verdana, sans-serif\">La Tierra, madre de las luchas<\/span><\/strong><br \/><strong><span style=\"font-family: Verdana, sans-serif;font-size: large\">PRIMER ENCUENTRO &#8211; Mayo de 2015<\/span><\/strong><\/p>\n<div>\n<div align=\"JUSTIFY\" style=\"line-height: 16px\">\n<div style=\"line-height: 115%\"><span style=\"font-family: Tahoma,sans-serif;font-size: 12pt;line-height: 115%\">El s\u00e1bado 2 de mayo se realiz\u00f3 el primer Encuentro de la Confederaci\u00f3n de Trabajadores de la Econom\u00eda Popular \u2013 Seccional Sudoeste, que comprende los municipios de Ezeiza, Ca\u00f1uelas, Almirante Brown y Esteban Echeverr\u00eda. Oficiaron de anfitriones los compa\u00f1eros de la Agrupaci\u00f3n \u201cDe Frente\u201d en el predio de la \u201cCooperativa Creer\u201d en la localidad de M\u00e1ximo Paz.<\/span><span style=\"font-family: Helvetica,sans-serif;font-size: 12pt;line-height: 115%\"><\/span><\/div>\n<div style=\"line-height: 115%\"><span style=\"font-family: Helvetica,sans-serif;font-size: 12pt;line-height: 115%\"><\/span><a name='more'><\/a><\/p>\n<div style=\"line-height: 115%\"><span style=\"font-family: Tahoma,sans-serif;font-size: 12pt;line-height: 115%\">Cont\u00f3 con la presencia de representantes de diversas organizaciones pol\u00edticas y sociales como el Movimiento Evita, la Uni\u00f3n de Trabajadores de la Tierra (UTT), la Agrupaci\u00f3n De Frente, la Organizaci\u00f3n Social y Pol\u00edtica Los Pibes (OsypLP), MILES, Madre Tierra, F.U.C.V.A.M. (Federaci\u00f3n Uruguaya de Cooperativas de Vivienda por Ayuda Mutua), JPBA (Juventud Peronista Buenos Aires), FPDS (Frente Popular Dar\u00edo Santill\u00e1n), entre otras.<\/span><span style=\"font-family: Helvetica,sans-serif;font-size: 12pt;line-height: 115%\"><\/span><\/div>\n<div style=\"line-height: 115%\"><span style=\"font-family: Helvetica,sans-serif;font-size: 12pt;line-height: 115%\">&nbsp;<\/span><\/div>\n<div style=\"line-height: 115%\"><span style=\"font-family: Tahoma,sans-serif;font-size: 12pt;line-height: 115%\">Pese a la enorme adversidad de las condiciones clim\u00e1ticas, la concurrencia al encuentro se nutri\u00f3 de cerca de un centenar de asistentes entre referentes y militantes de las organizaciones presentes y habitantes y trabajadores de la regi\u00f3n comprometidos y preocupados por el futuro de nuestra sociedad en general y, en particular, de los trabajadores de la Econom\u00eda Popular.<\/span><span style=\"font-family: Helvetica,sans-serif;font-size: 12pt;line-height: 115%\"><\/span><\/div>\n<div style=\"line-height: 115%\"><span style=\"font-family: Helvetica,sans-serif;font-size: 12pt;line-height: 115%\">&nbsp;<\/span><\/div>\n<div style=\"line-height: 115%\"><span style=\"font-family: Tahoma,sans-serif;font-size: 12pt;line-height: 115%\">El encuentro se inici\u00f3 con la palabra de Marta Ferraro, referente de la Agrupaci\u00f3n De Frente e integrante de la CTEP Regional Sudoeste, quien en una mesa compartida con Hugo Almada del Movimiento Evita de Ezeiza, Anal\u00eda Esquivel y Mario Falc\u00f3n de la Coop. Do\u00f1a. Matea y Daniel Amarilla del Movimiento Evita de Almirante Brown, explic\u00f3 el sentido del encuentro, al tiempo de presentar a los oradores de la primera mesa denominada \u201cAutogesti\u00f3n y Vivienda Popular\u201d a cargo de Lito Borello, Secretario Nacional de Vivienda y H\u00e1bitat Popular de la CTEP, y Walter De los Santos, integrante de la Direcci\u00f3n Nacional de la F.U.C.V.A.M. de Uruguay.<\/span><span style=\"font-family: Helvetica,sans-serif;font-size: 12pt;line-height: 115%\"><\/span><\/div>\n<\/div>\n<\/div>\n<\/div>\n<p><\/p>\n<div style=\"line-height: 115%;margin-bottom: 0pt\"><span style=\"font-family: Tahoma,sans-serif;font-size: 12pt;line-height: 115%\">En una breve y contundente introducci\u00f3n, Lito Borello destac\u00f3 la importancia del \u201cmodelo uruguayo\u201d de la FUCVAM como inspirador de la Cooperativa de Vivienda Los Pibes (Co.Vi.L.Pi.) de La Boca, en la Ciudad de Buenos Aires en el marco de la ley 341 sobre autogesti\u00f3n y vivienda. Conquista emanada de a\u00f1os de lucha organizada, no solo de los 33 habitantes beneficiados, sino de todo un pueblo. Seguidamente marc\u00f3 el esp\u00edritu y sentido de la organizaci\u00f3n y la lucha como principales herramientas en la conquista de derechos populares.<\/span><span style=\"font-family: Helvetica,sans-serif;font-size: 12pt;line-height: 115%\"><\/span><\/div>\n<p><span style=\"font-family: Helvetica,sans-serif;font-size: 12pt;line-height: 115%\">&nbsp;<\/span><br \/>  <span style=\"font-family: Tahoma,sans-serif;font-size: 12pt;line-height: 107%\">Siguiendo en el uso de la palabra, en el marco del \u201cconvenio mutuo de colaboraci\u00f3n\u201d rubricado en 2014 entre la FUCVAM y la CTEP, Walter De los Santos de la Federaci\u00f3n Uruguaya, realiz\u00f3 un recorrido por la historia de lucha organizada en el pa\u00eds oriental, el nacimiento de la Federaci\u00f3n, los altibajos a lo largo de los 45 a\u00f1os de trabajo cooperativo, los logros de la misma y la importancia en la soluci\u00f3n del d\u00e9ficit habitacional de la hermana naci\u00f3n. Autogesti\u00f3n, propiedad colectiva, organizaci\u00f3n cooperativa y ayuda mutua fueron los pilares de su exposici\u00f3n.<\/span><br \/><span style=\"font-family: Calibri, sans-serif\"><\/p>\n<div style=\"line-height: 115%\"><span style=\"font-family: Tahoma,sans-serif;font-size: 12pt;line-height: 115%\">Luego de un breve intervalo, la segunda mesa:&nbsp;<i>Ley 14.449, hacer realidad el acceso justo al h\u00e1bitat<\/i>. Cont\u00f3 con la palabra de Jos\u00e9 \u201cel colo\u201d Rocha, de la Organizaci\u00f3n Madre Tierra y de Habitar Argentina, junto al Diputado Provincial del F.P.V., Gustavo Di Marzio, miembro del Consejo Provincial de Vivienda y H\u00e1bitat y del Movimiento Evita. Ambos actores importantes en la gestaci\u00f3n y aprobaci\u00f3n de la ley de acceso justo al h\u00e1bitat.<\/span><span style=\"font-family: Helvetica,sans-serif;font-size: 12pt;line-height: 115%\"><\/span><\/div>\n<div style=\"line-height: 115%\"><span style=\"font-family: Helvetica,sans-serif;font-size: 12pt;line-height: 115%\">&nbsp;<\/span><\/div>\n<div style=\"line-height: 115%\"><span style=\"font-family: Tahoma,sans-serif;font-size: 12pt;line-height: 115%\">La apertura de la mesa estuvo a cargo de Rocha quien, basado en la situaci\u00f3n habitacional del conurbano bonaerense y el concepto constitucional de la \u201cpropiedad privada\u201d, describi\u00f3 los cuatro puntos fundamentales que la nueva ley de tierras provincial pretende garantizar.<\/span><span style=\"font-family: Helvetica,sans-serif;font-size: 12pt;line-height: 115%\"><\/span><\/div>\n<div style=\"line-height: 115%\"><span style=\"font-family: Helvetica,sans-serif;font-size: 12pt;line-height: 115%\">&nbsp;<\/span><\/div>\n<p><span style=\"font-family: Tahoma,sans-serif;font-size: 12pt;line-height: 107%\">El primero es el \u201cDerecho a la Ciudad\u201d que debe alcanzar a todos los ciudadanos, estrechamente ligado a la \u201cfunci\u00f3n social de la propiedad\u201d muy discutido por estos tiempos. El segundo punto se refiere al \u201cDerecho colectivo\u201d que debe primar, en muchos casos, sobre los derechos individuales, sin dejar de hacer una cr\u00edtica alusi\u00f3n al \u201cC\u00f3digo Civil\u201d pr\u00f3ximo a ponerse en vigencia. En tercer lugar la \u201cgesti\u00f3n participativa\u201d fundamental para la continuidad y cumplimiento de la ley y garant\u00eda \u00fanica de su cumplimiento efectivo. En cuarto y \u00faltimo lugar destac\u00f3 el importante rol de la financiaci\u00f3n que prev\u00e9 la norma provincial. En este punto destac\u00f3 los grav\u00e1menes que impulsa la nueva ley, tanto a los lotes vac\u00edos como a las obras de m\u00e1s de 100 metros cuadrados. Por este mecanismo, en 2014 han sido recaudados $ 400 millones de pesos, de los cuales la mitad deber\u00e1n ser invertidos por los municipios en viviendas sociales y la otra mitad en forma de microcr\u00e9ditos para organizaciones sociales que trabajan en el acceso a la tierra. Dej\u00f3 claro tambi\u00e9n que de aqu\u00ed se desprende la urgente necesidad de conformar los Consejos locales que contempla la ley y la fuerte participaci\u00f3n popular que controle a los municipios en la derivaci\u00f3n de los fondos. Coincidente con el eje principal del encuentro, la organizaci\u00f3n popular y la lucha son los protagonistas de la Ley 14.449.<\/span><\/p>\n<div>&nbsp;<\/div>\n<div align=\"JUSTIFY\" style=\"line-height: 16px\">\n<div style=\"line-height: 115%\"><span style=\"font-family: Tahoma,sans-serif;font-size: 12pt;line-height: 115%\">Cerr\u00f3 la segunda mesa el Diputado provincial Gustavo \u201cel t\u00edo\u201d Di Marzio que plante\u00f3 desde un principio que esta ley, junto a normas de otros distritos, como la Ley 341 de la Ciudad, deber\u00e1n ser \u00fatiles como base para impulsar legislaciones similares a nivel nacional, aclarando tambi\u00e9n que el problema no es la falta de tierras sino su distribuci\u00f3n. Remarc\u00f3 la urgente necesidad de crear o fortalecer (en el caso de los que ya fueron creados) tanto el Consejo Provincial de la ley (el cual integra, junto a Lito Borello) como los consejos locales por municipio. No es un dato menor, remarc\u00f3, batallar contra cierto grado de fragmentaci\u00f3n que pudo observar en el interior del Consejo, invitando a todos a trabajar por la unidad en los temas y acciones en las que se logre construir consenso. Cerr\u00f3 su intervenci\u00f3n con la expresi\u00f3n \u201corganizarse es posible\u201d debemos \u201cdar vuelta\u201d el Estado, \u201cir por \u00e9l\u201d, para culminar con la frase \u201csin pelea no hay conciencia\u201d.<\/span><span style=\"font-family: Helvetica,sans-serif;font-size: 12pt;line-height: 115%\"><\/span><\/div>\n<div style=\"line-height: 115%\"><span style=\"font-family: Helvetica,sans-serif;font-size: 12pt;line-height: 115%\">&nbsp;<\/span><\/div>\n<div style=\"line-height: 115%\"><span style=\"font-family: Tahoma,sans-serif;font-size: 12pt;line-height: 115%\">Mediod\u00eda tard\u00edo y fue el turno de las compa\u00f1eras del comedor de la impecable anfitriona, la \u201cCooperativa Creer\u201d que deleitaron a todos los participantes con un exquisito almuerzo popular que carg\u00f3 de energ\u00eda a todos y permiti\u00f3 un breve espacio de reflexi\u00f3n y acercamiento para compartir las diversas experiencias presentes en el encuentro.<\/span><span style=\"font-family: Helvetica,sans-serif;font-size: 12pt;line-height: 115%\"><\/span><\/div>\n<div style=\"line-height: 115%\"><span style=\"font-family: Helvetica,sans-serif;font-size: 12pt;line-height: 115%\">&nbsp;<\/span><\/div>\n<p><span style=\"font-family: Tahoma,sans-serif;font-size: 12pt;line-height: 107%\">La tercera mesa, en la primera tarde, estuvo a cargo de Nahuel Levaggi coordinador de la Secretar\u00eda de Producci\u00f3n y Comercializaci\u00f3n de la Econom\u00eda Popular de la C.T.E.P. En primera instancia destac\u00f3 enf\u00e1ticamente la importante \u201cgeneraci\u00f3n de valor\u201d de las actividades desarrollan los trabajadores de la Econom\u00eda Popular poniendo como ejemplos a los cartoneros (recicladores urbanos), los vendedores ambulantes, los quinteros productores de alimentos, entre otros. En este marco y en plena sinton\u00eda con el eje del encuentro, Nahuel destac\u00f3 la funci\u00f3n de la CTEP como herramienta sindical de organizaci\u00f3n popular que lucha, en principio, por la mejora de las condiciones laborales y la creaci\u00f3n de nuevas unidades productivas.<\/span><\/div>\n<div align=\"JUSTIFY\" dir=\"ltr\" style=\"line-height: 16px\"><span style=\"font-size: small\"><span style=\"color: black\"><span style=\"font-family: Tahoma, serif\"><\/p>\n<div>\n<div align=\"JUSTIFY\" style=\"line-height: 16px\">\n<div style=\"line-height: 115%\"><span style=\"font-family: Tahoma,sans-serif;font-size: 12pt;line-height: 115%\">Plante\u00f3 tres ejes de trabajo de la secretar\u00eda.<\/span><span style=\"font-family: Helvetica,sans-serif;font-size: 12pt;line-height: 115%\"><\/span><\/div>\n<div style=\"line-height: 115%\"><span style=\"font-family: Tahoma,sans-serif;font-size: 12pt;line-height: 115%\">El primero el de la&nbsp;<i>producci\u00f3n,&nbsp;<\/i>en referencia a la diversidad de productos y condiciones de trabajo de los productores y de las unidades productivas.<\/span><span style=\"font-family: Helvetica,sans-serif;font-size: 12pt;line-height: 115%\"><\/span><\/div>\n<div style=\"line-height: 115%\"><span style=\"font-family: Tahoma,sans-serif;font-size: 12pt;line-height: 115%\">La segunda referida a la <i>comercializaci\u00f3n <\/i>donde se debe trabajar a contracorriente de la l\u00f3gica comercial del capitalismo, procurando con la reducci\u00f3n de la cadena comercial, disminuir los costos de productos y hacer m\u00e1s equitativa la distribuci\u00f3n de las ganancias, para finalmente influir fuertemente en los precios finales de los productos.<\/span><span style=\"font-family: Helvetica,sans-serif;font-size: 12pt;line-height: 115%\"><\/span><\/div>\n<div style=\"line-height: 115%\"><span style=\"font-family: Tahoma,sans-serif;font-size: 12pt;line-height: 115%\">En tercer lugar el&nbsp;<i>consumo<\/i>, donde destac\u00f3 la enorme manipulaci\u00f3n cotidiana del mercado dirigiendo las necesidades de consumo, donde propuso, a trav\u00e9s de la organizaci\u00f3n de \u201cCooperativas de consumo\u201d, la generaci\u00f3n de un consumo consciente, organizado para trabajar en esta \u00e1rea.<\/span><span style=\"font-family: Helvetica,sans-serif;font-size: 12pt;line-height: 115%\"><\/span><\/div>\n<div style=\"line-height: 115%\"><span style=\"font-family: Tahoma,sans-serif;font-size: 12pt;line-height: 115%\">Finalmente hizo referencia a la victoriosa ocupaci\u00f3n de tierras en la localidad de Luj\u00e1n, a finales del mes de abril por parte de la Uni\u00f3n de Trabajadores de la Tierra (UTT) de la cual es miembro, para la creaci\u00f3n de una \u201cColonia Agr\u00edcola\u201d como ejemplo indiscutible de la organizaci\u00f3n y la lucha popular para \u201cforzar\u201d la efectivizaci\u00f3n de las pol\u00edticas p\u00fablicas necesarias para los trabajadores.<\/span><span style=\"font-family: Helvetica,sans-serif;font-size: 12pt;line-height: 115%\"><\/span><\/div>\n<div style=\"line-height: 115%\"><span style=\"font-family: Helvetica,sans-serif;font-size: 12pt;line-height: 115%\">&nbsp;<\/span><\/div>\n<div style=\"line-height: 115%\"><span style=\"font-family: Tahoma,sans-serif;font-size: 12pt;line-height: 115%\">En el final de cada una de las mesas se abri\u00f3 el micr\u00f3fono a los presentes para hacer preguntas y\/o intervenciones referidas a los temas en debate. Cabe destacar que los dos momentos en que los asistentes manifestaron mayores deseos de conocer detalles fueron, cuando el referente de la Federaci\u00f3n Uruguaya explic\u00f3 \u201cel car\u00e1cter colectivo de la propiedad\u201d como elemento fundamental para la supervivencia del modelo de construcci\u00f3n oriental, desafiando todos los preconceptos fuertemente instalados respecto de la \u201cpropiedad privada\u201d, la \u201cescritura\u201d o el concepto de ser \u201cdue\u00f1o\u201d individual \u2013 lo m\u00edo vs. lo nuestro. El otro momento de gran avidez de preguntas fue luego del relato de Levaggi sobre la ocupaci\u00f3n de tierra y la conquista de derechos para los trabajadores agr\u00edcolas. Tambi\u00e9n atravesada por preconceptos en disputa como la \u201clegalidad\u201d o la \u201clegitimidad\u201d en la acciones.<\/span><span style=\"font-family: Helvetica,sans-serif;font-size: 12pt;line-height: 115%\"><\/span><\/div>\n<div style=\"line-height: 115%\"><span style=\"font-family: Helvetica,sans-serif;font-size: 12pt;line-height: 115%\">&nbsp;<\/span><\/div>\n<p><span style=\"font-family: Tahoma,sans-serif;font-size: 12pt;line-height: 107%\">Ya en el atardecer del encuentro se realiz\u00f3 una participativa asamblea que tuvo como objetivos marcar los lineamientos de acci\u00f3n futura respecto del avance en el cumplimiento de la ley en los cuatro municipios de la zona sudoeste. En la misma se logr\u00f3 trazar un plan de acci\u00f3n para la conformaci\u00f3n de los Consejos Locales en cada municipio y adem\u00e1s realizar las acciones necesarias para terminar de componer la Seccional Sudoeste de la C.T.E.P. Se convoc\u00f3 para el viernes 8 a las 15 hs a una reuni\u00f3n provincial sobre la Ley 14.449 en la sede central de la CTEP, Pedro Echague 1265. La asamblea se cerr\u00f3 con emotivas palabras del Secretario General de la C.T.E.P., Esteban \u201cel gringo\u201d Castro.<\/span><\/div>\n<div align=\"JUSTIFY\" dir=\"ltr\" style=\"line-height: 16px\"><span style=\"font-size: small\"><span style=\"color: black\"><span style=\"font-family: Tahoma, serif\"><span style=\"font-family: Tahoma,sans-serif;font-size: 12pt;line-height: 115%\">Como broche de oro de una jornada altamente productiva que logr\u00f3 demostrar con el cuerpo lo que expres\u00f3 con las palabras, organizaci\u00f3n popular y lucha, se inaugur\u00f3 la \u201cBiblioteca Pol\u00edtica Mart\u00edn \u201cOso\u201d Cisneros\u201d que cuenta desde su inicio con m\u00e1s de 1.000 ejemplares para que los visitantes puedan interiorizarse y profundizar e<br \/>\nn las diversas luchas de nuestro mundo. En el mismo acto y a cargo de Luciano \u00c1lvarez en representaci\u00f3n de la Organizaci\u00f3n Social y Pol\u00edtica los Pibes. -de la cual el Oso era referente-, se hizo entrega de un cuadro con la imagen del \u201cOso\u201d como esp\u00edritu conductor y referente en el camino de la lucha organizada. Aplausos, abrazos y l\u00e1grimas marcaron el final de la jornada.<\/span><\/span><\/span><\/span><\/div>\n<div align=\"JUSTIFY\" dir=\"ltr\" style=\"line-height: 16px\"><span style=\"font-size: small\"><span style=\"font-family: Tahoma, serif\"><span style=\"font-family: Tahoma,sans-serif;font-size: 12pt;line-height: 115%\"><\/span><\/span><\/span>&nbsp;<\/div>\n<div align=\"JUSTIFY\" dir=\"ltr\" style=\"line-height: 16px\"><span style=\"font-size: small\"><span style=\"color: blue;font-family: Tahoma, serif\"><span style=\"font-family: Tahoma,sans-serif;font-size: 12pt;line-height: 115%\">Fuente: O.S. y P. Los Pibes, Producci\u00f3n Riachuelo<\/span><\/span><\/span><\/div>\n<p><span style=\"font-size: small\"><span style=\"color: black\"><span style=\"font-family: Tahoma, serif\"><span style=\"font-family: Tahoma,sans-serif;font-size: 12pt;line-height: 115%\"><\/span><\/span><\/span><\/span><\/div>\n<div><span style=\"font-size: small\"><span style=\"color: black\"><span style=\"font-family: Tahoma, serif\"><span style=\"font-family: Tahoma,sans-serif;font-size: 12pt;line-height: 115%\"><\/span><\/p>\n<div align=\"JUSTIFY\" dir=\"ltr\" style=\"line-height: 16px\"><\/div>\n<p><\/span><\/span><\/span><\/div>\n<div><\/div>\n<p><\/span><\/span><\/span><\/div>\n<p><\/span><\/p>\n<div align=\"JUSTIFY\" dir=\"ltr\" style=\"line-height: 16px\">&nbsp;<\/div>\n<div>&nbsp;<\/div>\n","protected":false},"excerpt":{"rendered":"<p>La Tierra, madre de las luchasPRIMER ENCUENTRO &#8211; Mayo de 2015 El s\u00e1bado 2 de mayo se realiz\u00f3 el primer Encuentro de la Confederaci\u00f3n de Trabajadores de la Econom\u00eda Popular \u2013 Seccional Sudoeste, que comprende los municipios de Ezeiza, Ca\u00f1uelas, Almirante Brown y Esteban Echeverr\u00eda. Oficiaron de anfitriones los compa\u00f1eros de la Agrupaci\u00f3n \u201cDe Frente\u201d [&hellip;]<\/p>\n","protected":false},"author":4,"featured_media":0,"comment_status":"open","ping_status":"open","sticky":false,"template":"","format":"standard","meta":{"_monsterinsights_skip_tracking":false,"_monsterinsights_sitenote_active":false,"_monsterinsights_sitenote_note":"","_monsterinsights_sitenote_category":0,"jnews-multi-image_gallery":[],"jnews_single_post":{"format":"standard"},"jnews_primary_category":[],"_joinchat":[],"footnotes":""},"categories":[58],"tags":[64,103,86],"class_list":["post-18207","post","type-post","status-publish","format-standard","hentry","category-noticiariachuelo","tag-economia-popular","tag-movimientos-populares","tag-noti-ctep"],"_links":{"self":[{"href":"http:\/\/fmriachuelo.it10.com.ar\/index.php\/wp-json\/wp\/v2\/posts\/18207","targetHints":{"allow":["GET"]}}],"collection":[{"href":"http:\/\/fmriachuelo.it10.com.ar\/index.php\/wp-json\/wp\/v2\/posts"}],"about":[{"href":"http:\/\/fmriachuelo.it10.com.ar\/index.php\/wp-json\/wp\/v2\/types\/post"}],"author":[{"embeddable":true,"href":"http:\/\/fmriachuelo.it10.com.ar\/index.php\/wp-json\/wp\/v2\/users\/4"}],"replies":[{"embeddable":true,"href":"http:\/\/fmriachuelo.it10.com.ar\/index.php\/wp-json\/wp\/v2\/comments?post=18207"}],"version-history":[{"count":1,"href":"http:\/\/fmriachuelo.it10.com.ar\/index.php\/wp-json\/wp\/v2\/posts\/18207\/revisions"}],"predecessor-version":[{"id":23374,"href":"http:\/\/fmriachuelo.it10.com.ar\/index.php\/wp-json\/wp\/v2\/posts\/18207\/revisions\/23374"}],"wp:attachment":[{"href":"http:\/\/fmriachuelo.it10.com.ar\/index.php\/wp-json\/wp\/v2\/media?parent=18207"}],"wp:term":[{"taxonomy":"category","embeddable":true,"href":"http:\/\/fmriachuelo.it10.com.ar\/index.php\/wp-json\/wp\/v2\/categories?post=18207"},{"taxonomy":"post_tag","embeddable":true,"href":"http:\/\/fmriachuelo.it10.com.ar\/index.php\/wp-json\/wp\/v2\/tags?post=18207"}],"curies":[{"name":"wp","href":"https:\/\/api.w.org\/{rel}","templated":true}]}}