{"id":18206,"date":"2015-05-06T13:13:00","date_gmt":"2015-05-06T13:13:00","guid":{"rendered":"http:\/\/fmriachuelo.observatorioess.org.ar\/index.php\/2015\/05\/06\/un-nuevo-aniversario-de-la-desaparicion-y-secuestro-de-haroldo-conti\/"},"modified":"2025-03-28T16:13:39","modified_gmt":"2025-03-28T19:13:39","slug":"un-nuevo-aniversario-de-la-desaparicion-y-secuestro-de-haroldo-conti","status":"publish","type":"post","link":"http:\/\/fmriachuelo.it10.com.ar\/index.php\/2015\/05\/06\/un-nuevo-aniversario-de-la-desaparicion-y-secuestro-de-haroldo-conti\/","title":{"rendered":"UN NUEVO ANIVERSARIO DE LA DESAPARICI\u00d3N Y SECUESTRO DE HAROLDO CONTI"},"content":{"rendered":"<div><span style=\"color: red;font-family: Verdana, sans-serif;font-size: large\"><strong>EL CAZADOR<\/strong><\/span>&nbsp;<\/div>\n<div style=\"clear: both;text-align: center\"><a href=\"http:\/\/3.bp.blogspot.com\/-p-9OPqZkV_U\/VUoSzJoQtNI\/AAAAAAAAENc\/_F5YpGNOecw\/s1600\/haroldo_conti.jpg\" style=\"clear: left;float: left;margin-bottom: 1em;margin-right: 1em\"><img loading=\"lazy\" decoding=\"async\" border=\"0\" src=\"http:\/\/3.bp.blogspot.com\/-p-9OPqZkV_U\/VUoSzJoQtNI\/AAAAAAAAENc\/_F5YpGNOecw\/s1600\/haroldo_conti.jpg\" height=\"320\" width=\"214\" \/><\/a><\/div>\n<div>&nbsp;<\/div>\n<div style=\"text-align: justify\"><span style=\"font-family: Verdana, sans-serif\">El 5 de mayo de 1976, un grupo de tareas de las FF.AA. secuestra al escritor Haroldo Conti.<\/p>\n<p> Maestro rural, actor, director teatral aficionado, seminarista, empresario de transportes, piloto civil, profesor de lat\u00edn y de filosof\u00eda, guionista cinematogr\u00e1fico, empleado bancario, nadador, navegante y extraordinario escritor, fue una de las figuras m\u00e1s relevantes de la llamada \u00abgeneraci\u00f3n Contorno\u00bb.<\/p>\n<p>Autor de piezas teatrales, cuentos y novelas entre las que se cuentan \u00abExaminados\u00bb, \u00abSudeste\u00bb, \u00abAlrededor de la jaula\u00bb -ganadora del premio de la Universidad de Veracruz y llevada al cine con el nombre de \u00abCrecer de golpe\u00bb-, \u00abEn vida\u00bb -Premio Barral-, \u00abTodos los veranos\u00bb, \u00abCon otra gente\u00bb, \u00abLa balada del \u00e1lamo carolina\u00bb y \u00abMascar\u00f3\u00bb, que recibi\u00f3 el Premio Casa de las Am\u00e9ricas.<\/span><\/div>\n<div><span><\/span><span style=\"font-family: Verdana, sans-serif\">&nbsp;<\/span><\/div>\n<p><span style=\"font-family: Verdana, sans-serif\">A continuaci\u00f3n:<\/span><\/p>\n<div style=\"text-align: justify\"><span style=\"font-family: Verdana, sans-serif\"><strong>Haroldo Conti: Un homenaje merecido<\/strong><\/span><\/div>\n<div style=\"text-align: justify\"><span style=\"font-family: Verdana, sans-serif\"><\/span><a name='more'><\/a><span style=\"font-family: Verdana, sans-serif\"><br \/>&nbsp;Por Eduardo Anguita<br \/>El 5 de mayo de 1976, cuando se cumpl\u00edan 158 a\u00f1os del nacimiento de Carlos Marx y 161 de la muerte de Napole\u00f3n Bonaparte, un grupo del batall\u00f3n 601 mont\u00f3 una trampa en la casita que el escritor Haroldo Conti ten\u00eda en la esquina de Fitz Roy y Humbolt, en pleno Villa Crespo. Los del 601 eran los de Inteligencia y el genial Conti, en esa oportunidad, no era m\u00e1s que un conejo al que los inteligentes cazar\u00edan para alimentar la m\u00e1quina del terror. Marta Scavac, su compa\u00f1era, estaba con \u00e9l esa madrugada y dio testimonio de la salvajada: \u00abApenas entramos, unos diez hombres estrafalariamente vestidos con vinchas, gorras y ropas raras, se nos vino encima. Inmediatamente me ataron las manos detr\u00e1s de la espalda y me cubrieron, con ropa, la cara y la cabeza. Escucho que hacen lo mismo con Haroldo; aunque \u00e9l se resiste, no es f\u00e1cil reducirlo, es muy fuerte, pero le dicen que se quede quieto por el pibe, se refer\u00edan al bebito (Ernesto, hoy un periodista de 32 a\u00f1os). \u00abSe\u00f1ora, \u00bfc\u00f3mo una mujer de su clase se meti\u00f3 en esto?\u00bb le pregunt\u00f3 uno de los inteligentes. \u00abLe ped\u00ed que me explicara qui\u00e9nes eran, qu\u00e9 quer\u00edan. Me respondi\u00f3 que est\u00e1bamos en guerra\u00bb dijo Marta. \u00abO nosotros los matamos o ustedes nos matan a nosotros\u00bb contest\u00f3 el inteligente. \u00abEscucho que sigue rompiendo papeles. Le suplico que no rompa el cuento que Haroldo estaba escribiendo. Despu\u00e9s comprob\u00e9 que dej\u00f3 la m\u00e1quina de escribir de Haroldo, junto al borrador del cuento, intacto. Qued\u00f3 s\u00f3lo eso sin romper como un s\u00edmbolo en medio de la casa revuelta, como sacudida por un terremoto\u00bb recuerda su compa\u00f1era a\u00f1os despu\u00e9s (revista Crisis, abril de 1986). \u00abComenz\u00f3 a molestarse cuanto me pregunt\u00f3 por qu\u00e9 hab\u00eda viajado a Cuba con Haroldo. Le dije el motivo, que Haroldo hab\u00eda sido jurado de novela de Casa de las Am\u00e9ricas\u00bb. <\/span><\/p>\n<div style=\"text-align: justify\"><span style=\"font-family: Verdana, sans-serif\">Conti estaba por cumplir 41: hab\u00eda nacido el d\u00eda de la Patria, un 25 de mayo, en un pueblo de la Pampa tranquila, Chacabuco, donde hab\u00eda ejercido como maestro rural, actor y director de teatro. Tambi\u00e9n fue comerciante y piloto de aviones, aficionado a la pesca y profesor de filosof\u00eda. Pero antes de cumplir los 30 se revel\u00f3 como novelista: con Alrededor de la jaula gan\u00f3 un premio de la Universidad de Veracruz, y luego gan\u00f3 el premio de la revista Life y el premio Municipal de Buenos Aires. Pero fue con Mascar\u00f3, el cazador americano, que obtuvo su mayor reconocimiento: el Premio Casa de las Am\u00e9ricas, cuya primera edici\u00f3n se hizo en Cuba en 1959, el a\u00f1o de la revoluci\u00f3n. <\/p>\n<p>En ese 1975, cuando la Triple A organizaba sus ataques desde sedes policiales y de gobierno, los inteligentes ya observaban a Conti. La Direcci\u00f3n de Inteligencia de la Polic\u00eda bonaerense ten\u00eda una divisi\u00f3n literaria destinada a espiar a personas como Conti. Seg\u00fan el legajo 2516 de los inteligentes, Mascar\u00f3 \u00abpropicia la difusi\u00f3n de ideolog\u00edas, doctrinas o sistemas pol\u00edticos, econ\u00f3micos o sociales marxistas tendientes a derogar los principios sustentados en nuestra Constituci\u00f3n Nacional\u00bb. Las actitudes del escritor \u2013que se desprenden de la trama de la novela\u2013 son calificadas como apolog\u00e9ticas, respecto de los revolucionarios y guerrilleros, y como cr\u00edticas o negativas, respecto de la represi\u00f3n, de la tortura indiscriminada y de la Iglesia Cat\u00f3lica. Para demostrar que Mascar\u00f3 hab\u00eda sido le\u00eddo por alg\u00fan entendido, el legajo se\u00f1ala que Mascar\u00f3 \u00abpresenta un elevado nivel t\u00e9cnico y literario\u00bb y que Conti \u00abluce una imaginaci\u00f3n compleja y sumamente simb\u00f3lica\u00bb.<\/p>\n<p> Otros inteligentes<\/p>\n<p>Por entonces no era posible para muchos levantar la voz por la suerte de secuestrados como Conti. Dos semanas despu\u00e9s de su secuestro, el sacerdote Leonardo Castellani \u2013que conoc\u00eda a Conti de su paso por el seminario- fue a almorzar con el dictador Videla en ese encuentro tremendo donde tambi\u00e9n estuvieron Ernesto S\u00e1bato y Jorge Luis Borges. Esa vez, tras la comida, Borges dijo lo que pensaba, tal como lo consignaba La Prensa del d\u00eda siguiente: \u00abLe agradec\u00ed personalmente el golpe del 24 de marzo, que salvo al pa\u00eds de la ignominia, y le manifest\u00e9 mi simpat\u00eda por haber enfrentado las responsabilidades del gobierno\u00bb. Castellani, que no comulgaba ideol\u00f3gicamente con Conti fue m\u00e1s valiente y pidi\u00f3 por el escritor. Algunos creen que Castellani pudo verlo, flaco y empalidecido, en los calabozos de la Polic\u00eda Federal. La versi\u00f3n no tiene asidero, jam\u00e1s Videla pudo haber autorizado una visita semejante, pero hay que destacarlo: mientras la jerarqu\u00eda eclesi\u00e1stica era part\u00edcipe del terror, un cura nacionalista ped\u00eda por la vida de un escritor revolucionario. <\/p>\n<p> En la oscuridad del genocidio aparecen conductas que deber\u00edan oxigenarse con el correr de los a\u00f1os: el actor y dramaturgo Sergio Ren\u00e1n film\u00f3 Alrededor de la jaula despu\u00e9s del secuestro de Conti. Es decir, mientras el Instituto de Cine estaba en manos del general de turno y la mayor\u00eda de los creadores y directores de cine se ten\u00edan que exiliar o desaparec\u00edan, a Ren\u00e1n le dieron autorizaci\u00f3n (y recursos) para llevar a la pantalla un cuento del escritor secuestrado y execrado por los militares. La pel\u00edcula se estren\u00f3 en junio de 1977 y se llam\u00f3 Crecer de golpe. <\/p>\n<p> \u00bfC\u00f3mo se puede explicar que Ren\u00e1n haya aceptado filmar a Conti mientras su familia y hasta un cura de derecha ped\u00edan por su paradero y \u00e9l (Ren\u00e1n) ni tomaba contacto con ellos? Poco despu\u00e9s del Mundial de F\u00fatbol, Ren\u00e1n dirigi\u00f3 La fiesta de todos, una apolog\u00eda de la dictadura que no tiene desperdicios para quienes tengan el est\u00f3mago duro. Fue, ni m\u00e1s ni menos, que propaganda a favor de Videla. En abril de 2007, cuando Ren\u00e1n estrenaba una pel\u00edcula (Clar\u00edn, 13 de abril), Ren\u00e1n dijo: \u00abEn torno a esa pel\u00edcula (La fiesta de todos) hay miradas profundamente parciales e injustas. Esa gente no tiene clara la alegr\u00eda colectiva que se vivi\u00f3 en el Mundial 78 y que yo admito haber compartido. En cambio, nadie habla de Crecer de golpe, la pel\u00edcula que hice sobre un texto de Conti, muerto por la dictadura. Crecer de golpe es mi pel\u00edcula m\u00e1s querida\u00bb<br \/>\n. Por suerte, el periodismo y la narrativa ense\u00f1an a no calificar lo incalificable. Por suerte, este pr\u00f3ximo mi\u00e9rcoles 7 de mayo (2008), a las 13, en la Biblioteca Nacional, se har\u00e1 un homenaje a Haroldo Conti. All\u00ed estar\u00e1n sus hijos Marcelo y Ernesto, su \u00faltima compa\u00f1era Marta Scavac, Hebe de Bonafini y el dirigente gremial Julio Piumato, preso pol\u00edtico en aquellos a\u00f1os. Este recuerdo ser\u00e1 el disparador, intenso, de dos d\u00edas del seminario Cultura y medios en dictadura y en democracia. El recuerdo es bueno, en muchos aspectos, uno de ellos es para evitar las tergiversaciones o las pel\u00edculas m\u00e1s queridas de Ren\u00e1n.<\/p>\n<p><span style=\"color: blue\"> Fuente: M<\/span><span style=\"color: blue\">edios y dictadura<\/span><span style=\"color: blue\">, Producci\u00f3n Riachuelo<\/span><\/span><\/div>\n<\/div>\n","protected":false},"excerpt":{"rendered":"<p>EL CAZADOR&nbsp; &nbsp; El 5 de mayo de 1976, un grupo de tareas de las FF.AA. secuestra al escritor Haroldo Conti. Maestro rural, actor, director teatral aficionado, seminarista, empresario de transportes, piloto civil, profesor de lat\u00edn y de filosof\u00eda, guionista cinematogr\u00e1fico, empleado bancario, nadador, navegante y extraordinario escritor, fue una de las figuras m\u00e1s relevantes [&hellip;]<\/p>\n","protected":false},"author":4,"featured_media":0,"comment_status":"open","ping_status":"open","sticky":false,"template":"","format":"standard","meta":{"_monsterinsights_skip_tracking":false,"_monsterinsights_sitenote_active":false,"_monsterinsights_sitenote_note":"","_monsterinsights_sitenote_category":0,"jnews-multi-image_gallery":[],"jnews_single_post":{"format":"standard"},"jnews_primary_category":[],"_joinchat":[],"footnotes":""},"categories":[58],"tags":[119,72],"class_list":["post-18206","post","type-post","status-publish","format-standard","hentry","category-noticiariachuelo","tag-derechos-humanos","tag-historia-de-la-lucha-de-los-pueblos"],"_links":{"self":[{"href":"http:\/\/fmriachuelo.it10.com.ar\/index.php\/wp-json\/wp\/v2\/posts\/18206","targetHints":{"allow":["GET"]}}],"collection":[{"href":"http:\/\/fmriachuelo.it10.com.ar\/index.php\/wp-json\/wp\/v2\/posts"}],"about":[{"href":"http:\/\/fmriachuelo.it10.com.ar\/index.php\/wp-json\/wp\/v2\/types\/post"}],"author":[{"embeddable":true,"href":"http:\/\/fmriachuelo.it10.com.ar\/index.php\/wp-json\/wp\/v2\/users\/4"}],"replies":[{"embeddable":true,"href":"http:\/\/fmriachuelo.it10.com.ar\/index.php\/wp-json\/wp\/v2\/comments?post=18206"}],"version-history":[{"count":1,"href":"http:\/\/fmriachuelo.it10.com.ar\/index.php\/wp-json\/wp\/v2\/posts\/18206\/revisions"}],"predecessor-version":[{"id":23383,"href":"http:\/\/fmriachuelo.it10.com.ar\/index.php\/wp-json\/wp\/v2\/posts\/18206\/revisions\/23383"}],"wp:attachment":[{"href":"http:\/\/fmriachuelo.it10.com.ar\/index.php\/wp-json\/wp\/v2\/media?parent=18206"}],"wp:term":[{"taxonomy":"category","embeddable":true,"href":"http:\/\/fmriachuelo.it10.com.ar\/index.php\/wp-json\/wp\/v2\/categories?post=18206"},{"taxonomy":"post_tag","embeddable":true,"href":"http:\/\/fmriachuelo.it10.com.ar\/index.php\/wp-json\/wp\/v2\/tags?post=18206"}],"curies":[{"name":"wp","href":"https:\/\/api.w.org\/{rel}","templated":true}]}}