{"id":18205,"date":"2015-05-06T16:41:00","date_gmt":"2015-05-06T16:41:00","guid":{"rendered":"http:\/\/fmriachuelo.observatorioess.org.ar\/index.php\/2015\/05\/06\/la-plata-suspenden-con-una-cautelar-un-desalojo-dispuesto-para-hoy-que-afecta-a-750-familias\/"},"modified":"2025-03-28T16:15:19","modified_gmt":"2025-03-28T19:15:19","slug":"la-plata-suspenden-con-una-cautelar-un-desalojo-dispuesto-para-hoy-que-afecta-a-750-familias","status":"publish","type":"post","link":"http:\/\/fmriachuelo.it10.com.ar\/index.php\/2015\/05\/06\/la-plata-suspenden-con-una-cautelar-un-desalojo-dispuesto-para-hoy-que-afecta-a-750-familias\/","title":{"rendered":"LA PLATA: SUSPENDEN CON UNA CAUTELAR UN DESALOJO DISPUESTO PARA HOY QUE AFECTA A 750 FAMILIAS"},"content":{"rendered":"<p><span style=\"color: red;font-family: Verdana, sans-serif;font-size: large\"><strong>Juez dispuso cautelar para suspender desalojo de 750 familias en Abasto: Amplio apoyo pol\u00edtico<\/strong><\/span><\/p>\n<div style=\"clear: both;text-align: center\"><a href=\"http:\/\/4.bp.blogspot.com\/-u5JV_yRqtsc\/VUpCJfiaC-I\/AAAAAAAAEN8\/Dj5L3pyhiqw\/s1600\/abasto_desalojo_concejales.jpg\" style=\"clear: left;float: left;margin-bottom: 1em;margin-right: 1em\"><img loading=\"lazy\" decoding=\"async\" border=\"0\" src=\"http:\/\/4.bp.blogspot.com\/-u5JV_yRqtsc\/VUpCJfiaC-I\/AAAAAAAAEN8\/Dj5L3pyhiqw\/s1600\/abasto_desalojo_concejales.jpg\" height=\"206\" width=\"320\" \/><\/a><\/div>\n<p>&nbsp;<span style=\"font-family: Verdana, sans-serif\">[06\/05\/15]<\/span><\/p>\n<div style=\"text-align: justify\"><span style=\"font-family: Verdana, sans-serif\">El Juez Luis Arias dispuso una medida pre-cautelar para frenar el desalojo de 750 familias, el cual hab\u00eda sido dispuesto para este mi\u00e9rcoles por el magistrado Pablo Raele, a ra\u00edz del pedido efectuado por un importante \u201cestafador inmobiliario\u201d de la ciudad con \u201ccomplicidad\u201d del Municipio, seg\u00fan se denunci\u00f3. En una asamblea, concejales y legisladores manifestaron su apoyo al planteo vecinal.<\/p>\n<p>La actuaci\u00f3n interpuesta por el Juez Arias, a cargo del Juzgado en lo Contencioso Administrativo N\u00ba 1 de La Plata, dispone una medida pre-cautelar mediante la cual le orden\u00f3 al Poder Ejecutivo de la Provincia que \u201cse abstenga de llevar adelante la orden de desalojo\u201d para el predio de 520 y 214 de Abasto, donde hoy se alojan unas 750 familias.<\/p>\n<p>Con ese dictamen, el juez busca poner un freno al desalojo que hab\u00eda sido dispuesto por el Juzgado de Garant\u00edas N\u00ba 3, a cargo de Pablo Raele, y que est\u00e1 previsto que se lleve adelante hoy, en los terrenos ubicados entre las calles 520 a 530 y 213 a 217.<\/span><a name='more'><\/a><span style=\"font-family: Verdana, sans-serif\"><br \/>Ante ese escenario, en un comunicado, las familias repudiaron el accionar judicial, que a trav\u00e9s de la intervenci\u00f3n que tomaron sectores inmobiliarios, fall\u00f3 contra la toma del terreno por parte de trabajadores de la zona que buscan un lugar donde poder construir su vivienda.<\/p>\n<p>\u201cDe manera fraudulenta y maliciosa, una mafia que hace negociados inmobiliarios pretende usurparse de estos terrenos: en este caso el Estudio MATTIOLI. Estas mafias operan en todo el Gran La Plata con amparo de distintos sectores del Estado para quedarse con terrenos ajenos y aprovechan la necesidad y el Plan Pro.Cre.Ar, para hacer negociados\u201d, sentenciaron los vecinos.<\/span><\/p>\n<div style=\"text-align: justify\"><span style=\"font-family: Verdana\"><\/span>&nbsp;<\/div>\n<div style=\"text-align: justify\"><span style=\"font-family: Verdana, sans-serif\">En un duro comunicado repudiaron que \u201cla medida de desalojo impuesta por la justicia penal fue dictada en tan solo una semana y con la denuncia de un usurpador corrupto \u201cflojito de papeles\u201d fallan en contra de los que leg\u00edtimamente necesitamos las tierras para vivir, violando el debido proceso y la defensa en juicio\u201d.<\/p>\n<p>As\u00ed mismo, repudiaron duramente al diario El D\u00eda, principal socio de las empresas de la construcci\u00f3n que hacen negocios inmobiliarios poniendo en riesgo el desarrollo sustentable de la ciudad.<\/p>\n<p>En el marco del reclamo, esta noche los concejales del Bloque Nacional y Popular, Florencia Saintout, Guillermo Cara y Ludmila Kostiuk se acercaron al lugar para brindar su solidaridad con los vecinos, al igual que el diputado provincial del Movimiento Evita, Gustavo Di Marzio, y el Senador provincial FpV, Emilio L\u00f3pez Muntaner, quienes bregaron por encontrar una soluci\u00f3n pac\u00edfica al conflicto.<\/p>\n<p>Vale recordar que la sala IV de la C\u00e1mara Penal platense, integrada por los magistrados Carlos Arg\u00fcero, Mar\u00eda Elia Riusech y Ra\u00fal Dalto, ratific\u00f3 la semana pasada la orden para desalojar el predio. Fue despu\u00e9s de que la Defensor\u00eda Oficial N\u00ba 10 apel\u00f3 la medida de primera instancia, al considerar que en las parcelas de Abasto no se registraron las situaciones que configuran el delito de usurpaci\u00f3n<\/span>.<\/div>\n<div style=\"text-align: justify\">&nbsp;<\/div>\n<div style=\"text-align: justify\"><span style=\"font-family: Verdana, sans-serif\">En ese contexto, este mi\u00e9rcoles 6 se cumple el plazo legal de tres d\u00edas h\u00e1biles desde que las partes fueron notificadas del desalojo, por lo que se espera que la Polic\u00eda y Gendarmer\u00eda procedan a sacar a las familias que ocupan los lotes por estas horas, a pesar del dictamen de Arias.<\/p>\n<p>Seg\u00fan trascendi\u00f3 de fuentes judiciales, hasta hoy en la UFI N\u00ba 2, a cargo de la fiscal Betina Lacki, no habr\u00edan recibido notificaci\u00f3n alguna sobre la resoluci\u00f3n de Arias, por lo que las pr\u00f3ximas horas pueden ser decisivas.<\/p>\n<p>As\u00ed lo entendieron dirigentes pol\u00edticos y sociales de diversos sectores, quienes hoy se agolparon en inmediaciones a los terrenos para defender en el marco de una asamblea vecinal el derecho de los trabajadores de no ser reprimidos y que se inicie una instancia de negociaci\u00f3n que les permita vivir dignamente en dichas tierras.<\/p>\n<p>Es bueno resaltar que estas tierras se encontraban abandonadas y ociosas, ya que eran de una empresa en quiebra, TEXLEN, cuyos principales acreedores es el Estado y sus due\u00f1os han muerto, por lo que se deja expuesto el llamativo accionar judicial ante el expreso pedido de un grupo inversor.<\/span><\/div>\n<div style=\"text-align: justify\"><span style=\"font-family: Verdana\"><\/span>&nbsp;<\/div>\n<div style=\"text-align: justify\"><span style=\"font-family: Verdana\">LA NOTICIA [Infoplatense, 04\/05\/15]<\/span><\/div>\n<div style=\"text-align: justify\"><span style=\"font-family: Verdana\"><\/span>&nbsp;<\/div>\n<div style=\"text-align: justify\"><span style=\"font-family: Verdana, sans-serif\">M\u00e1s de 750 familias, que se radicaron hace dos semanas en el lote de calle 520 entre 213 y 217 de Abasto, repudiar el accionar judicial que ordena el inminente desalojo del lugar, y denunciaron que \u201cuna mafia que hace negociados inmobiliarios pretende usurparse de estos terrenos\u201d.<\/p>\n<p>En un comunicado, las familias repudiaron el accionar judicial, que a trav\u00e9s de la intervenci\u00f3n que tomaron sectores inmobiliarios, fall\u00f3 contra la toma del terreno por parte de trabajadores de la zona que buscan un lugar donde poder construir su vivienda.<\/p>\n<p>\u201cSomos m\u00e1s de 750 familias, la mayor\u00eda hijos de la zona que hemos constituido una familia y no queremos vivir amontonados, y ante la falta de respuesta del Estado de resolver nuestro leg\u00edtimo derecho constitucional a una vivienda digna, nos vimos obligados a encontrar una soluci\u00f3n por nuestras propias manos\u201d, explicaron los vecinos de Abasto.<\/p>\n<p>En ese sentido, se\u00f1alaron que \u201crecuperamos tierras abandonadas y ociosas para darle una finalidad social. Estas tierras eran de una empresa en quiebra, TEXLEN, cuyos principales acreedores es el Estado y sus due\u00f1os han muerto\u201d.<\/p>\n<p>\u201cDe manera fraudulenta y maliciosa, una mafia que hace negociados inmobiliarios pretende usurparse de estos terrenos: en este caso MATTIOLI. Estas mafias operan en todo el Gran La Plata con amparo de distintos sectores del Estado para quedarse con terrenos ajenos y aprovechan la necesidad y el Plan Pro.Cre.Ar, para hacer negociados\u201d, sentenciaron.<\/span><\/div>\n<div style=\"text-align: justify\"><span style=\"font-family: Verdana, sans-serif\">En un duro comunicado repudiaron que \u201cla medida de desalojo impuesta por la justicia penal para este pr\u00f3ximo mi\u00e9rcoles 6 de mayo fue dictada en tan solo una semana y con la denuncia de un usurpador corrupto \u201cflojito de papeles\u201d fallan en contra de los que leg\u00edtimamente necesitamos las tierras para vivir, violando el debido proceso y la defensa en juicio\u201d.<\/p>\n<p><strong>En su comunicado repudiaron duramente al diario El D\u00eda, principal socio de las empresas de la construcci\u00f3n que hacen negocios inmobiliarios poniendo en riesgo el desarrollo sustentable de la ciudad.<\/p>\n<p>\u201cAs\u00ed como titul\u00f3 (02\/05) en su editorial el diario El D\u00eda: \u201cse deben desmontar las mafias a cargo de la us<br \/>\nurpaci\u00f3n sistem\u00e1tica de tierras en la zona\u201d,<\/strong> nosotros denunciamos que las verdaderas mafias son las inmobiliarias como Mattioli. \u00c9ste y sus amigos nos tratan de delincuentes, pero ellos con estas tierras quieren robarse m\u00e1s de 300 millones de pesos a plena luz del d\u00eda\u201d, sentenciaron las familias.<\/p>\n<p>Finalmente, reclamaron no ser desalojados, repudiaron a las \u201cmafias que hacen negocios inmobiliarios\u201d y pidieron que se les permita concretar este nuevo \u201cpara los que necesitamos vivir en una patria verdaderamente justa para nuestros hijos, para los trabajadores y el pueblo entero\u201d.<\/p>\n<p><span style=\"color: blue\">Fuente: Infoplatense, Producci\u00f3n Riachuelo<\/span><\/span><\/div>\n<\/div>\n","protected":false},"excerpt":{"rendered":"<p>Juez dispuso cautelar para suspender desalojo de 750 familias en Abasto: Amplio apoyo pol\u00edtico &nbsp;[06\/05\/15] El Juez Luis Arias dispuso una medida pre-cautelar para frenar el desalojo de 750 familias, el cual hab\u00eda sido dispuesto para este mi\u00e9rcoles por el magistrado Pablo Raele, a ra\u00edz del pedido efectuado por un importante \u201cestafador inmobiliario\u201d de la [&hellip;]<\/p>\n","protected":false},"author":4,"featured_media":0,"comment_status":"open","ping_status":"open","sticky":false,"template":"","format":"standard","meta":{"_monsterinsights_skip_tracking":false,"_monsterinsights_sitenote_active":false,"_monsterinsights_sitenote_note":"","_monsterinsights_sitenote_category":0,"jnews-multi-image_gallery":[],"jnews_single_post":{"format":"standard"},"jnews_primary_category":[],"_joinchat":[],"footnotes":""},"categories":[58],"tags":[147,157],"class_list":["post-18205","post","type-post","status-publish","format-standard","hentry","category-noticiariachuelo","tag-habitat","tag-nadie-se-salva-solo"],"_links":{"self":[{"href":"http:\/\/fmriachuelo.it10.com.ar\/index.php\/wp-json\/wp\/v2\/posts\/18205","targetHints":{"allow":["GET"]}}],"collection":[{"href":"http:\/\/fmriachuelo.it10.com.ar\/index.php\/wp-json\/wp\/v2\/posts"}],"about":[{"href":"http:\/\/fmriachuelo.it10.com.ar\/index.php\/wp-json\/wp\/v2\/types\/post"}],"author":[{"embeddable":true,"href":"http:\/\/fmriachuelo.it10.com.ar\/index.php\/wp-json\/wp\/v2\/users\/4"}],"replies":[{"embeddable":true,"href":"http:\/\/fmriachuelo.it10.com.ar\/index.php\/wp-json\/wp\/v2\/comments?post=18205"}],"version-history":[{"count":1,"href":"http:\/\/fmriachuelo.it10.com.ar\/index.php\/wp-json\/wp\/v2\/posts\/18205\/revisions"}],"predecessor-version":[{"id":23385,"href":"http:\/\/fmriachuelo.it10.com.ar\/index.php\/wp-json\/wp\/v2\/posts\/18205\/revisions\/23385"}],"wp:attachment":[{"href":"http:\/\/fmriachuelo.it10.com.ar\/index.php\/wp-json\/wp\/v2\/media?parent=18205"}],"wp:term":[{"taxonomy":"category","embeddable":true,"href":"http:\/\/fmriachuelo.it10.com.ar\/index.php\/wp-json\/wp\/v2\/categories?post=18205"},{"taxonomy":"post_tag","embeddable":true,"href":"http:\/\/fmriachuelo.it10.com.ar\/index.php\/wp-json\/wp\/v2\/tags?post=18205"}],"curies":[{"name":"wp","href":"https:\/\/api.w.org\/{rel}","templated":true}]}}