{"id":18204,"date":"2015-05-07T02:27:00","date_gmt":"2015-05-07T02:27:00","guid":{"rendered":"http:\/\/fmriachuelo.observatorioess.org.ar\/index.php\/2015\/05\/07\/comunidad-de-estados-latinoamericanos-y-caribenos-celac-reunion-de-cancilleres\/"},"modified":"2025-03-28T16:16:06","modified_gmt":"2025-03-28T19:16:06","slug":"comunidad-de-estados-latinoamericanos-y-caribenos-celac-reunion-de-cancilleres","status":"publish","type":"post","link":"http:\/\/fmriachuelo.it10.com.ar\/index.php\/2015\/05\/07\/comunidad-de-estados-latinoamericanos-y-caribenos-celac-reunion-de-cancilleres\/","title":{"rendered":"COMUNIDAD DE ESTADOS LATINOAMERICANOS Y CARIBE\u00d1OS, CELAC:  REUNION DE CANCILLERES"},"content":{"rendered":"<p><span style=\"color: red;font-family: Verdana, sans-serif;font-size: large\"><strong>IMPULSAN MECANISMOS DE CONTROL CONJUNTOS<\/strong><\/span><br \/><span style=\"font-family: Verdana, sans-serif\"><strong>Cancilleres latinoamericanos impulsan creaci\u00f3n de Observatorio Sur de Trasnacionales&nbsp;<\/strong><\/span><br \/><strong><span style=\"font-family: Verdana\"><\/span><\/strong><\/p>\n<div style=\"clear: both;text-align: center\"><a href=\"http:\/\/2.bp.blogspot.com\/-58EznzbxehI\/VUrM3JIbs9I\/AAAAAAAAEOU\/Fftz8QmJyZc\/s1600\/CANCILLERES-CELAC-2015-300x150.jpg\" style=\"clear: left;float: left;margin-bottom: 1em;margin-right: 1em\"><img decoding=\"async\" border=\"0\" src=\"http:\/\/2.bp.blogspot.com\/-58EznzbxehI\/VUrM3JIbs9I\/AAAAAAAAEOU\/Fftz8QmJyZc\/s1600\/CANCILLERES-CELAC-2015-300x150.jpg\" \/><\/a><\/div>\n<p><span style=\"font-family: Verdana, sans-serif\">Cancilleres latinoamericanos se reunieron este martes en Quito para definir c\u00f3mo ser\u00e1 la activaci\u00f3n del Observatorio Sur de Empresas Transnacionales, propuesto en diversos foros internacionales por el gobierno del Ecuador con el objetivo de reequilibrar la relaci\u00f3n entre los Estados y las corporaciones transnacionales.<\/p>\n<p>La ministra del Poder Popular para Relaciones Exteriores, Delcy Rodr\u00edguez, inform\u00f3 sobre la reuni\u00f3n a trav\u00e9s de usuario en Twitter @DrodriguezVen.<\/p>\n<p>Por este medio, indic\u00f3: \u201cEstamos impulsando la activaci\u00f3n del Observatorio Internacional de Transnacionales\u201d, escribi\u00f3, en un mensaje acompa\u00f1ado por diversas fotograf\u00edas del encuentro, realizado antes de la apertura de la reuni\u00f3n de cancilleres de la Comunidad de Estados Latinoamericanos y Caribe\u00f1os (Celac), reunidos en Quito para fijar la agenda contra el hambre y la pobreza hasta el 2020.<\/p>\n<p>Ecuador es el principal impulsor de la propuesta de creaci\u00f3n de un Observatorio de Transnacionales, a ra\u00edz de la demanda que realiz\u00f3 contra la petrolera Chevron debido al desastre ambiental que la empresa caus\u00f3 en la naci\u00f3n suramericana.<\/span><br \/><span style=\"font-family: Verdana, sans-serif\"><\/span><a name='more'><\/a><span style=\"font-family: Verdana, sans-serif\"><br \/>En septiembre de 2014, cancilleres de Latinoam\u00e9rica instalaron en Caracas la II Conferencia Ministerial de Estados Afectados por Intereses Transnacionales, que preced\u00eda a la realizada en Quito, capital del Ecuador.<\/p>\n<p>El observatorio regional tiene entre sus objetivos evaluar el estado de los litigios internacionales en materia de inversiones, en instancias regionales y globales; identificar procedimientos para monitorear la acci\u00f3n de los tribunales internacionales de arbitraje en materia de inversiones y estudiar, analizar y proponer mecanismos para la reforma de dichas instancias arbitrales.<\/p>\n<p>Tambi\u00e9n prev\u00e9 estudiar y apoyar la creaci\u00f3n de mecanismos alternativos de intermediaci\u00f3n para la resoluci\u00f3n justa, razonable y definitiva de las diferencias entre Estados y transnacionales; construir un foro de encuentro entre los expertos en litigios internacionales y promover la creaci\u00f3n de mecanismos de coordinaci\u00f3n y consulta mutua entre los sistemas judiciales de los pa\u00edses de la regi\u00f3n.<\/p>\n<p>Adem\u00e1s, el organismo deber\u00e1 elaborar un compendio de legislaci\u00f3n, pol\u00edticas y acuerdos comerciales y de inversi\u00f3n, relativo a los procesos de negociaci\u00f3n entre estados y transnacionales.<\/p>\n<p>En esa reuni\u00f3n, el canciller de Ecuador, Ricardo Pati\u00f1o, manifest\u00f3 que el Observatorio permitir\u00e1 develar c\u00f3mo algunas empresas transnacionales han manipulado los sistemas arbitrales.<\/p>\n<p>\u201cComenzaremos a descubrir la verdad sobre los dobles discursos, sobre el conflicto de intereses. Hoy comienza a desplegarse una estrategia destinada a reequilibrar la relaci\u00f3n entre Estados y empresas transnacionales; el camino ser\u00e1 largo y no estar\u00e1 exento de cr\u00edticas y dificultades\u201d, expuso, al tiempo que enfatiz\u00f3 en la necesidad de trabajar juntos, como unidad latinoamericana.<\/span><br \/><span style=\"font-family: Verdana\"><\/span><br \/><span style=\"color: blue;font-family: Verdana\">Fuente: Nodal, Producci\u00f3n Riachuelo<\/span><\/p>\n","protected":false},"excerpt":{"rendered":"<p>IMPULSAN MECANISMOS DE CONTROL CONJUNTOSCancilleres latinoamericanos impulsan creaci\u00f3n de Observatorio Sur de Trasnacionales&nbsp; Cancilleres latinoamericanos se reunieron este martes en Quito para definir c\u00f3mo ser\u00e1 la activaci\u00f3n del Observatorio Sur de Empresas Transnacionales, propuesto en diversos foros internacionales por el gobierno del Ecuador con el objetivo de reequilibrar la relaci\u00f3n entre los Estados y las [&hellip;]<\/p>\n","protected":false},"author":4,"featured_media":0,"comment_status":"open","ping_status":"open","sticky":false,"template":"","format":"standard","meta":{"_monsterinsights_skip_tracking":false,"_monsterinsights_sitenote_active":false,"_monsterinsights_sitenote_note":"","_monsterinsights_sitenote_category":0,"jnews-multi-image_gallery":[],"jnews_single_post":{"format":"standard"},"jnews_primary_category":[],"_joinchat":[],"footnotes":""},"categories":[58],"tags":[70],"class_list":["post-18204","post","type-post","status-publish","format-standard","hentry","category-noticiariachuelo","tag-de-la-patria-grande"],"_links":{"self":[{"href":"http:\/\/fmriachuelo.it10.com.ar\/index.php\/wp-json\/wp\/v2\/posts\/18204","targetHints":{"allow":["GET"]}}],"collection":[{"href":"http:\/\/fmriachuelo.it10.com.ar\/index.php\/wp-json\/wp\/v2\/posts"}],"about":[{"href":"http:\/\/fmriachuelo.it10.com.ar\/index.php\/wp-json\/wp\/v2\/types\/post"}],"author":[{"embeddable":true,"href":"http:\/\/fmriachuelo.it10.com.ar\/index.php\/wp-json\/wp\/v2\/users\/4"}],"replies":[{"embeddable":true,"href":"http:\/\/fmriachuelo.it10.com.ar\/index.php\/wp-json\/wp\/v2\/comments?post=18204"}],"version-history":[{"count":1,"href":"http:\/\/fmriachuelo.it10.com.ar\/index.php\/wp-json\/wp\/v2\/posts\/18204\/revisions"}],"predecessor-version":[{"id":23386,"href":"http:\/\/fmriachuelo.it10.com.ar\/index.php\/wp-json\/wp\/v2\/posts\/18204\/revisions\/23386"}],"wp:attachment":[{"href":"http:\/\/fmriachuelo.it10.com.ar\/index.php\/wp-json\/wp\/v2\/media?parent=18204"}],"wp:term":[{"taxonomy":"category","embeddable":true,"href":"http:\/\/fmriachuelo.it10.com.ar\/index.php\/wp-json\/wp\/v2\/categories?post=18204"},{"taxonomy":"post_tag","embeddable":true,"href":"http:\/\/fmriachuelo.it10.com.ar\/index.php\/wp-json\/wp\/v2\/tags?post=18204"}],"curies":[{"name":"wp","href":"https:\/\/api.w.org\/{rel}","templated":true}]}}