{"id":18196,"date":"2015-04-23T13:15:00","date_gmt":"2015-04-23T13:15:00","guid":{"rendered":"http:\/\/fmriachuelo.observatorioess.org.ar\/index.php\/2015\/04\/23\/union-de-trabajadores-de-la-tierra-se-firmo-acuerdo-con-el-ministerio-de-agricultura\/"},"modified":"2025-03-28T15:06:00","modified_gmt":"2025-03-28T18:06:00","slug":"union-de-trabajadores-de-la-tierra-se-firmo-acuerdo-con-el-ministerio-de-agricultura","status":"publish","type":"post","link":"http:\/\/fmriachuelo.it10.com.ar\/index.php\/2015\/04\/23\/union-de-trabajadores-de-la-tierra-se-firmo-acuerdo-con-el-ministerio-de-agricultura\/","title":{"rendered":"UNION DE TRABAJADORES DE LA TIERRA: SE FIRM\u00d3 ACUERDO CON EL MINISTERIO DE AGRICULTURA"},"content":{"rendered":"<p><span style=\"color: red;font-family: Verdana, sans-serif;font-size: large\"><strong>LA COLONIA AGRICOLA&nbsp;INTEGRAL DE ABASTECIMIENTO URBANO&nbsp;ESTA EN MARCHA<\/strong><\/span><br \/><strong><span style=\"color: black;font-family: Verdana, sans-serif\">Difundimos:<\/span><\/strong><br \/><span style=\"color: #0b5394;font-family: Verdana, sans-serif\"><strong>UN NUEVO TRIUNFO DE LA ORGANIZACI\u00d3N<br \/>Y LA LUCHA POPULAR<\/strong><\/span><br \/><span style=\"font-family: Verdana, sans-serif\"><strong>En la tarde de hoy, los compa\u00f1eros quinteros organizados en la Uni\u00f3n de Trabajadores de la Tierra -organizaci\u00f3n hermana en la CTEP-, lograron un triunfo hist\u00f3rico.<\/strong><\/span><br \/><span style=\"font-family: Verdana, sans-serif\"><br \/><\/span><a href=\"https:\/\/images-blogger-opensocial.googleusercontent.com\/gadgets\/proxy?url=http%3A%2F%2F1.bp.blogspot.com%2F-HY5m3zqDB_A%2FVTjuxEjC_iI%2FAAAAAAAAEDE%2FEu37Hi_z2Qc%2Fs1600%2FUTT.png&amp;container=blogger&amp;gadget=a&amp;rewriteMime=image%2F*\" style=\"clear: left;float: left;margin-bottom: 1em;margin-right: 1em\"><img loading=\"lazy\" decoding=\"async\" border=\"0\" src=\"http:\/\/1.bp.blogspot.com\/-HY5m3zqDB_A\/VTjuxEjC_iI\/AAAAAAAAEDE\/Eu37Hi_z2Qc\/s1600\/UTT.png\" height=\"201\" width=\"320\" \/><\/a><span style=\"font-family: Verdana, sans-serif\">Junto al vice-c\u00f3nsul de Bolivia, compa\u00f1ero Antonio Abal, y al Secretario de Vivienda y H\u00e1bitat Popular de la CTEP, Lito Borello, tuvimos el privilegio de compartir la asamblea donde la delegaci\u00f3n que hab\u00eda encarado las negociaciones anunci\u00f3 este auspicioso desenlace.&nbsp;<\/span><span style=\"font-family: Verdana, sans-serif\">Junto al vice-c\u00f3nsul de Bolivia, compa\u00f1ero Antonio Abal, y al Secretario de Vivienda y H\u00e1bitat Popular de la CTEP, Lito Borello, tuvimos el privilegio de compartir la asamblea donde la delegaci\u00f3n que hab\u00eda encarado las negociaciones anunci\u00f3 este auspicioso desenlace.<\/span><br \/><span style=\"font-family: Verdana, sans-serif\"><br \/><\/span><a href=\"https:\/\/images-blogger-opensocial.googleusercontent.com\/gadgets\/proxy?url=http%3A%2F%2F2.bp.blogspot.com%2F-E_C73Kf8C34%2FVTjvoYg5VtI%2FAAAAAAAAEDM%2FNlw5d941fsA%2Fs1600%2Futt1.png&amp;container=blogger&amp;gadget=a&amp;rewriteMime=image%2F*\" style=\"clear: left;float: left;margin-bottom: 1em;margin-right: 1em\"><img loading=\"lazy\" decoding=\"async\" border=\"0\" src=\"http:\/\/2.bp.blogspot.com\/-E_C73Kf8C34\/VTjvoYg5VtI\/AAAAAAAAEDM\/Nlw5d941fsA\/s1600\/utt1.png\" height=\"197\" width=\"320\" \/><\/a><span style=\"font-family: Verdana, sans-serif\">Luego de 3 d\u00edas de ocupaci\u00f3n de las tierras del Ministerio de Desarrollo de la Naci\u00f3n en Jauregui, Pdo. de Luj\u00e1n, y&nbsp;que se encontraban en negociaci\u00f3n desde hac\u00eda dos a\u00f1os, gracias a la voluntad sostenida en la lucha, hoy firmaron con el Jefe de Gabinete de la Secretar\u00eda de Agricultura, H\u00e9ctor Spina, un convenio para la posesi\u00f3n en comodato de las 70 hect\u00e1reas.&nbsp;<\/span><span style=\"font-family: Verdana, sans-serif\">Esta conquista le permitir\u00e1 a las familias asentadas continuar la producci\u00f3n en tierras propias -las mismas donde vivir\u00e1n-, mejorando los ingresos de las familias campesinas y permitiendo llegar a los mercados populares con un precio justo para los trabajadores de nuestras barriadas.<\/span><br \/><span style=\"font-family: Verdana, sans-serif\">Felicitamos profundamente a nuestros compa\u00f1eros. Seguiremos acompa\u00f1\u00e1ndolos en este nuevo camino de construcci\u00f3n de la Colonia Agr\u00edcola Integral de Abastecimiento Urbano.<\/span><span style=\"font-family: Verdana, sans-serif\"><br \/><b><span style=\"color: #0b5394;font-size: x-small\">FUENTE: O.S.yP. LOS PIBES\/PRODUCCIONES RIACHUELO<\/span><\/b><\/span><\/p>\n","protected":false},"excerpt":{"rendered":"<p>LA COLONIA AGRICOLA&nbsp;INTEGRAL DE ABASTECIMIENTO URBANO&nbsp;ESTA EN MARCHADifundimos:UN NUEVO TRIUNFO DE LA ORGANIZACI\u00d3NY LA LUCHA POPULAREn la tarde de hoy, los compa\u00f1eros quinteros organizados en la Uni\u00f3n de Trabajadores de la Tierra -organizaci\u00f3n hermana en la CTEP-, lograron un triunfo hist\u00f3rico.Junto al vice-c\u00f3nsul de Bolivia, compa\u00f1ero Antonio Abal, y al Secretario de Vivienda y H\u00e1bitat [&hellip;]<\/p>\n","protected":false},"author":4,"featured_media":0,"comment_status":"open","ping_status":"open","sticky":false,"template":"","format":"standard","meta":{"_monsterinsights_skip_tracking":false,"_monsterinsights_sitenote_active":false,"_monsterinsights_sitenote_note":"","_monsterinsights_sitenote_category":0,"jnews-multi-image_gallery":[],"jnews_single_post":{"format":"standard"},"jnews_primary_category":[],"_joinchat":[],"footnotes":""},"categories":[58],"tags":[71,86,94],"class_list":["post-18196","post","type-post","status-publish","format-standard","hentry","category-noticiariachuelo","tag-de-la-tierra","tag-noti-ctep","tag-soberania-alimentaria"],"_links":{"self":[{"href":"http:\/\/fmriachuelo.it10.com.ar\/index.php\/wp-json\/wp\/v2\/posts\/18196","targetHints":{"allow":["GET"]}}],"collection":[{"href":"http:\/\/fmriachuelo.it10.com.ar\/index.php\/wp-json\/wp\/v2\/posts"}],"about":[{"href":"http:\/\/fmriachuelo.it10.com.ar\/index.php\/wp-json\/wp\/v2\/types\/post"}],"author":[{"embeddable":true,"href":"http:\/\/fmriachuelo.it10.com.ar\/index.php\/wp-json\/wp\/v2\/users\/4"}],"replies":[{"embeddable":true,"href":"http:\/\/fmriachuelo.it10.com.ar\/index.php\/wp-json\/wp\/v2\/comments?post=18196"}],"version-history":[{"count":1,"href":"http:\/\/fmriachuelo.it10.com.ar\/index.php\/wp-json\/wp\/v2\/posts\/18196\/revisions"}],"predecessor-version":[{"id":23330,"href":"http:\/\/fmriachuelo.it10.com.ar\/index.php\/wp-json\/wp\/v2\/posts\/18196\/revisions\/23330"}],"wp:attachment":[{"href":"http:\/\/fmriachuelo.it10.com.ar\/index.php\/wp-json\/wp\/v2\/media?parent=18196"}],"wp:term":[{"taxonomy":"category","embeddable":true,"href":"http:\/\/fmriachuelo.it10.com.ar\/index.php\/wp-json\/wp\/v2\/categories?post=18196"},{"taxonomy":"post_tag","embeddable":true,"href":"http:\/\/fmriachuelo.it10.com.ar\/index.php\/wp-json\/wp\/v2\/tags?post=18196"}],"curies":[{"name":"wp","href":"https:\/\/api.w.org\/{rel}","templated":true}]}}