{"id":18104,"date":"2022-10-19T18:59:10","date_gmt":"2022-10-19T18:59:10","guid":{"rendered":"http:\/\/fmriachuelo.com.ar\/?p=18104"},"modified":"2025-02-26T14:18:11","modified_gmt":"2025-02-26T17:18:11","slug":"masacre-de-wilde-dia-2-en-el-lugar-y-el-momento-equivocados","status":"publish","type":"post","link":"http:\/\/fmriachuelo.it10.com.ar\/index.php\/2022\/10\/19\/masacre-de-wilde-dia-2-en-el-lugar-y-el-momento-equivocados\/","title":{"rendered":"MASACRE DE WILDE -D\u00cdA 2- EN EL LUGAR Y EL MOMENTO EQUIVOCADOS"},"content":{"rendered":"<p><strong>[19\/10\/2022, Colectivo de Medios Populares*] Durante la segunda jornada del juicio declararon familiares de las v\u00edctimas, el \u00fanico sobreviviente, los ocupantes de un tercer auto que no fue atacado por los polic\u00edas y al que algunos se\u00f1alan como el objetivo inicial de la matanza, y un polic\u00eda. El debate durar\u00e1 dos semanas con audiencias diarias.<\/strong><\/p>\n<p>Luego de casi 29 a\u00f1os de silencio judicial obligatorio, las viudas de dos de las v\u00edctimas de la Masacre de Wilde pudieron reivindicar y pedir \u201cjusta Justicia\u201d para sus esposos asesinados, sin tener detr\u00e1s la sombra asfixiante de la \u201cmaldita polic\u00eda\u201d. Las dos coincidieron en criticar al juez de instrucci\u00f3n Emilio Villamayor por el \u201cabandono\u201d en la b\u00fasqueda de justicia en una causa que hab\u00eda sido iniciada en forma correcta por la primera magistrada del caso, Silvia Gonz\u00e1lez, quien acus\u00f3 de cu\u00e1druple homicidio a 11 polic\u00edas involucrados en enero de 1994 en un virtual fusilamiento con 4 asesinados y 1 sobreviviente de milagro.<\/p>\n<p>El desahogo de las dos mujeres pudo darse en la segunda jornada del juicio oral. En la sesi\u00f3n de apertura del debate, los defensores de los polic\u00edas que llegaron al juicio se hab\u00edan basado \u2014como si fuera la Biblia\u2014, en escritos que surgieron del manejo uniformado de la causa que hizo el ex juez Villamayor. Con esa base de cuestionable fundamentaci\u00f3n jur\u00eddica, las defensas insistieron en un pedido de \u201cnulidad\u201d del juicio oral que ya fue rechazado en la audiencia preliminar al comienzo del debate por los jueces del Tribunal Oral 3 de Lomas de Zamora.<\/p>\n<p>En la segunda jornada, Raquel Gazzanego, viuda del vendedor de libros Edgardo Cicut\u00edn, y Patricia De \u00c1ngelis, esposa del remisero Norberto Corbo, pudieron expresar su dolor y sus expectativas de reparaci\u00f3n. En un juicio al que llegaron 8 de los imputados \u20133 fallecieron bajo el amparo de la impunidad\u2014, las dos mujeres y el \u00fanico sobreviviente, Claudio D\u00edaz, relataron finalmente ante los jueces el calvario que les toc\u00f3 vivir.<\/p>\n<p>La Masacre de Wilde ocurri\u00f3 el 10 de enero de 1994 y adem\u00e1s de Cicut\u00edn y Corbo, murieron bajo las balas policiales Claudio Mendoza y Enrique Bielsa. Ellos iban como pasajeros en el Peugeot 505 conducido por el remisero Corbo. Por su parte, Cicut\u00edn y D\u00edaz iban en un Dodge 1500. Los dos fueron obligados a bajar del veh\u00edculo y D\u00edaz vio c\u00f3mo su compa\u00f1ero de trabajo Cicut\u00edn ca\u00eda al piso, baleado por los polic\u00edas, que se movilizaban en cuatro autos, vestidos de civil y sin ninguna identificaci\u00f3n, aunque eran miembros de la Brigada de Investigaciones de Lan\u00fas.<\/p>\n<p>En la apertura del segundo d\u00eda del juicio, los integrantes del Tribunal dejaron para el final del debate su respuesta a las \u201cnulidades\u201d planteadas por las defensas. Los jueces adelantaron que s\u00f3lo responder\u00e1n a uno de los numerosos planteos. Es el referido a la destrucci\u00f3n de parte de los elementos de prueba, citado por los defensores como impedimento para ejercer el derecho de defensa. Uno de los puntos es la desaparici\u00f3n de las armas que accionaron los polic\u00edas ese d\u00eda. La Fiscal\u00eda y los querellantes recordaron que dichas armas fueron secuestradas, identificadas y objeto de pericia, por parte de la Gendarmer\u00eda. El informe de ese peritaje est\u00e1 incorporado a la causa desde 1994 y las partes tuvieron pleno conocimiento de lo que all\u00ed se expresa y que involucra a los imputados.<\/p>\n<p>La primera en dar testimonio fue Raquel Gazzanego, viuda de Cicut\u00edn. La primera informaci\u00f3n que le dieron, ese 10 de enero de 1994, fue que su marido hab\u00eda tenido \u201cun accidente\u201d. En ese momento, ella estaba haciendo empanadas, en los preparativos del bautismo de su segundo hijo, Gonzalo, que entonces ten\u00eda ocho meses. La primera hija es Natalia, que perdi\u00f3 a su padre a los 8 a\u00f1os. Los dos, hoy adultos, escucharon el conmovedor relato de su mam\u00e1.<\/p>\n<p>Cuando Raquel lleg\u00f3 al Hospital de Wilde fue atendida por un polic\u00eda a trav\u00e9s de una mirilla. Le dijo que fuera a la Brigada de Investigaciones de Lan\u00fas. En ese lugar, ella se encontr\u00f3 con su padre, quien le comunic\u00f3 la tr\u00e1gica novedad. \u201cMi pap\u00e1 me abraz\u00f3 y me dijo: \u2018A Edgardo lo mataron\u2019\u201d. Raquel es una mujer muy fuerte, pero su voz se quebr\u00f3. Afirm\u00f3 que, de all\u00ed en m\u00e1s, tuvo que sufrir el destrato policial y de una parte del Poder Judicial.<\/p>\n<p>Ella, por su entereza y dedicaci\u00f3n, fue la \u00fanica v\u00edctima familiar presente en la reconstrucci\u00f3n de los hechos. Un oficial de la Brigada admiti\u00f3 ante ella que el homicidio de su marido hab\u00eda sido \u201cun lamentable error\u201d. Otro polic\u00eda lleg\u00f3 a decirle que su esposo \u201cestaba en el lugar equivocado, en el momento equivocado\u201d. Puntualiz\u00f3 que el Dodge 1500 en el que iba Edgardo \u201cqued\u00f3 como si fuera un colador\u201d, como consecuencia de los m\u00e1s de 200 disparos que hicieron los polic\u00edas de la Brigada de Lan\u00fas. Raquel siempre reconoci\u00f3 el buen desempe\u00f1o que tuvieron la jueza Silvia Gonz\u00e1lez y el juez Gabriel Vitale. Sus cr\u00edticas apuntan a la gesti\u00f3n, intermedia entre aquellos, que tuvo el juez Emilio Villamayor. \u201cCuando lleg\u00f3 a sus manos, la causa tuvo un abandono\u201d. Sin dudarlo, agreg\u00f3: \u201cSu accionar fue nefasto\u201d.<\/p>\n<p>Gazzanego se\u00f1al\u00f3 que, en esos momentos, nunca recibi\u00f3 asistencia de ning\u00fan organismo estatal. Como contrapartida, el entonces secretario de Seguridad bonaerense, el ex juez de San Isidro Alberto Piotti, concurr\u00eda al despacho de la primera jueza, Silvia Gonz\u00e1lez, para expresar su \u201cpreocupaci\u00f3n\u201d por los polic\u00edas que en ese tiempo estaban detenidos. Les ped\u00eda que no los trasladara a una c\u00e1rcel com\u00fan porque tem\u00eda por la seguridad de los imputados.<\/p>\n<p>Raquel record\u00f3 tambi\u00e9n c\u00f3mo pudo dar con el paradero del entonces pr\u00f3fugo Marcos Ariel Rodr\u00edguez. El polic\u00eda, uno de los imputados en el juicio oral, pudo ser detenido 20 a\u00f1os despu\u00e9s de su fuga porque Raquel lo ubic\u00f3 en la ciudad cordobesa de La Falda, rastre\u00e1ndolo en los padrones electorales de esa provincia. \u201cLo buscaba Interpol, pero pudo cambiar de domicilio gracias a la impunidad que manejaban\u201d. Hizo menci\u00f3n al dolor de sus hijos y subray\u00f3 que el menor \u201cni siquiera pudo conocer a su padre\u201d.<\/p>\n<p>Patricia De \u00c1ngelis, viuda de Norberto Corbo, el 11 de enero de 1994, al d\u00eda siguiente del hecho, en la casa de un vecino vio que la tapa del diario Clar\u00edn dec\u00eda: \u201cEnfrentamiento\u201d. La foto que acompa\u00f1aba la nota era la del Peugeot 505 de su esposo. Pudo repetir una vez m\u00e1s que su marido trabajaba en la remiser\u00eda \u201cSu destino\u201d, en Santos Lugares. Su destino fue llevar, en su turno de trabajo, a los pasajeros Mendoza y Bielsa.<\/p>\n<p>Tambi\u00e9n record\u00f3 que en la Brigada de Lan\u00fas, su jefe, el comisario Jos\u00e9 Miguel Ojeda \u2014que tambi\u00e9n declar\u00f3 en el juicio\u2014 le inform\u00f3 sobre la muerte de su esposo. \u201cMe mir\u00f3 a los ojos y sin levantarse del sill\u00f3n donde estaba, me dijo: \u2018Lo siento se\u00f1ora\u00b4\u201d. Relat\u00f3 el dolor de una familia, entre ellos su suegro que \u201cse mov\u00eda por todos lados\u201d. Agreg\u00f3 que sus hijos \u201ctardaron mucho en comprender por qu\u00e9 su padre sali\u00f3 un d\u00eda a trabajar y no volvi\u00f3 nunca m\u00e1s\u201d. Ella estuvo \u201cvarios a\u00f1os en shock\u201d. Lo \u00fanico concreto que supo de la causa es que \u201cen el coche de Norberto nadie ten\u00eda que quedar con vida y as\u00ed fue\u201d.<\/p>\n<p>Luego declar\u00f3 Claudio D\u00edaz, el \u00fanico sobreviviente, que relat\u00f3 la persecuci\u00f3n de la que fueron objeto, c\u00f3mo los obligaron a bajar del auto con las manos en alto y c\u00f3mo fusilaron a Edgardo Cicut\u00edn. Ninguno de los dos llevaba armas ni se resistieron en ning\u00fan momento.<\/p>\n<p>El comisario Jos\u00e9 Miguel Ojeda, entonces jefe de la Brigada de Investigaciones de Lan\u00fas, dijo que en esos a\u00f1os \u201cera com\u00fan que los efectivos salieran vestidos de civil en un operativo\u201d.<\/p>\n<p>En muchas causas de \u201cgatillo f\u00e1cil\u201d el accionar de las brigadas es el mismo, tanto en la provincia de Buenos Aires como en la Capital Federal, pero eso no lo dijo Ojeda, ni era necesario para confirmarlo.<\/p>\n<p>Lo \u00fanico que dijo \u201clamentar\u201d Ojeda es haber entregado a sus familias el cuerpo de las v\u00edctimas, sin haber constatado antes que no se hab\u00eda cumplido la orden de la jueza Silvia Gonz\u00e1lez de realizar el dermotest de reglamento. Eso hubiera servido para constatar si era verdad que Corbo, Mendoza y Bielsa hab\u00edan disparado armas, como asegur\u00f3 la Polic\u00eda Bonaerense, seg\u00fan lo publicado por el diario Clar\u00edn y otros medios de comunicaci\u00f3n tradicionales.<\/p>\n<h3>El tercer auto<\/h3>\n<p>Luego declararon Gustavo Leguizam\u00f3n y el remisero Guillermo Correa. Ellos iban en un tercer auto que no fue baleado el d\u00eda de la masacre. Era un Dodge 1500, similar al que ocupaban Cicut\u00edn y D\u00edaz. Los polic\u00edas involucrados dijeron en la causa que ese era el auto que iban a buscar y que se confundieron. Leguizam\u00f3n, que est\u00e1 detenido por homicidio en otra causa, dijo que no conoci\u00f3 a ninguno de los polic\u00edas imputados. Asegur\u00f3 que Mendoza, en aparente referencia a una de las v\u00edctimas, le habr\u00eda ofrecido un mes antes de la masacre \u201creventar (ese 10 de enero) una casa de cambio clandestina\u201d ubicada supuestamente en la zona de Wilde. Aclar\u00f3 que Mendoza contrat\u00f3 al remisero Correa para hacer un viaje a Punta Lara, pero la verdad era que quer\u00eda ir a la mentada casa de cambio. Leguizam\u00f3n dijo que \u00e9l llevaba armas en el Dodge para el supuesto robo, pero dej\u00f3 en claro que \u201ctanto Correa como Corbo solo eran remiseros\u201d, ajenos a cualquier acto delictivo.<\/p>\n<p>Tambi\u00e9n declar\u00f3 el polic\u00eda Gustavo Loidhoy, quien intervino en la detenci\u00f3n de Leguizam\u00f3n, otro hombre de apellido Quintana y el remisero Correa. Hay dudas sobre la relaci\u00f3n entre el operativo contra el tercer auto y la raz\u00f3n del \u201clamentable error\u201d que deriv\u00f3 en la Masacre de Wilde. Son dudas vinculadas con las relaciones siempre oscuras entre las brigadas policiales y las bandas delictivas, por lo general de poca monta, que derivan en los llamados \u201cajustes de cuenta\u201d, organizados por polic\u00edas corruptos. Todas las dudas deber\u00edan ser aclaradas en el presente juicio oral. Es curioso el inter\u00e9s que tuvo el ex juez Piotti por el devenir de esta causa, en \u00e9pocas de la \u201cmaldita polic\u00eda\u201d, venerada por el exgobernador Eduardo Duhalde, que la consideraba \u201cla mejor polic\u00eda de la historia de la provincia de Buenos Aires\u201d.<\/p>\n<h5><strong>*Por Carlos Rodr\u00edguez para el Colectivo de Medios Populares:\u00a0La Retaguardia \/ FM Riachuelo \/ Sur Capitalino \/ Radio Presente<\/strong><\/h5>\n","protected":false},"excerpt":{"rendered":"<p>[19\/10\/2022, Colectivo de Medios Populares*] Durante la segunda jornada del juicio declararon familiares de las v\u00edctimas, el \u00fanico sobreviviente, los ocupantes de un tercer auto que no fue atacado por los polic\u00edas y al que algunos se\u00f1alan como el objetivo inicial de la matanza, y un polic\u00eda. El debate durar\u00e1 dos semanas con audiencias diarias. [&hellip;]<\/p>\n","protected":false},"author":5,"featured_media":18105,"comment_status":"closed","ping_status":"closed","sticky":false,"template":"","format":"standard","meta":{"_monsterinsights_skip_tracking":false,"_monsterinsights_sitenote_active":false,"_monsterinsights_sitenote_note":"","_monsterinsights_sitenote_category":0,"jnews-multi-image_gallery":[],"jnews_single_post":{"format":"standard"},"jnews_primary_category":[],"_joinchat":[],"footnotes":""},"categories":[58],"tags":[142,151],"class_list":["post-18104","post","type-post","status-publish","format-standard","has-post-thumbnail","hentry","category-noticiariachuelo","tag-colectivo-de-medios-populares","tag-ddhh"],"_links":{"self":[{"href":"http:\/\/fmriachuelo.it10.com.ar\/index.php\/wp-json\/wp\/v2\/posts\/18104","targetHints":{"allow":["GET"]}}],"collection":[{"href":"http:\/\/fmriachuelo.it10.com.ar\/index.php\/wp-json\/wp\/v2\/posts"}],"about":[{"href":"http:\/\/fmriachuelo.it10.com.ar\/index.php\/wp-json\/wp\/v2\/types\/post"}],"author":[{"embeddable":true,"href":"http:\/\/fmriachuelo.it10.com.ar\/index.php\/wp-json\/wp\/v2\/users\/5"}],"replies":[{"embeddable":true,"href":"http:\/\/fmriachuelo.it10.com.ar\/index.php\/wp-json\/wp\/v2\/comments?post=18104"}],"version-history":[{"count":1,"href":"http:\/\/fmriachuelo.it10.com.ar\/index.php\/wp-json\/wp\/v2\/posts\/18104\/revisions"}],"predecessor-version":[{"id":22131,"href":"http:\/\/fmriachuelo.it10.com.ar\/index.php\/wp-json\/wp\/v2\/posts\/18104\/revisions\/22131"}],"wp:featuredmedia":[{"embeddable":true,"href":"http:\/\/fmriachuelo.it10.com.ar\/index.php\/wp-json\/wp\/v2\/media\/18105"}],"wp:attachment":[{"href":"http:\/\/fmriachuelo.it10.com.ar\/index.php\/wp-json\/wp\/v2\/media?parent=18104"}],"wp:term":[{"taxonomy":"category","embeddable":true,"href":"http:\/\/fmriachuelo.it10.com.ar\/index.php\/wp-json\/wp\/v2\/categories?post=18104"},{"taxonomy":"post_tag","embeddable":true,"href":"http:\/\/fmriachuelo.it10.com.ar\/index.php\/wp-json\/wp\/v2\/tags?post=18104"}],"curies":[{"name":"wp","href":"https:\/\/api.w.org\/{rel}","templated":true}]}}