{"id":18079,"date":"2022-10-19T12:58:11","date_gmt":"2022-10-19T12:58:11","guid":{"rendered":"http:\/\/fmriachuelo.com.ar\/?p=18079"},"modified":"2025-02-26T14:18:33","modified_gmt":"2025-02-26T17:18:33","slug":"comenzo-el-juicio-por-la-masacre-de-wilde-con-viejos-planteos-de-las-defensas","status":"publish","type":"post","link":"http:\/\/fmriachuelo.it10.com.ar\/index.php\/2022\/10\/19\/comenzo-el-juicio-por-la-masacre-de-wilde-con-viejos-planteos-de-las-defensas\/","title":{"rendered":"COMENZ\u00d3 EL JUICIO POR LA MASACRE DE WILDE CON VIEJOS PLANTEOS DE LAS DEFENSAS"},"content":{"rendered":"<p><strong>[18\/10\/2022,\u00a0Colectivo de Medios Populares*]\u00a0Con una puesta en escena de los abogados defensores de los 8 polic\u00edas imputados por la Masacre de Wilde, comenz\u00f3 el juicio oral, a menos de tres meses de cumplirse 29 a\u00f1os del cu\u00e1druple homicidio ocurrido en 1994.<\/strong><\/p>\n<p>Luego de escuchar las fuertes acusaciones de la Fiscal\u00eda y los querellantes, que anticipan un pedido de perpetua por la \u201cejecuci\u00f3n sumaria\u201d de 4 personas y la \u201ctentativa de homicidio\u201d del \u00fanico sobreviviente, las defensas repitieron como loros caducos argumentos sobre supuestas nulidades ya rechazadas por el Tribunal Oral 3 de Lomas de Zamora en la audiencia preliminar del debate.<\/p>\n<p>La fiscal Viviana Sim\u00f3n y su adjunto, Jorge Benetti, dijeron que 11 polic\u00edas \u2014tres de ellos ya fallecidos\u2014 vestidos de civil que se movilizaban en cuatro veh\u00edculos no identificables, actuaron \u201csin motivaciones legales\u201d contra los dos autos en los que viajaban las 4 v\u00edctimas y Claudio D\u00edaz, el sobreviviente, quien estuvo presente en la sala. Las pericias determinaron que hubo unos 270 disparos y a los polic\u00edas se les secuestraron armas de guerra, incluyendo una ametralladora. La calificaci\u00f3n legal del hecho es \u201chomicidio agravado\u201d triplemente calificado por \u201cel concurso premeditado de dos o m\u00e1s personas, con alevos\u00eda\u201d y por el hecho de ser personal policial.<\/p>\n<p>Los representantes del Ministerio P\u00fablico definieron que se trat\u00f3 de \u201cuna ejecuci\u00f3n sumaria\u201d de \u201cseres humanos, sin ninguna justificaci\u00f3n de tipo legal\u201d. Se\u00f1alaron que el hecho se dio el 10 de enero de 1994, cuando la c\u00fapula policial bonaerense era se\u00f1alada como responsable de \u201cgraves violaciones a los derechos humanos\u201d. Sin se\u00f1alarlo en forma expl\u00edcita, aludieron a la existencia de lo que entonces era la \u201cMaldita Polic\u00eda\u201d conducida por el comisario Pedro Klodczyk, dado de baja por hechos de corrupci\u00f3n.<br \/>\nCiro Annicchiarico, uno de los querellantes, coincidi\u00f3 en que se trat\u00f3 de \u201cuna acci\u00f3n planificada\u201d por los polic\u00edas, que se movilizaron en grupos \u201ccon el \u00fanico fin de matar\u201d. Asegur\u00f3 que se trataba de \u201cfuncionarios con poder de mando\u201d que formaban parte de una fuerza que entonces \u201cera considerada la mejor polic\u00eda de la historia de la provincia de Buenos Aires\u201d, mencionando en forma ir\u00f3nica una frase textual del entonces gobernador bonaerense Eduardo Duhalde.<\/p>\n<p>En el virtual fusilamiento fueron asesinados el vendedor de libros Edgardo Cicut\u00edn, quien iba en un Dodge 1500 conducido por Claudio D\u00edaz, el sobreviviente. En el otro veh\u00edculo baleado, un Peugeot 505, iban el remisero Norberto Corbo, y sus dos pasajeros, Claudio Mendoza y Enrique Bielsa.<br \/>\nEn la acusaci\u00f3n firmada por la primera jueza de instrucci\u00f3n del caso, Silvia Gonz\u00e1lez, se reunieron \u201ctodas las pruebas necesarias\u201d como para imputar a los 11 polic\u00edas, recordaron los querellantes Annicchiarico y Gustavo Romano Duffau, para enfrentar m\u00e1s de dos horas de parlamento de los abogados defensores, quienes armaron una escena combinada en la que dieron a entender que las supuestas v\u00edctimas son los victimarios.<\/p>\n<p>Aunque est\u00e1 probado que no hubo armas ni disparos que partieran de los dos autos agredidos por los polic\u00edas, las defensas llegaron a decir que las verdaderas v\u00edctimas \u201cten\u00edan un arsenal\u201d y que fue \u201cun enfrentamiento\u201d, algo descartado desde 1994. El abogado Gabriel Leira lleg\u00f3 a decir que la causa contra los polic\u00edas es \u201cuna grave estafa\u201d del Poder Judicial y cargaron las tintas contra Gabriel Vitale, otro de los jueces que tuvo el caso. Leira consider\u00f3 que los polic\u00edas \u201cya fueron sobrese\u00eddos\u201d en un juicio que en noviembre de 2013 fue declarado nulo por la Suprema Corte bonaerense, que orden\u00f3 la realizaci\u00f3n de un nuevo debate, que se realiza reci\u00e9n ahora, once a\u00f1os despu\u00e9s de esa resoluci\u00f3n. Para Leira es \u201ccosa juzgada\u201d y se lament\u00f3 por \u201cla dura situaci\u00f3n de personas (los polic\u00edas) que desde hace m\u00e1s de 28 a\u00f1os tienen sobre sus espaldas una acci\u00f3n judicial\u201d. Ni una palabra dirigida a los familiares de las v\u00edctimas que estuvieron presentes: Raquel Gazzanego, viuda de Cicut\u00edn, acompa\u00f1ada por sus hijos; y Patricia Cordo, la esposa del remisero asesinado.<\/p>\n<p>La cosa fue mucho m\u00e1s all\u00e1 cuando intervino otro de los letrados, Jos\u00e9 Manuel Ubeira, quien es adem\u00e1s uno de los abogados que representa a la vicepresidenta Cristina Fern\u00e1ndez de Kirchner en el juicio \u201cVialidad\u201d. Con palabras fuertes, se dirigi\u00f3 a los miembros del Tribunal 3 de Lomas para pedirles: \u201cUstedes tienen la responsabilidad de evitar que siga \u201cesta grave estafa judicial\u201d a la que lleg\u00f3 a comparar con \u201clas violaciones a los derechos humanos\u201d, usurpando figuras que son levantadas por la parte acusadora.<br \/>\nEn un momento de su intervenci\u00f3n, Ubeira compar\u00f3 la situaci\u00f3n de los polic\u00edas con lo vivido \u201cen la causa por el atentado contra la AMIA por mi defendido en ese juicio, el comisario Juan Jos\u00e9 Ribelli\u201d. El abogado, que es columnista en C5N, record\u00f3 que \u201cRibelli soport\u00f3 una acusaci\u00f3n que se hizo a trav\u00e9s del pago en d\u00f3lares a un testigo falso (Carlos Telleld\u00edn), con dinero que sali\u00f3 de la ex SIDE\u201d. Tanto \u00e9l como los dem\u00e1s defensores, sostuvieron que la causa contra los polic\u00edas fue armada por el Poder Judicial y por \u201cla pol\u00edtica\u201d, en alusi\u00f3n a la situaci\u00f3n institucional que se viv\u00eda en los a\u00f1os 90. Uno de los argumentos centrales es que, en alg\u00fan momento, sin que se haya dado una explicaci\u00f3n coherente, desaparecieron de los estados judiciales las armas secuestradas a los polic\u00edas.<\/p>\n<p>Raquel Gazzanego, en di\u00e1logo con el Colectivo de Medios Populares, record\u00f3 que las armas \u201c fueron llevadas a la Brigada\u201d, supuestamente para su destrucci\u00f3n, como ocurre con los elementos de prueba que son guardados hasta que se diriman los casos judiciales correspondientes.<br \/>\nEn una posterior intervenci\u00f3n, tanto Annicchiarico como Romano Duffau, recordaron que \u201clas armas no est\u00e1n disponibles por razones que ignoramos, pero lo \u00fanico cierto es que en su momento fueron objeto de pericias (por parte de Gendarmer\u00eda Nacional) y esas pericias fueron la prueba contundente para determinar a qui\u00e9nes pertenec\u00edan cada una de ellas y qued\u00f3 demostrado que fueron las utilizadas\u201d en la Masacre de Wilde.<\/p>\n<p>En consecuencia: \u201cLa prueba est\u00e1 incorporada a la causa desde 1994 y eso es irrebatible\u201d. Los polic\u00edas que llegaron al juicio son Roberto Mantel, Eduardo G\u00f3mez, Osvaldo Lorenz\u00f3n, Marcelo Valenga, Julio Gatto, Pablo Dudek y Marcos Ariel Rodr\u00edguez. Fallecieron Hugo Reyes, C\u00e9sar C\u00f3rdoba y Carlos Saladino. Ninguno de los imputados accedi\u00f3 a responder preguntas en esta primera audiencia y Dudek pidi\u00f3 dejar de concurrir al recinto, alegando problemas de salud.<\/p>\n<h5><strong>*Por Carlos Rodr\u00edguez para el Colectivo de Medios Populares:\u00a0La Retaguardia \/ FM Riachuelo \/ Sur Capitalino \/ Revista Resistencias \/ Radio Presente<\/strong><\/h5>\n<h5><strong>Foto:\u00a0Gustavo Amarelle\/T\u00e9lam<\/strong><\/h5>\n","protected":false},"excerpt":{"rendered":"<p>[18\/10\/2022,\u00a0Colectivo de Medios Populares*]\u00a0Con una puesta en escena de los abogados defensores de los 8 polic\u00edas imputados por la Masacre de Wilde, comenz\u00f3 el juicio oral, a menos de tres meses de cumplirse 29 a\u00f1os del cu\u00e1druple homicidio ocurrido en 1994. Luego de escuchar las fuertes acusaciones de la Fiscal\u00eda y los querellantes, que anticipan [&hellip;]<\/p>\n","protected":false},"author":5,"featured_media":18080,"comment_status":"closed","ping_status":"closed","sticky":false,"template":"","format":"standard","meta":{"_monsterinsights_skip_tracking":false,"_monsterinsights_sitenote_active":false,"_monsterinsights_sitenote_note":"","_monsterinsights_sitenote_category":0,"jnews-multi-image_gallery":[],"jnews_single_post":{"format":"standard"},"jnews_primary_category":[],"_joinchat":[],"footnotes":""},"categories":[58],"tags":[142,151],"class_list":["post-18079","post","type-post","status-publish","format-standard","has-post-thumbnail","hentry","category-noticiariachuelo","tag-colectivo-de-medios-populares","tag-ddhh"],"_links":{"self":[{"href":"http:\/\/fmriachuelo.it10.com.ar\/index.php\/wp-json\/wp\/v2\/posts\/18079","targetHints":{"allow":["GET"]}}],"collection":[{"href":"http:\/\/fmriachuelo.it10.com.ar\/index.php\/wp-json\/wp\/v2\/posts"}],"about":[{"href":"http:\/\/fmriachuelo.it10.com.ar\/index.php\/wp-json\/wp\/v2\/types\/post"}],"author":[{"embeddable":true,"href":"http:\/\/fmriachuelo.it10.com.ar\/index.php\/wp-json\/wp\/v2\/users\/5"}],"replies":[{"embeddable":true,"href":"http:\/\/fmriachuelo.it10.com.ar\/index.php\/wp-json\/wp\/v2\/comments?post=18079"}],"version-history":[{"count":1,"href":"http:\/\/fmriachuelo.it10.com.ar\/index.php\/wp-json\/wp\/v2\/posts\/18079\/revisions"}],"predecessor-version":[{"id":22132,"href":"http:\/\/fmriachuelo.it10.com.ar\/index.php\/wp-json\/wp\/v2\/posts\/18079\/revisions\/22132"}],"wp:featuredmedia":[{"embeddable":true,"href":"http:\/\/fmriachuelo.it10.com.ar\/index.php\/wp-json\/wp\/v2\/media\/18080"}],"wp:attachment":[{"href":"http:\/\/fmriachuelo.it10.com.ar\/index.php\/wp-json\/wp\/v2\/media?parent=18079"}],"wp:term":[{"taxonomy":"category","embeddable":true,"href":"http:\/\/fmriachuelo.it10.com.ar\/index.php\/wp-json\/wp\/v2\/categories?post=18079"},{"taxonomy":"post_tag","embeddable":true,"href":"http:\/\/fmriachuelo.it10.com.ar\/index.php\/wp-json\/wp\/v2\/tags?post=18079"}],"curies":[{"name":"wp","href":"https:\/\/api.w.org\/{rel}","templated":true}]}}