{"id":17842,"date":"2022-10-06T23:21:24","date_gmt":"2022-10-06T23:21:24","guid":{"rendered":"http:\/\/fmriachuelo.com.ar\/?p=17842"},"modified":"2025-02-26T14:22:27","modified_gmt":"2025-02-26T17:22:27","slug":"presentacion-de-la-red-federal-de-defensa-de-las-organizaciones-populares","status":"publish","type":"post","link":"http:\/\/fmriachuelo.it10.com.ar\/index.php\/2022\/10\/06\/presentacion-de-la-red-federal-de-defensa-de-las-organizaciones-populares\/","title":{"rendered":"PRESENTACI\u00d3N DE LA RED FEDERAL DE DEFENSA DE LAS ORGANIZACIONES POPULARES"},"content":{"rendered":"<p><b>[FM Riachuelo, 06\/10\/2022] <\/b><b>Hoy 6 de octubre a las 14 hs\u00a0 en el Sal\u00f3n Delia Parodi de la C\u00e1mara de Diputados en el Congreso de la Naci\u00f3n, diversas organizaciones y movimientos sociales, gremiales y organismos de Derechos Humanos presentaron la<em> \u201cRed Federal de Defensa de las Organizaciones Populares\u201d<\/em>. La Red es un \u00e1mbito amplio y democr\u00e1tico que tiene como fin articular estrategias para la defensa de los derechos humanos vulnerados mediante la criminalizaci\u00f3n y hostigamiento a las organizaciones populares.<\/b><\/p>\n<p><span style=\"font-weight: 400\">Esta red se conforma en atenci\u00f3n a la avanzada general, medi\u00e1tica, judicial y pol\u00edtica que hay contra las organizaciones populares. Una avanzada contra todo aquel sujeto que se organice para defender sus derechos. Los objetivos de la misma son visibilizar esta situaci\u00f3n, visibilizar la persecuci\u00f3n, criminalizaci\u00f3n y represi\u00f3n a los sectores populares, ejercer la defensa conjunta de esos compa\u00f1eros y compa\u00f1eras mejorando la capacidad de defensa y respuesta a las organizaciones. En definitiva para reivindicar el derecho a luchar, el derecho a la protesta social y la unidad de todo el campo popular a los efectos de enfrentar esta pol\u00edtica con un solo pu\u00f1o.<\/span><\/p>\n<p><span style=\"font-weight: 400\"><img loading=\"lazy\" decoding=\"async\" class=\"size-medium wp-image-17844 alignleft\" src=\"http:\/\/fmriachuelo.it10.com.ar\/wp-content\/uploads\/2022\/10\/WhatsApp-Image-2022-10-06-at-15.23.59-300x169.jpeg\" alt=\"\" width=\"300\" height=\"169\" srcset=\"http:\/\/fmriachuelo.it10.com.ar\/wp-content\/uploads\/2022\/10\/WhatsApp-Image-2022-10-06-at-15.23.59-300x169.jpeg 300w, http:\/\/fmriachuelo.it10.com.ar\/wp-content\/uploads\/2022\/10\/WhatsApp-Image-2022-10-06-at-15.23.59-1024x576.jpeg 1024w, http:\/\/fmriachuelo.it10.com.ar\/wp-content\/uploads\/2022\/10\/WhatsApp-Image-2022-10-06-at-15.23.59-768x432.jpeg 768w, http:\/\/fmriachuelo.it10.com.ar\/wp-content\/uploads\/2022\/10\/WhatsApp-Image-2022-10-06-at-15.23.59-1536x864.jpeg 1536w, http:\/\/fmriachuelo.it10.com.ar\/wp-content\/uploads\/2022\/10\/WhatsApp-Image-2022-10-06-at-15.23.59-750x422.jpeg 750w, http:\/\/fmriachuelo.it10.com.ar\/wp-content\/uploads\/2022\/10\/WhatsApp-Image-2022-10-06-at-15.23.59-1140x641.jpeg 1140w, http:\/\/fmriachuelo.it10.com.ar\/wp-content\/uploads\/2022\/10\/WhatsApp-Image-2022-10-06-at-15.23.59.jpeg 1599w\" sizes=\"auto, (max-width: 300px) 100vw, 300px\" \/>Ante un nutrido y diverso p\u00fablico se conform\u00f3 un panel del que participaron <\/span><b>Esteban Gringo Castro,<\/b><span style=\"font-weight: 400\"> Secretario General de la Uni\u00f3n de Trabajadores y Trabajadoras de la Econom\u00eda Popular (<\/span><b>UTEP<\/b><span style=\"font-weight: 400\">);\u00a0 <\/span><b>Paula Litvachky<\/b><span style=\"font-weight: 400\">, directora ejecutiva del Centro de Estudios Legales y Sociales (<\/span><b>CELS<\/b><span style=\"font-weight: 400\">);\u00a0 <\/span><b>Laura Barroso, <\/b><span style=\"font-weight: 400\">presidenta de la Coordinadora Argentina por los Derechos Humanos (<\/span><b>CADH<\/b><span style=\"font-weight: 400\">); <\/span><b>Pablo<\/b> <b>Gargiulo<\/b><span style=\"font-weight: 400\"> Coordinador del \u00c1rea \u201cEmpresas y Derechos Humanos\u201d en la Fundaci\u00f3n <\/span><b>ANDHES; Florencia D\u00edaz Peccinetti y Pablo Garciarena, <\/b><span style=\"font-weight: 400\">de <\/span><b>XUMEK<\/b><span style=\"font-weight: 400\">, Asociaci\u00f3n Civil para la Promoci\u00f3n y la Protecci\u00f3n de los Derechos Humanos; <\/span><b>Leonardo Grosso, Natalia Zaracho<\/b><span style=\"font-weight: 400\"> y <\/span><b>Juan Carlos Alderete<\/b><span style=\"font-weight: 400\">, Diputados Nacionales.<\/span><\/p>\n<p><span style=\"font-weight: 400\">El primero en tomar la palabra fue el <\/span><b>Gringo Castro (UTEP)<\/b><span style=\"font-weight: 400\"> quien agradeci\u00f3 la presencia de todos los presentes y describi\u00f3 la situaci\u00f3n que vienen atravesando lxs trabajadorxs de la econom\u00eda popular: <\/span><i><span style=\"font-weight: 400\">\u201cNosotros pasamos de ser un espacio social que durante la pandemia garantiz\u00f3 la alimentaci\u00f3n, el cuidado y la vida de millones de personas, y cuando el 1\u00ba de Mayo presentamos un programa vinculado a nuestra consigna hist\u00f3rica, <\/span><\/i><b><i>Tierra Techo y Trabajo<\/i><\/b><i><span style=\"font-weight: 400\">, hubo un avasallamiento permanente sobre los sectores m\u00e1s humildes de nuestras organizaciones que est\u00e1n trabajando en eso que se valoraba en la pandemia, que son los comedores y merenderos. Algunos creemos que esta propuesta est\u00e1 molestando a amplios sectores de la pol\u00edtica nacional, otros pueden pensar que algunos de nuestros compa\u00f1eros est\u00e1n haciendo las cosas mal. <\/span><\/i><b><i>Yo creo que nos tenemos que preparar para una situaci\u00f3n m\u00e1s compleja todav\u00eda, fundamentalmente porque hay sectores que est\u00e1n apostando a que se recrudezca la violencia en Argentina<\/i><\/b><i><span style=\"font-weight: 400\">.\u201d<\/span><\/i><\/p>\n<p><span style=\"font-weight: 400\">El cierre de la actividad estuvo a cargo del <\/span><b>Diputado Nacional Leonardo Grosso <\/b><span style=\"font-weight: 400\">quien expres\u00f3: <\/span><i><span style=\"font-weight: 400\">\u201cParece una paradoja estar contentos porque tenemos esta iniciativa que es necesaria, pero ma\u00f1ana no querr\u00edamos tener que tener esta iniciativa, podr\u00edamos tener que pensar en otras cosas y ocuparnos de otras cosas, como hacen los movimiento populares todos los d\u00edas de nuestra vida. <\/span><\/i><b><i>Y ahora adem\u00e1s nos tenemos que encargar de defendernos porque hay un ataque sistem\u00e1tico y sostenido sobre el campo popular, sobre las organizaciones populares, criminalizando nuestras pr\u00e1cticas, nuestros m\u00e9todos de lucha.<\/i><\/b><i><span style=\"font-weight: 400\"> Aprovechando lo f\u00e1cil que es estigmatizar a los sectores m\u00e1s d\u00e9biles de la Argentina y par\u00e1ndose sobre todos los perjuicios sociales habidos y por haber. Me parece muy importante que recojamos nuestra propia experiencia que es la de analizar los problemas de nuestro pueblo y darle una respuesta organizativa. Dos cosas m\u00e1s que no son pol\u00edticamente correctas pero que hay que traerlas. Yo <\/span><\/i><b><i>conf\u00edo en la respuesta organizada que tiene nuestro pueblo<\/i><\/b><i><span style=\"font-weight: 400\">, en la respuesta organizada que le dimos ac\u00e1, en la disputa judicial y jur\u00eddica que podamos establecer con la expertise de nuestros compa\u00f1eros y compa\u00f1eras de los organismos y tambi\u00e9n con la movilizaci\u00f3n popular que nosotros desarrollemos para acompa\u00f1ar eso. Pero tambi\u00e9n <\/span><\/i><b><i>me parece que esta red tiene que servir para llamar la atenci\u00f3n a nuestros compa\u00f1eros y compa\u00f1eras que tienen lugares de decisi\u00f3n, estado nacional, provincial, municipal\u00a0 o donde sea, porque muchas de las cosas que est\u00e1n pasando tienen que ver con falta de decisi\u00f3n o miedo de algunos compa\u00f1eros o compa\u00f1eras.<\/i><\/b><i><span style=\"font-weight: 400\"> Lo vemos con los Mapuches y todos repudiamos la represi\u00f3n que sufri\u00f3 el pueblo\u00a0 mapuche, pero esa represi\u00f3n se\u00a0 da en un predio que es del gobierno nacional, parques nacionales, ministerio de defensa, hay un mont\u00f3n, ahora est\u00e1 interviniendo el Ministerio de la Mujer. <\/span><\/i><b><i>Le pedimos a nuestros compa\u00f1eros y compa\u00f1eras con grados altos de responsabilidad<\/i><\/b><i><span style=\"font-weight: 400\">, al Ministro de seguridad, <\/span><\/i><b><i>que tomen cartas en el asunto para garantizar los DDHH y que un gobierno popular no puede ser funcional a las campa\u00f1as de criminalizaci\u00f3n.<\/i><\/b><i><span style=\"font-weight: 400\"> Esta es parte de la discusi\u00f3n que queremos dar. A nosotros nos da mucha bronca encontrar esta cara del estado. Me da mucha bronca ver que el estado lleg\u00f3 a los comedores de la CCC, en los barrios m\u00e1s pobres de San Mart\u00edn, en forma de allanamiento y no lleg\u00f3 en forma de ayuda para garantizar a esas compa\u00f1eras que s\u00ed vi durante toda la pandemia abriendo su casa para armar comedores para dar de comer a los compa\u00f1eros y compa\u00f1eras. Me parece que esto es algo que nosotros tenemos que poner arriba de la mesa, entre todos tenemos que construir mucho nivel de unidad en los movimientos populares. Est\u00e1n tratando de criminalizar a los movimientos populares que son una de las herramientas m\u00e1s importantes que construy\u00f3 nuestro pueblo durante los \u00faltimos a\u00f1os para tratar de construir un pa\u00eds\u00a0 m\u00e1s justo y pelear por los derechos que nos hacen falta. Por eso compa\u00f1eros y compa\u00f1eras celebrar con la paradoja que dije al principio que <\/span><\/i><b><i>la organizaci\u00f3n popular es la que nos va a permitir encontrar el camino para resolver estos problemas porque solo el pueblo salva al pueblo<\/i><\/b><i><span style=\"font-weight: 400\">.\u201d\u00a0 \u00a0<\/span><\/i><\/p>\n<p>&nbsp;<\/p>\n","protected":false},"excerpt":{"rendered":"<p>[FM Riachuelo, 06\/10\/2022] Hoy 6 de octubre a las 14 hs\u00a0 en el Sal\u00f3n Delia Parodi de la C\u00e1mara de Diputados en el Congreso de la Naci\u00f3n, diversas organizaciones y movimientos sociales, gremiales y organismos de Derechos Humanos presentaron la \u201cRed Federal de Defensa de las Organizaciones Populares\u201d. La Red es un \u00e1mbito amplio y [&hellip;]<\/p>\n","protected":false},"author":5,"featured_media":17843,"comment_status":"closed","ping_status":"closed","sticky":false,"template":"","format":"standard","meta":{"_monsterinsights_skip_tracking":false,"_monsterinsights_sitenote_active":false,"_monsterinsights_sitenote_note":"","_monsterinsights_sitenote_category":0,"jnews-multi-image_gallery":[],"jnews_single_post":{"format":"standard"},"jnews_primary_category":[],"_joinchat":[],"footnotes":""},"categories":[58],"tags":[151,92,103],"class_list":["post-17842","post","type-post","status-publish","format-standard","has-post-thumbnail","hentry","category-noticiariachuelo","tag-ddhh","tag-los-nuestros","tag-movimientos-populares"],"_links":{"self":[{"href":"http:\/\/fmriachuelo.it10.com.ar\/index.php\/wp-json\/wp\/v2\/posts\/17842","targetHints":{"allow":["GET"]}}],"collection":[{"href":"http:\/\/fmriachuelo.it10.com.ar\/index.php\/wp-json\/wp\/v2\/posts"}],"about":[{"href":"http:\/\/fmriachuelo.it10.com.ar\/index.php\/wp-json\/wp\/v2\/types\/post"}],"author":[{"embeddable":true,"href":"http:\/\/fmriachuelo.it10.com.ar\/index.php\/wp-json\/wp\/v2\/users\/5"}],"replies":[{"embeddable":true,"href":"http:\/\/fmriachuelo.it10.com.ar\/index.php\/wp-json\/wp\/v2\/comments?post=17842"}],"version-history":[{"count":1,"href":"http:\/\/fmriachuelo.it10.com.ar\/index.php\/wp-json\/wp\/v2\/posts\/17842\/revisions"}],"predecessor-version":[{"id":22135,"href":"http:\/\/fmriachuelo.it10.com.ar\/index.php\/wp-json\/wp\/v2\/posts\/17842\/revisions\/22135"}],"wp:featuredmedia":[{"embeddable":true,"href":"http:\/\/fmriachuelo.it10.com.ar\/index.php\/wp-json\/wp\/v2\/media\/17843"}],"wp:attachment":[{"href":"http:\/\/fmriachuelo.it10.com.ar\/index.php\/wp-json\/wp\/v2\/media?parent=17842"}],"wp:term":[{"taxonomy":"category","embeddable":true,"href":"http:\/\/fmriachuelo.it10.com.ar\/index.php\/wp-json\/wp\/v2\/categories?post=17842"},{"taxonomy":"post_tag","embeddable":true,"href":"http:\/\/fmriachuelo.it10.com.ar\/index.php\/wp-json\/wp\/v2\/tags?post=17842"}],"curies":[{"name":"wp","href":"https:\/\/api.w.org\/{rel}","templated":true}]}}