{"id":17765,"date":"2022-10-06T14:47:16","date_gmt":"2022-10-06T14:47:16","guid":{"rendered":"http:\/\/fmriachuelo.com.ar\/?p=17765"},"modified":"2025-02-26T14:23:24","modified_gmt":"2025-02-26T17:23:24","slug":"la-utep-pelea-en-las-calles-por-una-nueva-reforma-de-la-ley-nacional-de-barrios-populares","status":"publish","type":"post","link":"http:\/\/fmriachuelo.it10.com.ar\/index.php\/2022\/10\/06\/la-utep-pelea-en-las-calles-por-una-nueva-reforma-de-la-ley-nacional-de-barrios-populares\/","title":{"rendered":"LA UTEP PELEA EN LAS CALLES POR UNA NUEVA REFORMA DE LA LEY NACIONAL DE BARRIOS POPULARES"},"content":{"rendered":"<p><b>[FM Riachuelo, 05\/10\/2022] La Uni\u00f3n de Trabajadores de la Econom\u00eda Popular (UTEP) convoc\u00f3 en el d\u00eda de ayer a movilizar al Congreso para exigir la reforma de la Ley Nacional de Barrios Populares. Esta reforma permitir\u00eda incorporar a 5687 barrios populares al Registro Nacional de Barrios Populares (ReNaBaP), frenar los desalojos por 10 a\u00f1os y asegurar que las obras de integraci\u00f3n urbana sigan llegando a nuestros barrios de la mano de las cooperativas.<\/b><\/p>\n<p><span style=\"font-weight: 400\">Desde las 12 del mediod\u00eda se encontraron un gran arco de movimientos populares y organizaciones sociales en la Avenida 9 de Julio para marchar al Congreso a exigir la aprobaci\u00f3n de esta reforma a la C\u00e1mara de Diputados de la Naci\u00f3n. Mientras la reforma de la ley se presentaba, fuera del palacio del Congreso se realiz\u00f3 un acto, donde hablaron varios compa\u00f1eros que compartieron sus experiencias de organizaci\u00f3n respecto al h\u00e1bitat.\u00a0<\/span><\/p>\n<p><img loading=\"lazy\" decoding=\"async\" class=\" wp-image-17828 aligncenter\" src=\"http:\/\/fmriachuelo.it10.com.ar\/wp-content\/uploads\/2022\/10\/WhatsApp-Image-2022-10-05-at-17.07.25-2-300x225.jpeg\" alt=\"\" width=\"404\" height=\"303\" srcset=\"http:\/\/fmriachuelo.it10.com.ar\/wp-content\/uploads\/2022\/10\/WhatsApp-Image-2022-10-05-at-17.07.25-2-300x225.jpeg 300w, http:\/\/fmriachuelo.it10.com.ar\/wp-content\/uploads\/2022\/10\/WhatsApp-Image-2022-10-05-at-17.07.25-2-1024x768.jpeg 1024w, http:\/\/fmriachuelo.it10.com.ar\/wp-content\/uploads\/2022\/10\/WhatsApp-Image-2022-10-05-at-17.07.25-2-768x576.jpeg 768w, http:\/\/fmriachuelo.it10.com.ar\/wp-content\/uploads\/2022\/10\/WhatsApp-Image-2022-10-05-at-17.07.25-2-1536x1152.jpeg 1536w, http:\/\/fmriachuelo.it10.com.ar\/wp-content\/uploads\/2022\/10\/WhatsApp-Image-2022-10-05-at-17.07.25-2-750x563.jpeg 750w, http:\/\/fmriachuelo.it10.com.ar\/wp-content\/uploads\/2022\/10\/WhatsApp-Image-2022-10-05-at-17.07.25-2-1140x855.jpeg 1140w, http:\/\/fmriachuelo.it10.com.ar\/wp-content\/uploads\/2022\/10\/WhatsApp-Image-2022-10-05-at-17.07.25-2.jpeg 1600w\" sizes=\"auto, (max-width: 404px) 100vw, 404px\" \/><\/p>\n<p><span style=\"font-weight: 400\">Muchos oradores compartieron las problem\u00e1ticas que viven los vecinos y vecinas en los barrios populares, la falta de servicios b\u00e1sicos e instalaciones de cloaca, la falta de trabajo y acceso a la salud. <\/span><b>Maira<\/b><span style=\"font-weight: 400\">, compa\u00f1era de la Fogonera del Movimiento Popular Los Pibes, denunci\u00f3 las problem\u00e1ticas de otros espacios de organizaci\u00f3n del movimiento: <\/span><i><span style=\"font-weight: 400\">\u00abLamentablemente, tenemos muchos compa\u00f1eros en Misiones que solo tienen dos horas de agua al d\u00eda. Tambi\u00e9n los compa\u00f1eros del Barrio Pap\u00e1 Francisco de La Paz, Entre R\u00edos, tienen la cloaca a cielo abierto y es una situaci\u00f3n angustiante. Por eso <\/span><\/i><b><i>tiene que salir esta ley, necesitamos mejoras en los barrios populares<\/i><\/b><i><span style=\"font-weight: 400\">\u00ab.<\/span><\/i><\/p>\n<p><img loading=\"lazy\" decoding=\"async\" class=\" wp-image-17829 aligncenter\" src=\"http:\/\/fmriachuelo.it10.com.ar\/wp-content\/uploads\/2022\/10\/WhatsApp-Image-2022-10-05-at-17.07.18-1-300x225.jpeg\" alt=\"\" width=\"459\" height=\"344\" srcset=\"http:\/\/fmriachuelo.it10.com.ar\/wp-content\/uploads\/2022\/10\/WhatsApp-Image-2022-10-05-at-17.07.18-1-300x225.jpeg 300w, http:\/\/fmriachuelo.it10.com.ar\/wp-content\/uploads\/2022\/10\/WhatsApp-Image-2022-10-05-at-17.07.18-1-1024x768.jpeg 1024w, http:\/\/fmriachuelo.it10.com.ar\/wp-content\/uploads\/2022\/10\/WhatsApp-Image-2022-10-05-at-17.07.18-1-768x576.jpeg 768w, http:\/\/fmriachuelo.it10.com.ar\/wp-content\/uploads\/2022\/10\/WhatsApp-Image-2022-10-05-at-17.07.18-1-1536x1152.jpeg 1536w, http:\/\/fmriachuelo.it10.com.ar\/wp-content\/uploads\/2022\/10\/WhatsApp-Image-2022-10-05-at-17.07.18-1-750x563.jpeg 750w, http:\/\/fmriachuelo.it10.com.ar\/wp-content\/uploads\/2022\/10\/WhatsApp-Image-2022-10-05-at-17.07.18-1-1140x855.jpeg 1140w, http:\/\/fmriachuelo.it10.com.ar\/wp-content\/uploads\/2022\/10\/WhatsApp-Image-2022-10-05-at-17.07.18-1.jpeg 1600w\" sizes=\"auto, (max-width: 459px) 100vw, 459px\" \/><\/p>\n<p><span style=\"font-weight: 400\">Tambi\u00e9n estuvo presente <\/span><b>Esteban Gringo Castro<\/b><span style=\"font-weight: 400\">, secretario general de la UTEP, que habl\u00f3 sobre el hilo hist\u00f3rico de lucha que transit\u00f3 nuestro pueblo trabajador en torno a la vivienda digna:<\/span><i><span style=\"font-weight: 400\"> \u00abLos barrios populares no se han podido desarrollar como hubi\u00e9ramos querido, porque desde la dictadura hasta la actualidad se profundiz\u00f3 en el proyecto Neoliberal y a\u00fan m\u00e1s en el gobierno de Macri, y no quisieron que los movimientos populares se desarrollen en los barrios. <\/span><\/i><b><i>Es muy importante plantearle a los diputados y diputadas que est\u00e1n votando la ley, que no van a votar letra fr\u00eda, van a votar a los compa\u00f1eros y compa\u00f1eras que generaron una gesta patri\u00f3tica durante la pandemia, para garantizar el alimento a nuestro pueblo<\/i><\/b><i><span style=\"font-weight: 400\">\u00ab.<\/span><\/i><\/p>\n<p><span style=\"font-weight: 400\">Para cerrar el acto, la comisi\u00f3n de compa\u00f1erxs, que conforman la Mesa Nacional de Barrios Populares dentro de la UTEP, presentaron la respuesta de la presidenta de la c\u00e1mara que se comprometi\u00f3 a tratar esta reforma la semana que viene.<\/span><\/p>\n<p>&nbsp;<\/p>\n","protected":false},"excerpt":{"rendered":"<p>[FM Riachuelo, 05\/10\/2022] La Uni\u00f3n de Trabajadores de la Econom\u00eda Popular (UTEP) convoc\u00f3 en el d\u00eda de ayer a movilizar al Congreso para exigir la reforma de la Ley Nacional de Barrios Populares. Esta reforma permitir\u00eda incorporar a 5687 barrios populares al Registro Nacional de Barrios Populares (ReNaBaP), frenar los desalojos por 10 a\u00f1os y [&hellip;]<\/p>\n","protected":false},"author":5,"featured_media":17827,"comment_status":"closed","ping_status":"closed","sticky":false,"template":"","format":"standard","meta":{"_monsterinsights_skip_tracking":false,"_monsterinsights_sitenote_active":false,"_monsterinsights_sitenote_note":"","_monsterinsights_sitenote_category":0,"jnews-multi-image_gallery":[],"jnews_single_post":{"format":"standard"},"jnews_primary_category":[],"_joinchat":[],"footnotes":""},"categories":[58],"tags":[64,147],"class_list":["post-17765","post","type-post","status-publish","format-standard","has-post-thumbnail","hentry","category-noticiariachuelo","tag-economia-popular","tag-habitat"],"_links":{"self":[{"href":"http:\/\/fmriachuelo.it10.com.ar\/index.php\/wp-json\/wp\/v2\/posts\/17765","targetHints":{"allow":["GET"]}}],"collection":[{"href":"http:\/\/fmriachuelo.it10.com.ar\/index.php\/wp-json\/wp\/v2\/posts"}],"about":[{"href":"http:\/\/fmriachuelo.it10.com.ar\/index.php\/wp-json\/wp\/v2\/types\/post"}],"author":[{"embeddable":true,"href":"http:\/\/fmriachuelo.it10.com.ar\/index.php\/wp-json\/wp\/v2\/users\/5"}],"replies":[{"embeddable":true,"href":"http:\/\/fmriachuelo.it10.com.ar\/index.php\/wp-json\/wp\/v2\/comments?post=17765"}],"version-history":[{"count":1,"href":"http:\/\/fmriachuelo.it10.com.ar\/index.php\/wp-json\/wp\/v2\/posts\/17765\/revisions"}],"predecessor-version":[{"id":22136,"href":"http:\/\/fmriachuelo.it10.com.ar\/index.php\/wp-json\/wp\/v2\/posts\/17765\/revisions\/22136"}],"wp:featuredmedia":[{"embeddable":true,"href":"http:\/\/fmriachuelo.it10.com.ar\/index.php\/wp-json\/wp\/v2\/media\/17827"}],"wp:attachment":[{"href":"http:\/\/fmriachuelo.it10.com.ar\/index.php\/wp-json\/wp\/v2\/media?parent=17765"}],"wp:term":[{"taxonomy":"category","embeddable":true,"href":"http:\/\/fmriachuelo.it10.com.ar\/index.php\/wp-json\/wp\/v2\/categories?post=17765"},{"taxonomy":"post_tag","embeddable":true,"href":"http:\/\/fmriachuelo.it10.com.ar\/index.php\/wp-json\/wp\/v2\/tags?post=17765"}],"curies":[{"name":"wp","href":"https:\/\/api.w.org\/{rel}","templated":true}]}}