{"id":17719,"date":"2022-10-02T22:31:13","date_gmt":"2022-10-02T22:31:13","guid":{"rendered":"http:\/\/fmriachuelo.com.ar\/?p=17719"},"modified":"2025-02-26T14:59:16","modified_gmt":"2025-02-26T17:59:16","slug":"inauguracion-de-multiespacio-comunitario-en-la-boca","status":"publish","type":"post","link":"http:\/\/fmriachuelo.it10.com.ar\/index.php\/2022\/10\/02\/inauguracion-de-multiespacio-comunitario-en-la-boca\/","title":{"rendered":"INAUGURACI\u00d3N DE MULTIESPACIO COMUNITARIO EN LA BOCA"},"content":{"rendered":"<p><b>[FM Riachuelo, 02\/10\/2022]\u00a0<\/b><b>El s\u00e1bado 1\u00b0 de octubre se inaugur\u00f3 en el barrio de la Boca un Multiespacio Comunitario ubicado en la Avda. Almirante Brown 1127, en la Ciudad Aut\u00f3noma de Buenos Aires. En este multiespacio funcionar\u00e1n: Casa Pueblo que aborda los consumos problem\u00e1ticos, el Centro de Primera Infancia Juana Azurduy y por la noche funcionar\u00e1 el Bachillerato Popular Germ\u00e1n Abdala.\u00a0<\/b><\/p>\n<p><span style=\"font-weight: 400\">Bajo la consigna \u201c<\/span><b>La Ciudad da para m\u00e1s\u201d<\/b><span style=\"font-weight: 400\"> los compa\u00f1eros del Movimiento Evita inauguraron este multiespacio que re\u00fane distintas experiencias educativas, de salud y cultura. Lucas Bogado responsable del Movimiento Evita en la Comuna 4\u00b0 convers\u00f3 con FM Riachuelo presente en la inauguraci\u00f3n y expres\u00f3: <\/span><i><span style=\"font-weight: 400\">\u201cEn esta ciudad, tan excluyente en la zona sur, proponemos este multiespacio, porque sabemos que l<\/span><\/i><b><i>a ciudad da para m\u00e1s<\/i><\/b> <b><i>salud, m\u00e1s educaci\u00f3n, m\u00e1s cultura<\/i><\/b><i><span style=\"font-weight: 400\">. Nosotros hacemos pol\u00edtica para transformar la realidad, para generar organizaci\u00f3n, para construir comunidad. Fundamentalmente para empoderar a los \u00faltimos de la fila, para construir poder popular. Todo lo que logramos lo logramos con la lucha en la calle, organizandonos y reclamando nuestros derechos\u201d luego agreg\u00f3 \u201cEsta es la ciudad m\u00e1s rica del pa\u00eds, donde gobierna el mismo signo pol\u00edtico hace 15 a\u00f1os, por eso nosotros necesitamos ampliar nuestra propuesta y nuestra mirada para que la derecha no gane m\u00e1s en la Ciudad de Buenos Aires\u201d.<\/span><\/i><\/p>\n<p><span style=\"font-weight: 400\">Muchas organizaciones del barrio acompa\u00f1aron la inauguraci\u00f3n, una de ellas fue el <\/span><b>Merendero Madres Sembrando Conciencia, <\/b><span style=\"font-weight: 400\">del barrio de la Boca, conversamos con Roxana Cainzos y Carolina Vila. Roxana expres\u00f3: <\/span><i><span style=\"font-weight: 400\">\u201cEs una inauguraci\u00f3n hermosa. Es importante seguir tejiendo redes con las organizaciones del barrio, esto sirve para poder cambiar el mundo, para construir ese mundo posible con el que so\u00f1amos\u201d, luego <\/span><\/i><span style=\"font-weight: 400\">Carolina agreg\u00f3: <\/span><i><span style=\"font-weight: 400\">\u201cNos sumamos y celebramos que en el barrio se sigan abriendo espacios como estos, lugares de contenci\u00f3n. El jard\u00edn para que las mam\u00e1s podamos salir a trabajar y dejar a nuestros hijos en un lugar seguro. Tambi\u00e9n para que nuestros j\u00f3venes puedan terminar el secundario y tambi\u00e9n cuenten con asistencia en salud y acceso a la cultura, es imprescindible porque ellos son el futuro, tenemos que cuidarlos. Como pasa en nuestro merendero, son los j\u00f3venes los que empujan, los que nos ayudan a no bajar los brazos.\u201d\u00a0<\/span><\/i><\/p>\n<p><span style=\"font-weight: 400\">En la puerta del multiespacio se mont\u00f3 una radio abierta a cargo de <\/span><span style=\"font-weight: 400\">\u201cLa Chicata\u201d, espacio radial que desarrolla del<\/span> <span style=\"font-weight: 400\">Bachillerato Popular de J\u00f3venes y Adultos Raymundo Gleyzer, que brinda secundario con orientaci\u00f3n en comunicaci\u00f3n. Por la misma se pudo escuchar a organizaciones, vecinos y vecinas que participaron de la actividad. Carolina Brandariz, integrante de la Mesa Nacional del Movimiento Evita tom\u00f3 el micr\u00f3fono y se dirigi\u00f3 a los presentes para cerrar la jornada:<\/span><i><span style=\"font-weight: 400\"> \u201cEs muy importante que experiencias como estas sigan creciendo, que todos los que est\u00e1n ac\u00e1 compartan a sus vecinos y vecinas que esta propuesta existe. Que seamos cada vez m\u00e1s quienes hagamos crecer estas experiencias de organizaci\u00f3n popular. Porque con estas experiencias podemos construir la ciudad que queremos, una ciudad m\u00e1s justa para todos y todas.\u201d\u00a0<\/span><\/i><\/p>\n<p><img loading=\"lazy\" decoding=\"async\" class=\"size-medium wp-image-17721 aligncenter\" src=\"http:\/\/fmriachuelo.com.ar\/wp-content\/uploads\/2022\/10\/WhatsApp-Image-2022-10-03-at-16.43.39-300x200.jpeg\" alt=\"\" width=\"300\" height=\"200\" srcset=\"http:\/\/fmriachuelo.it10.com.ar\/wp-content\/uploads\/2022\/10\/WhatsApp-Image-2022-10-03-at-16.43.39-300x200.jpeg 300w, http:\/\/fmriachuelo.it10.com.ar\/wp-content\/uploads\/2022\/10\/WhatsApp-Image-2022-10-03-at-16.43.39-1024x682.jpeg 1024w, http:\/\/fmriachuelo.it10.com.ar\/wp-content\/uploads\/2022\/10\/WhatsApp-Image-2022-10-03-at-16.43.39-768x512.jpeg 768w, http:\/\/fmriachuelo.it10.com.ar\/wp-content\/uploads\/2022\/10\/WhatsApp-Image-2022-10-03-at-16.43.39-750x500.jpeg 750w, http:\/\/fmriachuelo.it10.com.ar\/wp-content\/uploads\/2022\/10\/WhatsApp-Image-2022-10-03-at-16.43.39-1140x760.jpeg 1140w, http:\/\/fmriachuelo.it10.com.ar\/wp-content\/uploads\/2022\/10\/WhatsApp-Image-2022-10-03-at-16.43.39.jpeg 1280w\" sizes=\"auto, (max-width: 300px) 100vw, 300px\" \/><\/p>\n<p><span style=\"font-weight: 400\">La actividad cerr\u00f3 con un corte de cinta simb\u00f3lico y un lunch para dar como inaugurado el espacio que estar\u00e1 abierto a todos los vecinos del barrio de lunes a viernes de 9 a 18 horas.\u00a0<\/span><\/p>\n<p>&nbsp;<\/p>\n","protected":false},"excerpt":{"rendered":"<p>[FM Riachuelo, 02\/10\/2022]\u00a0El s\u00e1bado 1\u00b0 de octubre se inaugur\u00f3 en el barrio de la Boca un Multiespacio Comunitario ubicado en la Avda. Almirante Brown 1127, en la Ciudad Aut\u00f3noma de Buenos Aires. En este multiespacio funcionar\u00e1n: Casa Pueblo que aborda los consumos problem\u00e1ticos, el Centro de Primera Infancia Juana Azurduy y por la noche funcionar\u00e1 [&hellip;]<\/p>\n","protected":false},"author":5,"featured_media":17720,"comment_status":"closed","ping_status":"closed","sticky":false,"template":"","format":"standard","meta":{"_monsterinsights_skip_tracking":false,"_monsterinsights_sitenote_active":false,"_monsterinsights_sitenote_note":"","_monsterinsights_sitenote_category":0,"jnews-multi-image_gallery":[],"jnews_single_post":{"format":"standard"},"jnews_primary_category":[],"_joinchat":[],"footnotes":""},"categories":[58],"tags":[169,168,162],"class_list":["post-17719","post","type-post","status-publish","format-standard","has-post-thumbnail","hentry","category-noticiariachuelo","tag-economia-popular-3","tag-educacion-comunitaria","tag-salud-comunitaria"],"_links":{"self":[{"href":"http:\/\/fmriachuelo.it10.com.ar\/index.php\/wp-json\/wp\/v2\/posts\/17719","targetHints":{"allow":["GET"]}}],"collection":[{"href":"http:\/\/fmriachuelo.it10.com.ar\/index.php\/wp-json\/wp\/v2\/posts"}],"about":[{"href":"http:\/\/fmriachuelo.it10.com.ar\/index.php\/wp-json\/wp\/v2\/types\/post"}],"author":[{"embeddable":true,"href":"http:\/\/fmriachuelo.it10.com.ar\/index.php\/wp-json\/wp\/v2\/users\/5"}],"replies":[{"embeddable":true,"href":"http:\/\/fmriachuelo.it10.com.ar\/index.php\/wp-json\/wp\/v2\/comments?post=17719"}],"version-history":[{"count":1,"href":"http:\/\/fmriachuelo.it10.com.ar\/index.php\/wp-json\/wp\/v2\/posts\/17719\/revisions"}],"predecessor-version":[{"id":22138,"href":"http:\/\/fmriachuelo.it10.com.ar\/index.php\/wp-json\/wp\/v2\/posts\/17719\/revisions\/22138"}],"wp:featuredmedia":[{"embeddable":true,"href":"http:\/\/fmriachuelo.it10.com.ar\/index.php\/wp-json\/wp\/v2\/media\/17720"}],"wp:attachment":[{"href":"http:\/\/fmriachuelo.it10.com.ar\/index.php\/wp-json\/wp\/v2\/media?parent=17719"}],"wp:term":[{"taxonomy":"category","embeddable":true,"href":"http:\/\/fmriachuelo.it10.com.ar\/index.php\/wp-json\/wp\/v2\/categories?post=17719"},{"taxonomy":"post_tag","embeddable":true,"href":"http:\/\/fmriachuelo.it10.com.ar\/index.php\/wp-json\/wp\/v2\/tags?post=17719"}],"curies":[{"name":"wp","href":"https:\/\/api.w.org\/{rel}","templated":true}]}}