{"id":17628,"date":"2022-09-29T01:24:49","date_gmt":"2022-09-29T01:24:49","guid":{"rendered":"http:\/\/fmriachuelo.com.ar\/?p=17628"},"modified":"2025-02-26T15:00:46","modified_gmt":"2025-02-26T18:00:46","slug":"no-hay-multilateralismo-posible-si-no-emerge-america-latina","status":"publish","type":"post","link":"http:\/\/fmriachuelo.it10.com.ar\/index.php\/2022\/09\/29\/no-hay-multilateralismo-posible-si-no-emerge-america-latina\/","title":{"rendered":"\u00abNO HAY MULTILATERALISMO POSIBLE SI NO EMERGE AM\u00c9RICA LATINA\u00bb"},"content":{"rendered":"<p><b>[FM Riachuelo, 28\/09\/2022] Gast\u00f3n Harispe, Secretario General del Movimiento Octubres y jefe de bloque del Frente de Todos en el Parlasur, se brind\u00f3 para unos mates y una conversaci\u00f3n en el estudio de la FM Riachuelo. \u00abPeronismo por la Soberan\u00eda\u00bb es una iniciativa que se viene impulsando para llevar a todo el pa\u00eds un necesario debate sobre los desaf\u00edos soberanos para la construcci\u00f3n de una Patria Justa, Libre y Soberana. En el balance de esa experiencia Harispe recorri\u00f3 temas que interpelan la pr\u00e1ctica y el debate militante en el campo popular: la necesidad de recuperar el pensamiento estrat\u00e9gico, la situaci\u00f3n regional en un contexto de mundo en guerra, y los desaf\u00edos pol\u00edticos inmediatos para sostener y profundizar un proyecto popular.<\/b><\/p>\n<p><i><span style=\"font-weight: 400\"><img loading=\"lazy\" decoding=\"async\" class=\"size-medium wp-image-17631 alignleft\" src=\"http:\/\/fmriachuelo.com.ar\/wp-content\/uploads\/2022\/09\/WhatsApp-Image-2022-09-28-at-08.57.51-300x200.jpeg\" alt=\"\" width=\"300\" height=\"200\" srcset=\"http:\/\/fmriachuelo.it10.com.ar\/wp-content\/uploads\/2022\/09\/WhatsApp-Image-2022-09-28-at-08.57.51-300x200.jpeg 300w, http:\/\/fmriachuelo.it10.com.ar\/wp-content\/uploads\/2022\/09\/WhatsApp-Image-2022-09-28-at-08.57.51-1024x683.jpeg 1024w, http:\/\/fmriachuelo.it10.com.ar\/wp-content\/uploads\/2022\/09\/WhatsApp-Image-2022-09-28-at-08.57.51-768x512.jpeg 768w, http:\/\/fmriachuelo.it10.com.ar\/wp-content\/uploads\/2022\/09\/WhatsApp-Image-2022-09-28-at-08.57.51-1536x1024.jpeg 1536w, http:\/\/fmriachuelo.it10.com.ar\/wp-content\/uploads\/2022\/09\/WhatsApp-Image-2022-09-28-at-08.57.51-750x500.jpeg 750w, http:\/\/fmriachuelo.it10.com.ar\/wp-content\/uploads\/2022\/09\/WhatsApp-Image-2022-09-28-at-08.57.51-1140x760.jpeg 1140w, http:\/\/fmriachuelo.it10.com.ar\/wp-content\/uploads\/2022\/09\/WhatsApp-Image-2022-09-28-at-08.57.51.jpeg 1599w\" sizes=\"auto, (max-width: 300px) 100vw, 300px\" \/>\u201cCreo que en el peronismo hemos perdido hace un tiempo la capacidad de pensamiento estrat\u00e9gico, inclusive los movimientos populares. Nosotros hablamos de Tierra, Techo y Trabajo y le incorporamos la Soberan\u00eda\u201d<\/span><\/i><span style=\"font-weight: 400\">, expresa Harispe y agrega:<\/span><i><span style=\"font-weight: 400\"> \u201cPorque el movimiento sindical, los movimientos sociales, la unidad b\u00e1sica, el territorio est\u00e1n en la cotidiana parando la olla. Pero el pa\u00eds est\u00e1 siempre en salir de la recesi\u00f3n, la restricci\u00f3n externa, en el d\u00eda a d\u00eda, Massa va a Estados Unidos a resolver en una maniobra que entre guita porque te presionan los sectores exportadores, te piden una devaluaci\u00f3n, etc. Nos encierran en un debate corto y es donde nosotros perdemos capacidad de proyectar. Y el peronismo es hijo del Plan Quinquenal. La historia de este gran pa\u00eds que termin\u00f3 siendo sexta econom\u00eda mundial, fue a partir de que planificamos entre la comunidad organizada y el estado el desarrollo. Y sin planificar es muy dif\u00edcil que podamos salir adelante\u201d<\/span><\/i><span style=\"font-weight: 400\">, explic\u00f3 Harispe sobre el sentido del \u201cPeronismo para la Soberan\u00eda\u201d, espacio de discusi\u00f3n pol\u00edtica que el referente del Movimiento Octubres viene impulsando con encuentros multisectoriales a lo largo y ancho del pa\u00eds.<\/span><\/p>\n<p><span style=\"font-weight: 400\">Desde el debate por la Soberan\u00eda Nacional, surgi\u00f3 tambi\u00e9n una consideraci\u00f3n por la situaci\u00f3n regional en el marco de un contexto global complejo, marcado por la guerra y la virulencia del conflicto entre bloques de poder: <\/span><i><span style=\"font-weight: 400\">\u201cEs cierto que se avizora en esta disputa la erupci\u00f3n de una multilateralidad en perspectiva, o sea que para que en el mundo haya multilateralidad tiene que emerger Am\u00e9rica Latina u otros bloques. Hoy hay bipolaridad, est\u00e1 el polo del Atl\u00e1ntico Norte, con centro en Estados Unidos y el polo del acuerdo de cooperaci\u00f3n de<\/span><\/i> <i><span style=\"font-weight: 400\">Shangh\u00e1i, Rusia, China e India que se integr\u00f3 recientemente. Hoy una parte del mundo est\u00e1 en guerra y tenemos la capacidad de vender alimentos, gas, petr\u00f3leo, etc., pero no tenemos la flota y la log\u00edstica. Si la Argentina no tiene los puertos y no tiene las flotas, por m\u00e1s que cobremos retenciones sobre las declaraciones juradas, nos perdemos otra d\u00e9cada que podr\u00eda ser ganada en t\u00e9rminos de distribuci\u00f3n. El problema ac\u00e1 es que el estado neoliberal sigue vivo. Ac\u00e1 la gran transformaci\u00f3n la hizo el menemismo en los a\u00f1os 90, que fue tirar todo lo que era nacional y que nosotros a\u00fan no logramos revertir salvo por la aerol\u00ednea de bandera e YPF. No es poco, pero perdimos la log\u00edstica que es fundamental para la producci\u00f3n. Necesitamos m\u00e1s transporte fluvial y mar\u00edtimo, y recuperar el tren patag\u00f3nico que nos una con todo el sur. El peronismo tiene que recuperar el sentido del an\u00e1lisis estrat\u00e9gico. <\/span><\/i><b><i>Si nosotros no recuperamos los resortes del comercio exterior<\/i><\/b><i><span style=\"font-weight: 400\">, <\/span><\/i><b><i>entonces<\/i><\/b> <b><i>es saqueo<\/i><\/b><i><span style=\"font-weight: 400\">\u201d<\/span><\/i><\/p>\n<p><span style=\"font-weight: 400\"><img loading=\"lazy\" decoding=\"async\" class=\"size-medium wp-image-17630 alignright\" src=\"http:\/\/fmriachuelo.com.ar\/wp-content\/uploads\/2022\/09\/WhatsApp-Image-2022-09-28-at-08.58.00-300x200.jpeg\" alt=\"\" width=\"300\" height=\"200\" srcset=\"http:\/\/fmriachuelo.it10.com.ar\/wp-content\/uploads\/2022\/09\/WhatsApp-Image-2022-09-28-at-08.58.00-300x200.jpeg 300w, http:\/\/fmriachuelo.it10.com.ar\/wp-content\/uploads\/2022\/09\/WhatsApp-Image-2022-09-28-at-08.58.00-1024x683.jpeg 1024w, http:\/\/fmriachuelo.it10.com.ar\/wp-content\/uploads\/2022\/09\/WhatsApp-Image-2022-09-28-at-08.58.00-768x512.jpeg 768w, http:\/\/fmriachuelo.it10.com.ar\/wp-content\/uploads\/2022\/09\/WhatsApp-Image-2022-09-28-at-08.58.00-1536x1024.jpeg 1536w, http:\/\/fmriachuelo.it10.com.ar\/wp-content\/uploads\/2022\/09\/WhatsApp-Image-2022-09-28-at-08.58.00-750x500.jpeg 750w, http:\/\/fmriachuelo.it10.com.ar\/wp-content\/uploads\/2022\/09\/WhatsApp-Image-2022-09-28-at-08.58.00-1140x760.jpeg 1140w, http:\/\/fmriachuelo.it10.com.ar\/wp-content\/uploads\/2022\/09\/WhatsApp-Image-2022-09-28-at-08.58.00.jpeg 1599w\" sizes=\"auto, (max-width: 300px) 100vw, 300px\" \/><span>El an\u00e1lisis de Harispe tambi\u00e9n consider\u00f3 los desaf\u00edos pol\u00edticos inmediatos para sostener y profundizar un proyecto popular no solo en el pa\u00eds sino en la regi\u00f3n: <\/span><i><span>\u201cEl ciclo que viene es un ciclo donde Am\u00e9rica Latina puede emblocarse, puede reconstruir la UNASUR (Uni\u00f3n de Naciones Suramericanas) y tener una relaci\u00f3n soberana en una negociaci\u00f3n con los bloques de poder. La cuesti\u00f3n es de qu\u00e9 manera nosotros negociamos, con qu\u00e9 capacidad de poder nacional o poder de la regi\u00f3n discutimos con el resto del mundo. Creo que es una oportunidad, Argentina hoy est\u00e1 haciendo el gasoducto N\u00e9stor Kirchner, ser\u00eda una locura decir no hay que vender gas porque solo vendemos productos primarios. Ahora vamos a tener la planta gasificadora en Bah\u00eda Blanca y eso nos va a dar ingresos, podemos tener barcos que lo transporten. El tema es como Am\u00e9rica Latina se para. Si Lula gana y hay UNASUR, estamos ante una oportunidad de la regi\u00f3n, entonces estamos frente a una Multipolaridad.\u201d<\/span><\/i><\/span><\/p>\n<p><span style=\"font-weight: 400\">Para finalizar la entrevista, el Diputado del Parlasur por el Frente de Todos plante\u00f3 tambi\u00e9n su mirada sobre la coyuntura pol\u00edtica actual ante la necesidad de profundizar un proyecto nacional y popular en el pa\u00eds: <\/span><i><span style=\"font-weight: 400\">\u201cHablando de una recuperaci\u00f3n soberana de Argentina, hay dos pilares, nosotros tenemos que trabajar en pesos y en d\u00f3lares, tenemos que recuperar la soberan\u00eda monetaria, pero la condici\u00f3n es que tengamos un gobierno que conduzca.\u00a0 Habr\u00e1 que analizar c\u00f3mo se dan las condiciones entre el capital nacional y el transnacional, de los empresarios argentinos y los trabajadores para que desde la comunidad organizada pueda interpretarse que hoy es m\u00e1s negocio para la Argentina y m\u00e1s barato para los exportadores tener log\u00edstica argentina. Puede ser parte del acuerdo nacional ser un pa\u00eds exportador de gas. La Argentina tiene un papel que cumplir con el mar, con el gas, no solamente con la soja. Por ejemplo con la producci\u00f3n y la explotaci\u00f3n del litio hay un futuro enorme en la Argentina. Se puede hacer como en Catamarca y la Rioja, tener leyes protectoras y esperar que haya una explotaci\u00f3n argentina o como Salta y Jujuy de gobernadores m\u00e1s neoliberales que dicen abramos la explotaci\u00f3n a capitales extranjeros. No solo vamos a tener empresas multinacionales extranjeras de origen europeo, norteamenticano o chino y sino tambi\u00e9n empresas estatales bolivianas que vienen a explotar litio barato ac\u00e1 porque nosotros regalamos el litio y tenemos esta pol\u00edtica de aceptar declaraciones juradas y con log\u00edstica extranjera. Ah\u00ed est\u00e1 el desaf\u00edo y el futuro de la Argentina y del peronismo. Pero si el peronismo no recupera su capacidad de pensar el futuro nos va a llevar puesta una din\u00e1mica pol\u00edtica que produce enormes desgastes.\u201d<\/span><\/i><\/p>\n<p><iframe loading=\"lazy\" title=\"27 - 09 - 2022 ENTREVISTA A GASTON HARISPE by FMR\" width=\"500\" height=\"400\" scrolling=\"no\" frameborder=\"no\" src=\"https:\/\/w.soundcloud.com\/player\/?visual=true&#038;url=https%3A%2F%2Fapi.soundcloud.com%2Ftracks%2F1353051163&#038;show_artwork=true&#038;maxheight=750&#038;maxwidth=500\"><\/iframe><\/p>\n<p>&nbsp;<\/p>\n","protected":false},"excerpt":{"rendered":"<p>[FM Riachuelo, 28\/09\/2022] Gast\u00f3n Harispe, Secretario General del Movimiento Octubres y jefe de bloque del Frente de Todos en el Parlasur, se brind\u00f3 para unos mates y una conversaci\u00f3n en el estudio de la FM Riachuelo. \u00abPeronismo por la Soberan\u00eda\u00bb es una iniciativa que se viene impulsando para llevar a todo el pa\u00eds un necesario [&hellip;]<\/p>\n","protected":false},"author":5,"featured_media":17632,"comment_status":"closed","ping_status":"closed","sticky":false,"template":"","format":"standard","meta":{"_monsterinsights_skip_tracking":false,"_monsterinsights_sitenote_active":false,"_monsterinsights_sitenote_note":"","_monsterinsights_sitenote_category":0,"jnews-multi-image_gallery":[],"jnews_single_post":{"format":"standard"},"jnews_primary_category":[],"_joinchat":[],"footnotes":""},"categories":[63],"tags":[70,72,153],"class_list":["post-17628","post","type-post","status-publish","format-standard","has-post-thumbnail","hentry","category-entrevista-riachuelo","tag-de-la-patria-grande","tag-historia-de-la-lucha-de-los-pueblos","tag-soberania-2"],"_links":{"self":[{"href":"http:\/\/fmriachuelo.it10.com.ar\/index.php\/wp-json\/wp\/v2\/posts\/17628","targetHints":{"allow":["GET"]}}],"collection":[{"href":"http:\/\/fmriachuelo.it10.com.ar\/index.php\/wp-json\/wp\/v2\/posts"}],"about":[{"href":"http:\/\/fmriachuelo.it10.com.ar\/index.php\/wp-json\/wp\/v2\/types\/post"}],"author":[{"embeddable":true,"href":"http:\/\/fmriachuelo.it10.com.ar\/index.php\/wp-json\/wp\/v2\/users\/5"}],"replies":[{"embeddable":true,"href":"http:\/\/fmriachuelo.it10.com.ar\/index.php\/wp-json\/wp\/v2\/comments?post=17628"}],"version-history":[{"count":1,"href":"http:\/\/fmriachuelo.it10.com.ar\/index.php\/wp-json\/wp\/v2\/posts\/17628\/revisions"}],"predecessor-version":[{"id":22139,"href":"http:\/\/fmriachuelo.it10.com.ar\/index.php\/wp-json\/wp\/v2\/posts\/17628\/revisions\/22139"}],"wp:featuredmedia":[{"embeddable":true,"href":"http:\/\/fmriachuelo.it10.com.ar\/index.php\/wp-json\/wp\/v2\/media\/17632"}],"wp:attachment":[{"href":"http:\/\/fmriachuelo.it10.com.ar\/index.php\/wp-json\/wp\/v2\/media?parent=17628"}],"wp:term":[{"taxonomy":"category","embeddable":true,"href":"http:\/\/fmriachuelo.it10.com.ar\/index.php\/wp-json\/wp\/v2\/categories?post=17628"},{"taxonomy":"post_tag","embeddable":true,"href":"http:\/\/fmriachuelo.it10.com.ar\/index.php\/wp-json\/wp\/v2\/tags?post=17628"}],"curies":[{"name":"wp","href":"https:\/\/api.w.org\/{rel}","templated":true}]}}