{"id":1760,"date":"2015-09-20T01:59:00","date_gmt":"2015-09-20T01:59:00","guid":{"rendered":"http:\/\/fmriachuelo.observatorioess.org.ar\/index.php\/2015\/09\/20\/historica-visita-del-papa-francisco-a-cuba\/"},"modified":"2025-06-13T16:16:49","modified_gmt":"2025-06-13T19:16:49","slug":"historica-visita-del-papa-francisco-a-cuba","status":"publish","type":"post","link":"http:\/\/fmriachuelo.it10.com.ar\/index.php\/2015\/09\/20\/historica-visita-del-papa-francisco-a-cuba\/","title":{"rendered":"HIST\u00d2RICA VISITA DEL PAPA FRANCISCO A CUBA"},"content":{"rendered":"<div><span style=\"font-family: Verdana,sans-serif\"><span style=\"color: red;font-size: large\"><b>EN NOMBRE DE LA PAZ<\/b><\/span><\/span><\/div>\n<p><span style=\"font-size: small\"><span style=\"font-family: Verdana,sans-serif\">LLEG\u00d2 EL PAPA FRANCISCO A LA HABANA<\/span><\/span><\/p>\n<div>\n<div style=\"clear: both;text-align: center\"><span style=\"font-size: small\"><span style=\"font-family: Verdana,sans-serif\"><a href=\"http:\/\/4.bp.blogspot.com\/-8VX8IvFniiY\/Vf4SPQVpR4I\/AAAAAAAAGfU\/YfDCYrkRvjI\/s1600\/papa-en-cuba-02.jpg\" style=\"clear: left;float: left;margin-bottom: 1em;margin-right: 1em\"><img loading=\"lazy\" decoding=\"async\" border=\"0\" height=\"133\" src=\"http:\/\/4.bp.blogspot.com\/-8VX8IvFniiY\/Vf4SPQVpR4I\/AAAAAAAAGfU\/YfDCYrkRvjI\/s200\/papa-en-cuba-02.jpg\" width=\"200\" \/><\/a><\/span><\/span><\/div>\n<div style=\"text-align: justify\"><span style=\"font-size: small\"><span style=\"font-family: Verdana,sans-serif\">El Papa Francisco arrib\u00f3 a La Habana a las 3:50 PM de este s\u00e1bado para iniciar una visita pastoral  a nuestro pa\u00eds. El sumo Pont\u00edfice  fue recibido por el presidente cubano Ra\u00fal Castro Ruz en el Aeropuerto Internacional \u201cJos\u00e9 Mart\u00ed\u201d junto a otras autoridades pol\u00edticas, gubernamentales y religiosas de Cuba.<\/span><\/span><br \/><a name='more'><\/a><\/div>\n<div style=\"text-align: justify\"><span style=\"font-size: small\"><span style=\"font-family: Verdana,sans-serif\">Ambos dignatarios hablaron durante la ceremonia de bienvenida.<\/span><\/span><\/div>\n<div style=\"text-align: justify\">\n<div><span style=\"font-size: small\"><span style=\"font-family: Verdana,sans-serif\">En breve, el Papa Francisco comenzar\u00e1 un recorrido desde el aeropuerto hasta la sede de la Nunciatura Apost\u00f3lica, en cuyo trayecto de 18 km recibir\u00e1 el saludo multitudinario y cordial de la poblaci\u00f3n de la capital cubana.<\/span><\/span><\/div>\n<div><span style=\"font-size: small\"><span style=\"font-family: Verdana,sans-serif\"><\/span><\/span><\/div>\n<div><span style=\"font-size: small\"><span style=\"font-family: Verdana,sans-serif\">Como se ha divulgado, Francisco celebrar\u00e1 una misa en la Plaza de la Revoluci\u00f3n el pr\u00f3ximo domingo, y luego har\u00e1 una visita de cortes\u00eda al presidente cubano,&nbsp;Ra\u00fal Castro, en el Palacio de la Revoluci\u00f3n. El 21 de septiembre viajar\u00e1 a Holgu\u00edn y a Santiago de Cuba, y el martes 22, desde Santiago, tomar\u00e1 el vuelo nuevamente de Alitalia hacia Washington.<\/span><\/span><\/div>\n<\/div>\n<div style=\"text-align: justify\"><span style=\"font-size: small\"><span style=\"font-family: Verdana,sans-serif\"><\/span><\/span><\/div>\n<div style=\"text-align: justify\"><span style=\"font-size: small\"><span style=\"font-family: Verdana,sans-serif\">Esta es la d\u00e9cima visita al exterior de Francisco desde su investidura como m\u00e1ximo representante de la Iglesia Cat\u00f3lica universal, el 13 de marzo de 2013. Representa adem\u00e1s la tercera ocasi\u00f3n en que un Papa visite Cuba en los \u00faltimos 17 a\u00f1os.<\/span><\/span><\/div>\n<div style=\"text-align: justify\"><span style=\"font-size: small\"><span style=\"font-family: Verdana,sans-serif\"><\/span><\/span><\/div>\n<div style=\"text-align: justify\"><span style=\"font-size: small\"><span style=\"font-family: Verdana,sans-serif\">La visita del Papa Francisco se corresponde con el ambiente favorable que caracteriza las relaciones entre Cuba y la Santa Sede de la Iglesia Cat\u00f3lica, sobre la base del respeto mutuo.<\/span><\/span><\/div>\n<div style=\"text-align: justify\"><span style=\"font-size: small\"><span style=\"font-family: Verdana,sans-serif\"><\/span><\/span><\/div>\n<div style=\"text-align: justify\"><span style=\"font-size: small\"><span style=\"font-family: Verdana,sans-serif\">Vale recordar que los nexos diplom\u00e1ticos bilaterales se establecieron hace 80 a\u00f1os, y se han mantenido ininterrumpidamente desde entonces. Francisco es el tercer nuncio apost\u00f3lico que viaja a Cuba luego de que sus antecesores Juan Pablo II lo hiciera en enero de 1998 y Benedicto XVI, en marzo de 2012.<\/span><\/span><\/div>\n<div style=\"text-align: justify\"><span style=\"font-size: small\"><span style=\"font-family: Verdana,sans-serif\"><\/span><\/span><\/div>\n<div style=\"text-align: justify\"><span style=\"font-size: x-small\"><span style=\"font-family: Verdana,sans-serif\"><b><span style=\"color: #0b5394\">CUBADEBATE\/RIACHUELO PRODUCCI\u00d2N<\/span><\/b><\/span><\/span><\/div>\n<\/div>\n","protected":false},"excerpt":{"rendered":"<p>EN NOMBRE DE LA PAZ LLEG\u00d2 EL PAPA FRANCISCO A LA HABANA El Papa Francisco arrib\u00f3 a La Habana a las 3:50 PM de este s\u00e1bado para iniciar una visita pastoral a nuestro pa\u00eds. El sumo Pont\u00edfice fue recibido por el presidente cubano Ra\u00fal Castro Ruz en el Aeropuerto Internacional \u201cJos\u00e9 Mart\u00ed\u201d junto a otras [&hellip;]<\/p>\n","protected":false},"author":4,"featured_media":0,"comment_status":"open","ping_status":"open","sticky":false,"template":"","format":"standard","meta":{"_monsterinsights_skip_tracking":false,"_monsterinsights_sitenote_active":false,"_monsterinsights_sitenote_note":"","_monsterinsights_sitenote_category":0,"jnews-multi-image_gallery":[],"jnews_single_post":{"format":"standard"},"jnews_primary_category":[],"_joinchat":[],"footnotes":""},"categories":[58],"tags":[70,167],"class_list":["post-1760","post","type-post","status-publish","format-standard","hentry","category-noticiariachuelo","tag-de-la-patria-grande","tag-politica-internacional"],"_links":{"self":[{"href":"http:\/\/fmriachuelo.it10.com.ar\/index.php\/wp-json\/wp\/v2\/posts\/1760","targetHints":{"allow":["GET"]}}],"collection":[{"href":"http:\/\/fmriachuelo.it10.com.ar\/index.php\/wp-json\/wp\/v2\/posts"}],"about":[{"href":"http:\/\/fmriachuelo.it10.com.ar\/index.php\/wp-json\/wp\/v2\/types\/post"}],"author":[{"embeddable":true,"href":"http:\/\/fmriachuelo.it10.com.ar\/index.php\/wp-json\/wp\/v2\/users\/4"}],"replies":[{"embeddable":true,"href":"http:\/\/fmriachuelo.it10.com.ar\/index.php\/wp-json\/wp\/v2\/comments?post=1760"}],"version-history":[{"count":1,"href":"http:\/\/fmriachuelo.it10.com.ar\/index.php\/wp-json\/wp\/v2\/posts\/1760\/revisions"}],"predecessor-version":[{"id":24124,"href":"http:\/\/fmriachuelo.it10.com.ar\/index.php\/wp-json\/wp\/v2\/posts\/1760\/revisions\/24124"}],"wp:attachment":[{"href":"http:\/\/fmriachuelo.it10.com.ar\/index.php\/wp-json\/wp\/v2\/media?parent=1760"}],"wp:term":[{"taxonomy":"category","embeddable":true,"href":"http:\/\/fmriachuelo.it10.com.ar\/index.php\/wp-json\/wp\/v2\/categories?post=1760"},{"taxonomy":"post_tag","embeddable":true,"href":"http:\/\/fmriachuelo.it10.com.ar\/index.php\/wp-json\/wp\/v2\/tags?post=1760"}],"curies":[{"name":"wp","href":"https:\/\/api.w.org\/{rel}","templated":true}]}}