{"id":176,"date":"2021-10-12T13:44:29","date_gmt":"2021-10-12T13:44:29","guid":{"rendered":"http:\/\/fmriachuelo.it10.com.ar\/?p=176"},"modified":"2025-05-07T15:30:12","modified_gmt":"2025-05-07T18:30:12","slug":"dia-mundial-del-habitat-movilizacion-y-acto-frente-al-congreso","status":"publish","type":"post","link":"http:\/\/fmriachuelo.it10.com.ar\/index.php\/2021\/10\/12\/dia-mundial-del-habitat-movilizacion-y-acto-frente-al-congreso\/","title":{"rendered":"D\u00cdA MUNDIAL DEL H\u00c1BITAT: MOVILIZACI\u00d3N Y ACTO FRENTE AL CONGRESO"},"content":{"rendered":"\n<p><strong>Ayer en el D\u00eda Mundial del H\u00e1bitat&nbsp;los movimientos populares y cooperativas de vivienda&nbsp;se encontraron frente al Congreso de La Naci\u00f3n para seguir denunciando la situaci\u00f3n cr\u00edtica en materia de h\u00e1bitat&nbsp;en los barrios populares, y para exigir la nacionalizaci\u00f3n de la Ley 341 de la Ciudad de Buenos Aires.<\/strong><\/p>\n\n\n\n<p>El Colectivo de Organizaciones de H\u00e1bitat convoc\u00f3 ayer al mediod\u00eda frente al Congreso para&nbsp;realizar una jornada de lucha con una movilizaci\u00f3n y una radio abierta, para que todos los espacios de construcci\u00f3n puedan compartir su experiencia y sus reclamos.<\/p>\n\n\n\n<p>Por la radio abierta circularon testimonios que dieron cuenta de la complejidad y profundidad del debate y la lucha por el h\u00e1bitat popular: \u00abApoyamos la ley 341 que consiguieron los compa\u00f1eros en la lucha, porque hemos entendido que colectivamente vamos a autogestionar nuestras viviendas, es lo mejor que podemos hacer. No vamos a dejar que nos construyan casa de cart\u00f3n, sino nosotras con nuestras propias manos, que hemos aprendido a construir porque somos alba\u00f1ilas, y esas casas las van a heredar nuestros hijos. No vamos a parar hasta que este derecho fundamental y b\u00e1sico, que es la vivienda porque no es solamente un techo, es un conjunto de muchas cosas y eso le vamos a ense\u00f1ar a nuestros hijos\u00bb comparti\u00f3 <em><strong>Ana Camarra<\/strong><\/em>, integrante del Frente de Organizaciones en Lucha (FOL).<\/p>\n\n\n\n<p>La integralidad del problema del h\u00e1bitat se evidencia<\/p>\n\n\n\n<div class=\"wp-block-image\"><figure class=\"aligncenter\"><img decoding=\"async\" src=\"http:\/\/fmriachuelo.com.ar\/wp-content\/uploads\/2021\/10\/WhatsApp-Image-2021-10-04-at-12.30.36-2-300x225.jpeg\" alt=\"\" class=\"wp-image-14182\"\/><\/figure><\/div>\n\n\n\n<p>ba tambi\u00e9n en la participaci\u00f3n no solamente de espacios de h\u00e1bitat, sino tambi\u00e9n de salud, de educaci\u00f3n o de cultura, pugnando por la resoluci\u00f3n de un derecho tan indispensable y tan necesario para empujar otras conquistas. <em><strong>Martin Vel\u00e1zquez<\/strong><\/em>, por ejemplo, integra la Brigada Sanitaria, la Incurable Rebeld\u00eda,&nbsp;del Movimiento Popular Los Pibes, y comparti\u00f3 su testimonio con la FM Riachuelo: \u00abVamos a seguir dando esta lucha, porque cada vez hay m\u00e1s compa\u00f1eros, compa\u00f1eras, familias, desalojadas, sin vivienda y sin posibilidad de tener un techo en donde dormir. (\u2026)&nbsp; Hay que pensar en el otro porque si bien hoy algunos tenemos cooperativas de vivienda, hay muchas familias que todav\u00eda no pueden acceder a una cooperativa, y ah\u00ed es donde tenemos que estar y organizar\u00bb<\/p>\n\n\n\n<p>En un momento emotivo de la convocatoria, <em><strong>Luis D\u00b4El\u00eda<\/strong><\/em>, recientemente liberado de la prisi\u00f3n que padec\u00eda por la causa de la toma de la comisar\u00eda 24 de La Boca tras el asesinato del militante Mart\u00edn Cisneros, comparti\u00f3 un mensaje de homenaje a los militantes ca\u00eddos por levantar las banderas del h\u00e1bitat digno: \u00abEn este d\u00eda mundial del H\u00e1bitat quiero brindar un homenaje a todos los luchadores que nos precedieron en esta historia a lo largo de d\u00e9cadas. Luchadores que trabajaron por la reforma urbana, por la reforma agraria y que quisieron un planeta para todos. les pido un aplauso para Martin Cisneros y en el a todos los m\u00e1rtires por la lucha por el h\u00e1bitat. Tambi\u00e9n un pedido de la liberaci\u00f3n inmediata por la liberaciones de la compa\u00f1era de Milagros Sala, cuyo \u00fanico pecado es haber sido constructora de decenas de cooperativo autogestionarias que construyeron mas de 14.000 viviendas en Jujuy\u201d.<\/p>\n\n\n\n<div class=\"wp-block-image\"><figure class=\"aligncenter\"><img decoding=\"async\" src=\"http:\/\/fmriachuelo.com.ar\/wp-content\/uploads\/2021\/10\/WhatsApp-Image-2021-10-05-at-18.16.49-300x225.jpeg\" alt=\"\" class=\"wp-image-14183\"\/><\/figure><\/div>\n\n\n\n<p>De la movilizaci\u00f3n tambi\u00e9n particip\u00f3 Federaci\u00f3n de Cooperativas Autogestionarias Movimiento de Ocupantes e Inquilinos (MOI), Federaci\u00f3n de Cooperativas de Vivienda \u201cTodos Juntos\u201d, Frente de Organizaciones en Lucha (FOL), Movimiento Territorial de Liberaci\u00f3n (MTL), Uni\u00f3n de Trabajadores de la Tierra (UTT), CTA Aut\u00f3noma de Solano.<\/p>\n","protected":false},"excerpt":{"rendered":"<p>Ayer en el D\u00eda Mundial del H\u00e1bitat&nbsp;los movimientos populares y cooperativas de vivienda&nbsp;se encontraron frente al Congreso de La Naci\u00f3n para seguir denunciando la situaci\u00f3n cr\u00edtica en materia de h\u00e1bitat&nbsp;en los barrios populares, y para exigir la nacionalizaci\u00f3n de la Ley 341 de la Ciudad de Buenos Aires. El Colectivo de Organizaciones de H\u00e1bitat convoc\u00f3 [&hellip;]<\/p>\n","protected":false},"author":1,"featured_media":177,"comment_status":"open","ping_status":"open","sticky":false,"template":"","format":"standard","meta":{"_monsterinsights_skip_tracking":false,"_monsterinsights_sitenote_active":false,"_monsterinsights_sitenote_note":"","_monsterinsights_sitenote_category":0,"jnews-multi-image_gallery":[],"jnews_single_post":{"subtitle":"","format":"standard","video":"","gallery":"","source_name":"","source_url":"","via_name":"","via_url":"","override":[{"template":"1","single_blog_custom":"","parallax":"1","fullscreen":"1","layout":"right-sidebar","sidebar":"default-sidebar","second_sidebar":"default-sidebar","sticky_sidebar":"1","share_position":"top","share_float_style":"share-monocrhome","show_share_counter":"1","show_view_counter":"1","show_featured":"1","show_post_meta":"1","show_post_author":"1","show_post_author_image":"1","show_post_date":"1","post_date_format":"default","post_date_format_custom":"Y\/m\/d","show_post_category":"1","post_reading_time_wpm":"300","zoom_button_out_step":"2","zoom_button_in_step":"3","show_post_tag":"1","show_prev_next_post":"1","show_popup_post":"1","number_popup_post":"1"}],"image_override":[{"single_post_thumbnail_size":"crop-500","single_post_gallery_size":"crop-500"}],"trending_post_position":"meta","trending_post_label":"Trending","sponsored_post_label":"Sponsored by","sponsored_post_name":"","sponsored_post_url":"","sponsored_post_logo":"","sponsored_post_desc":""},"jnews_primary_category":{"id":""},"_joinchat":[],"footnotes":""},"categories":[58],"tags":[147,72,6],"class_list":["post-176","post","type-post","status-publish","format-standard","has-post-thumbnail","hentry","category-noticiariachuelo","tag-habitat","tag-historia-de-la-lucha-de-los-pueblos","tag-portada"],"_links":{"self":[{"href":"http:\/\/fmriachuelo.it10.com.ar\/index.php\/wp-json\/wp\/v2\/posts\/176","targetHints":{"allow":["GET"]}}],"collection":[{"href":"http:\/\/fmriachuelo.it10.com.ar\/index.php\/wp-json\/wp\/v2\/posts"}],"about":[{"href":"http:\/\/fmriachuelo.it10.com.ar\/index.php\/wp-json\/wp\/v2\/types\/post"}],"author":[{"embeddable":true,"href":"http:\/\/fmriachuelo.it10.com.ar\/index.php\/wp-json\/wp\/v2\/users\/1"}],"replies":[{"embeddable":true,"href":"http:\/\/fmriachuelo.it10.com.ar\/index.php\/wp-json\/wp\/v2\/comments?post=176"}],"version-history":[{"count":1,"href":"http:\/\/fmriachuelo.it10.com.ar\/index.php\/wp-json\/wp\/v2\/posts\/176\/revisions"}],"predecessor-version":[{"id":178,"href":"http:\/\/fmriachuelo.it10.com.ar\/index.php\/wp-json\/wp\/v2\/posts\/176\/revisions\/178"}],"wp:featuredmedia":[{"embeddable":true,"href":"http:\/\/fmriachuelo.it10.com.ar\/index.php\/wp-json\/wp\/v2\/media\/177"}],"wp:attachment":[{"href":"http:\/\/fmriachuelo.it10.com.ar\/index.php\/wp-json\/wp\/v2\/media?parent=176"}],"wp:term":[{"taxonomy":"category","embeddable":true,"href":"http:\/\/fmriachuelo.it10.com.ar\/index.php\/wp-json\/wp\/v2\/categories?post=176"},{"taxonomy":"post_tag","embeddable":true,"href":"http:\/\/fmriachuelo.it10.com.ar\/index.php\/wp-json\/wp\/v2\/tags?post=176"}],"curies":[{"name":"wp","href":"https:\/\/api.w.org\/{rel}","templated":true}]}}