{"id":1759,"date":"2015-09-20T22:35:00","date_gmt":"2015-09-20T22:35:00","guid":{"rendered":"http:\/\/fmriachuelo.observatorioess.org.ar\/index.php\/2015\/09\/20\/uruguay-el-gobierno-puso-fin-a-las-negociaciones-por-el-tisa-i\/"},"modified":"2025-06-13T16:18:43","modified_gmt":"2025-06-13T19:18:43","slug":"uruguay-el-gobierno-puso-fin-a-las-negociaciones-por-el-tisa-i","status":"publish","type":"post","link":"http:\/\/fmriachuelo.it10.com.ar\/index.php\/2015\/09\/20\/uruguay-el-gobierno-puso-fin-a-las-negociaciones-por-el-tisa-i\/","title":{"rendered":"URUGUAY: EL GOBIERNO PUSO FIN A LAS NEGOCIACIONES POR EL TISA I"},"content":{"rendered":"<p><span style=\"color: red;font-family: Verdana, sans-serif;font-size: large\"><b>MASIVO RECHAZO POPULAR &nbsp;<\/b><\/span><br \/><span style=\"font-family: Verdana,sans-serif\">VIDA Y MUERTE DEL TISA EN URUGUAY<\/span><br \/><span style=\"font-family: Verdana, sans-serif\"><\/span> <\/p>\n<div style=\"clear: both;text-align: center\"><a href=\"http:\/\/3.bp.blogspot.com\/-ogpnkqmSs5A\/Vf8yYhzaV_I\/AAAAAAAAGfo\/w2nS2p5dCI8\/s1600\/tisa_-_zona_libre.jpg\" style=\"clear: left;float: left;margin-bottom: 1em;margin-right: 1em\"><img loading=\"lazy\" decoding=\"async\" border=\"0\" height=\"121\" src=\"http:\/\/3.bp.blogspot.com\/-ogpnkqmSs5A\/Vf8yYhzaV_I\/AAAAAAAAGfo\/w2nS2p5dCI8\/s200\/tisa_-_zona_libre.jpg\" width=\"200\" \/><\/a><b style=\"font-family: Verdana, sans-serif\"><\/b><\/div>\n<div style=\"text-align: justify\"><span style=\"font-family: Verdana, sans-serif\">[Antonio El\u00edas] La corta vida del TISA<\/span><span style=\"font-family: Verdana, sans-serif\">&nbsp;en nuestro pa\u00eds tuvo tres etapas: la primera, en secreto absoluto; la segunda, fue semip\u00fablica, pero no hubo discusi\u00f3n; la tercera, fue p\u00fablica, hubo discusi\u00f3n pero los documentos secretos no fueron entregados a la sociedad para su an\u00e1lisis.<\/span><\/div>\n<p><a name='more'><\/a><\/p>\n<div style=\"text-align: justify\"><span style=\"font-family: Verdana, sans-serif\">Los g\u00e9nesis del TISA comienza en fecha indefinida en algunos escritorios donde trabajaba la gente del equipo econ\u00f3mico, los ide\u00f3logos e impulsores de esta propuesta, al igual que lo fueron del TLC con los Estados Unidos; crece hasta oficializarse en la Comisi\u00f3n Interministerial para Asuntos de Comercio Exterior (CIACEX); supuestamente es avalada por el Gabinete Ministerial (hay ex ministros que lo niegan) y la solicitud de ingreso a las negociaciones fue hecha por canciller\u00eda en setiembre de 2013. Todo en el m\u00e1s absoluto secreto.<\/span><\/div>\n<div style=\"text-align: justify\"><\/div>\n<div style=\"text-align: justify\"><span style=\"font-family: Verdana, sans-serif\">La segunda etapa comienza el 10 de julio de 2014 cuando en una nota publicada en \u201cVoces\u201d se informa que, la Agencia EFE el 2de mayo reproduce las siguientes declaraciones del comisario europeo de Comercio, Karel De Gucht: \u00abLa Uni\u00f3n Europea celebra el inter\u00e9s de Uruguay por unirse a las negociaciones del TISA y respalda firmemente su participaci\u00f3n de ahora en adelante\u00bb y que el Ministro uruguayo de Exteriores, Almagro Lemes, ha garantizado que su pa\u00eds \u00abcomparte los objetivos de las negociaciones del TISA\u00bb y que \u00abrespetar\u00e1 los resultados de la negociaci\u00f3n logrados por otros participantes si se une\u00bb a ellas.<\/span><\/div>\n<div style=\"text-align: justify\"><\/div>\n<div style=\"text-align: justify\"><span style=\"font-family: Verdana, sans-serif\">En esa primera nota se preguntaba: \u00bfQu\u00e9 beneficios puede tener para el pa\u00eds este acuerdo? \u00bfEn qu\u00e9 \u00e1mbito del Frente Amplio se resolvi\u00f3 la solicitud de integraci\u00f3n al TISA? \u00bfPor qu\u00e9 este tema no es de conocimiento p\u00fablico?<\/span><\/div>\n<div style=\"text-align: justify\"><\/div>\n<div style=\"text-align: justify\"><span style=\"font-family: Verdana, sans-serif\">El jueves 17 de julio se obtuvieron algunas respuestas a estos interrogantes, gracias a un art\u00edculo de Natalia Uval, publicado en \u201cLa Diaria\u201d. En el mismo se presenta una entrevista al canciller Luis Almagro qui\u00e9n oficializa, reconoce y respalda lo actuado por el gobierno y lo fundamenta con las conclusiones de la CIACEX: \u201ces oportuno y conveniente ingresar a la negociaci\u00f3n, para poder asumir un papel m\u00e1s directo en ella, incidir en sus resultados y, de esa manera, posicionar los intereses de Uruguay de la mejor forma posible\u201d.<\/span><\/div>\n<div style=\"text-align: justify\"><\/div>\n<div style=\"text-align: justify\"><span style=\"font-family: Verdana, sans-serif\">Son consultados, tambi\u00e9n, los senadores frenteamplistas de la comisi\u00f3n de Asuntos Internacionales (Enrique Rubio, Eduardo Lorier y Alberto Couriel), y al asesor de la presidencia del Frente Amplio en pol\u00edtica exterior (Jos\u00e9 Bayardi). Todos ellos se excusaron de opinar por no tener informaci\u00f3n.<\/span><\/div>\n<div style=\"text-align: justify\"><\/div>\n<div style=\"text-align: justify\"><span style=\"font-family: Verdana, sans-serif\">Luego contin\u00faa un largo silencio. Ninguno de los dirigentes entrevistados hicieron manifestaciones p\u00fablicas sobre el tema, tampoco la direcci\u00f3n del FA y ning\u00fan ministro sali\u00f3 a desmentir su participaci\u00f3n en el gabinete que aprob\u00f3 la solicitud de ingreso.<\/span><\/div>\n<div style=\"text-align: justify\"><\/div>\n<div style=\"text-align: justify\"><span style=\"font-family: Verdana, sans-serif\">Avalados por el silencio la CIACEX sigui\u00f3 coordinado a los ministerios involucrados, trabajando y negociando hasta que Uruguay ingres\u00f3 a las negociaciones en los primeros d\u00edas de febrero de 2015. La noticia del ingreso a las negociaciones no fue anunciada oficialmente.<\/span><\/div>\n<div style=\"text-align: justify\"><\/div>\n<div style=\"text-align: justify\"><span style=\"font-family: Verdana, sans-serif\">Decimos que es semip\u00fablica porque el ex canciller Almagro ha sostenido que mantuvo intercambio de informaci\u00f3n con el PIT CNT y REDES sobre los pasos que estaban dando para el ingreso al TISA. Lo que est\u00e1 comprobado por la publicaci\u00f3n de un documento dirigido al canciller en febrero pasado, en el cual las dos organizaciones se\u00f1aladas cuestionan el ingreso a las negociaciones.<\/span><\/div>\n<div style=\"text-align: justify\"><span style=\"font-family: Verdana, sans-serif\">En este per\u00edodo solamente se definieron p\u00fablicamente contra el ingreso al TISA la Confederaci\u00f3n de Organizaciones de Funcionarios del Estado (COFE) en conjunto con la Confederaci\u00f3n Latinoamericana de Trabajadores del Estado (CLATE) y la Asociaci\u00f3n de Trabajadores de la Seguridad Social (ATSS). Por su parte la Internacional de Servicios P\u00fablicos (ISP) desarrolla una campa\u00f1a contra el TISA en varios continentes.<\/span><\/div>\n<div style=\"text-align: justify\"><\/div>\n<div style=\"text-align: justify\"><span style=\"font-family: Verdana, sans-serif\">La tercera y \u00faltima etapa comienza en marzo de 2015. Por nuestra parte publicamos una segunda denuncia en VOCES que comenzaba: \u201cEn febrero del 2015, en la p\u00e1gina del Ministerio de Relaciones Exteriores de Canad\u00e1 se public\u00f3 la siguiente noticia: \u201cNos complace anunciar que los pa\u00edses miembros del TISA han dado la bienvenida a Uruguay en las negociaciones.\u201d&nbsp;<\/span><\/div>\n<div style=\"text-align: justify\"><\/div>\n<div style=\"text-align: justify\"><span style=\"font-family: Verdana, sans-serif\">El PIT-CNT resolvi\u00f3: \u201cRechazar el ingreso de nuestro pa\u00eds a estos tratados, ya que esto pondr\u00eda en riesgo el patrimonio y la soberan\u00eda nacional, ya que la intenci\u00f3n es de liberalizar y desregularizar los mercados\u201d. A partir de ese momento el movimiento sindical tiene un papel fundamental en la campa\u00f1a contra el TISA. En ese marco tiene una entrevista con el Dr. Tabar\u00e9 V\u00e1zquez, el cual les informa que se enter\u00f3 del tema por la prensa y que lo va a analizar en profundidad.<\/span><\/div>\n<div style=\"text-align: justify\"><\/div>\n<div style=\"text-align: justify\"><span style=\"font-family: Verdana, sans-serif\">Posteriormente el presidente V\u00e1zquez resuelve solicitar la opini\u00f3n de la fuerza pol\u00edtica a la cual pertenece. Luego, durante varios meses, existen m\u00faltiples instancias de intercambio entre la direcci\u00f3n del Frente Amplio y ministros de gobierno, mientras simult\u00e1neamente se procesa la discusi\u00f3n y van definiendo sus posiciones las distintas organizaciones y los comit\u00e9s de base del FA,<\/span><\/div>\n<div style=\"text-align: justify\"><\/div>\n<div style=\"text-align: justify\"><span style=\"font-family: Verdana, sans-serif\">El plenario, que representa a todos los frenteamplistas resolvi\u00f3 el 5 de setiembre, por 117 votos a 22, plantear que es inconveniente \u201cseguir participando en las negociaciones del TISA\u201d. Los 22 votos favorables a mantenerse en las negociaciones corresponden b\u00e1sicamente a al Frente L\u00edber Seregni y sus aliados.<\/span><\/div>\n<div style=\"text-align: justify\"><\/div>\n<div style=\"text-align: justify\"><span style=\"font-family: Verdana, sans-serif\">El presidente, en este caso, actu\u00f3 com<br \/>\no corresponde. \u201cMandar obedeciendo\u201d como dicen los zapatistas y como debe ser. Ya hab\u00eda actuado V\u00e1zquez de similar manera cuando rechaz\u00f3 en 2007 continuar las negociaciones de un TLC con los Estados Unidos.<\/span><\/div>\n<div style=\"text-align: justify\"><\/div>\n<div style=\"text-align: justify\"><span style=\"font-family: Verdana, sans-serif\">Los que apoyan esta negociaci\u00f3n dentro del FA han manifestado de diverso modo su oposici\u00f3n a lo resuelto. Reclaman, entre otras cosas, porque los que votaron en contra no saben lo que dicen. Lo cual es una ofensa gratuita a quienes piensan diferente, ya que implica ignorar que los documentos secretos del TISA est\u00e1n, desde hace varios meses, a disposici\u00f3n de la sociedad en las p\u00e1ginas web de la REDIU (<\/span><a href=\"http:\/\/www.rediu.org\/\" style=\"font-family: Verdana, sans-serif\">www.rediu.org<\/a><span style=\"font-family: Verdana, sans-serif\">) y de la SEPLA (<\/span><a href=\"http:\/\/www.sepla21.org\/\" style=\"font-family: Verdana, sans-serif\">www.sepla21.org<\/a><span style=\"font-family: Verdana, sans-serif\">). A su vez, se publicaron m\u00faltiples an\u00e1lisis cr\u00edticos en diversos medios de prensa, entre otros, en \u201cVoces\u201d, \u201cLa Diaria\u201d, \u201cBrecha\u201d y \u201cRompekbezas\u201d. No puede desconocerse tampoco el papel de la Fundaci\u00f3n \u201cVivian Tr\u00edas\u201d en el esclarecimiento de estos temas a trav\u00e9s de un ciclo de debates donde participaron especialistas y dirigentes sociales al que estuvo convocado el gobierno. Ni tampoco, en el plano internacional los estudios que ha realizado la ISP.<\/span><\/div>\n<div style=\"text-align: justify\"><\/div>\n<div style=\"text-align: justify\"><span style=\"font-family: Verdana, sans-serif\">A modo de conclusi\u00f3n cabe se\u00f1alar que la izquierda uruguaya ha ganado una batalla al rechazar un acuerdo como el TISA que es parte de la ofensiva del capital transnacional. Se derrot\u00f3, a su vez, una metodolog\u00eda de hacer pol\u00edtica basada en el secretismo y en la soberbia de arrogarse el derecho de definir a espaldas de la sociedad y de su propia fuerza pol\u00edtica cuales caminos de inserci\u00f3n internacional debe recorrer el pa\u00eds.<\/span><\/div>\n<div style=\"text-align: justify\"><\/div>\n<div style=\"text-align: justify\"><span style=\"font-family: Verdana, sans-serif;font-size: x-small\">&#8211; Antonio El\u00edas, Docente universitario, asesor sindical y miembro de la REDIU<\/span><\/div>\n<div style=\"text-align: justify\"><\/div>\n<div style=\"text-align: justify\"><span style=\"font-family: Verdana, sans-serif;font-size: x-small\">Publicado en el Semanario \u201cVoces\u201d, Montevideo, el 10 de setiembre de 2015.-&nbsp;<\/span><\/div>\n<p><span style=\"font-size: x-small\"><span style=\"color: #0b5394\"><b><span style=\"font-family: Verdana,sans-serif\">ALAINET\/PRODUCCI\u00d3N RIACHUELO <\/span><\/b><\/span><\/span><\/p>\n","protected":false},"excerpt":{"rendered":"<p>MASIVO RECHAZO POPULAR &nbsp;VIDA Y MUERTE DEL TISA EN URUGUAY [Antonio El\u00edas] La corta vida del TISA&nbsp;en nuestro pa\u00eds tuvo tres etapas: la primera, en secreto absoluto; la segunda, fue semip\u00fablica, pero no hubo discusi\u00f3n; la tercera, fue p\u00fablica, hubo discusi\u00f3n pero los documentos secretos no fueron entregados a la sociedad para su an\u00e1lisis. Los [&hellip;]<\/p>\n","protected":false},"author":4,"featured_media":0,"comment_status":"open","ping_status":"open","sticky":false,"template":"","format":"standard","meta":{"_monsterinsights_skip_tracking":false,"_monsterinsights_sitenote_active":false,"_monsterinsights_sitenote_note":"","_monsterinsights_sitenote_category":0,"jnews-multi-image_gallery":[],"jnews_single_post":{"format":"standard"},"jnews_primary_category":[],"_joinchat":[],"footnotes":""},"categories":[58],"tags":[70,167],"class_list":["post-1759","post","type-post","status-publish","format-standard","hentry","category-noticiariachuelo","tag-de-la-patria-grande","tag-politica-internacional"],"_links":{"self":[{"href":"http:\/\/fmriachuelo.it10.com.ar\/index.php\/wp-json\/wp\/v2\/posts\/1759","targetHints":{"allow":["GET"]}}],"collection":[{"href":"http:\/\/fmriachuelo.it10.com.ar\/index.php\/wp-json\/wp\/v2\/posts"}],"about":[{"href":"http:\/\/fmriachuelo.it10.com.ar\/index.php\/wp-json\/wp\/v2\/types\/post"}],"author":[{"embeddable":true,"href":"http:\/\/fmriachuelo.it10.com.ar\/index.php\/wp-json\/wp\/v2\/users\/4"}],"replies":[{"embeddable":true,"href":"http:\/\/fmriachuelo.it10.com.ar\/index.php\/wp-json\/wp\/v2\/comments?post=1759"}],"version-history":[{"count":1,"href":"http:\/\/fmriachuelo.it10.com.ar\/index.php\/wp-json\/wp\/v2\/posts\/1759\/revisions"}],"predecessor-version":[{"id":24126,"href":"http:\/\/fmriachuelo.it10.com.ar\/index.php\/wp-json\/wp\/v2\/posts\/1759\/revisions\/24126"}],"wp:attachment":[{"href":"http:\/\/fmriachuelo.it10.com.ar\/index.php\/wp-json\/wp\/v2\/media?parent=1759"}],"wp:term":[{"taxonomy":"category","embeddable":true,"href":"http:\/\/fmriachuelo.it10.com.ar\/index.php\/wp-json\/wp\/v2\/categories?post=1759"},{"taxonomy":"post_tag","embeddable":true,"href":"http:\/\/fmriachuelo.it10.com.ar\/index.php\/wp-json\/wp\/v2\/tags?post=1759"}],"curies":[{"name":"wp","href":"https:\/\/api.w.org\/{rel}","templated":true}]}}