{"id":1758,"date":"2015-09-20T22:40:00","date_gmt":"2015-09-20T22:40:00","guid":{"rendered":"http:\/\/fmriachuelo.observatorioess.org.ar\/index.php\/2015\/09\/20\/uruguay-el-gobierno-puso-fin-a-las-negociaciones-por-el-tisa-ii\/"},"modified":"2025-06-13T16:20:46","modified_gmt":"2025-06-13T19:20:46","slug":"uruguay-el-gobierno-puso-fin-a-las-negociaciones-por-el-tisa-ii","status":"publish","type":"post","link":"http:\/\/fmriachuelo.it10.com.ar\/index.php\/2015\/09\/20\/uruguay-el-gobierno-puso-fin-a-las-negociaciones-por-el-tisa-ii\/","title":{"rendered":"URUGUAY: EL GOBIERNO PUSO FIN A LAS NEGOCIACIONES POR EL TISA II"},"content":{"rendered":"<div style=\"text-align: left\"><span style=\"color: red\"><b><span style=\"font-size: large\"><span style=\"font-family: Verdana,sans-serif\">LA MOVILIZACI\u00d3N POPULAR LO CONSIGUI\u00d3 <\/span><\/span><\/b><\/span><\/p>\n<div style=\"clear: both\"><span style=\"font-family: Verdana, sans-serif\">DIEZ D\u00cdAS QUE SACUDIERON A URUGUAY <\/span><\/div>\n<\/div>\n<p><span style=\"font-family: Verdana, sans-serif\"><\/p>\n<div style=\"text-align: justify\"><a href=\"http:\/\/3.bp.blogspot.com\/-ogpnkqmSs5A\/Vf8yYhzaV_I\/AAAAAAAAGfo\/w2nS2p5dCI8\/s1600\/tisa_-_zona_libre.jpg\" style=\"clear: left;float: left;margin-bottom: 1em;margin-right: 1em\"><img loading=\"lazy\" decoding=\"async\" border=\"0\" height=\"121\" src=\"http:\/\/3.bp.blogspot.com\/-ogpnkqmSs5A\/Vf8yYhzaV_I\/AAAAAAAAGfo\/w2nS2p5dCI8\/s200\/tisa_-_zona_libre.jpg\" width=\"200\" \/><\/a>[Raul Zibechi] Hasta los primeros d\u00edas de agosto el gobierno uruguayo negociaba su participaci\u00f3n en el TISA (Trade in Services Agreement) para desregular servicios y comercio, con fuerte respaldo de su ministro de Econom\u00eda, Danilo Astori, y se dispon\u00eda a aprobar el presupuesto quinquenal, pese a las resistencias de algunos sindicatos, en particular de la educaci\u00f3n.<br \/><a name='more'><\/a>El presidente Tabar\u00e9 V\u00e1zquez ejerc\u00eda un tipo de liderazgo casi mon\u00e1rquico, en la acertada expresi\u00f3n del historiador Gerardo Caetano (Brecha, 4\/9\/15).<\/div>\n<div style=\"text-align: justify\"><\/div>\n<div style=\"text-align: justify\">Un mes despu\u00e9s, el gobierno sufri\u00f3 una derrota inapelable por parte de los sindicatos docentes, debi\u00f3 afrontar la mayor movilizaci\u00f3n social en a\u00f1os (y la m\u00e1s numerosa contra un gobierno de izquierda), el liderazgo de V\u00e1zquez fue confrontado en la calle, en su propio partido y en el movimiento sindical, y cerr\u00f3 la quincena con el anuncio del abandono de las negociaciones del TISA. De este modo, las aspiraciones de convertir a Uruguay en socio privilegiado de Estados Unidos en el Mercosur se vieron frustradas por la contundente movilizaci\u00f3n popular.<\/div>\n<div style=\"text-align: justify\"><\/div>\n<div style=\"text-align: justify\">Lo sucedido tiene su historia. Los sindicatos de la educaci\u00f3n enfrentan desde hace medio siglo el autoritarismo. Primero el del gobierno de Jorge Pacheco Areco (1967-1972), quien decret\u00f3 la intervenci\u00f3n de la ense\u00f1anza secundaria y t\u00e9cnica en el marco del estado de excepci\u00f3n para contener la protesta social. Con el retorno de la democracia en 1985, los sindicatos de docentes siguieron resistiendo las reformas neoliberales y protagonizaron importantes luchas en la d\u00e9cada de 1990.<\/div>\n<div style=\"text-align: justify\"><\/div>\n<div style=\"text-align: justify\">Desde hace una d\u00e9cada y media demandan que 6 por ciento del presupuesto nacional se invierta en la educaci\u00f3n. Luego de 11 a\u00f1os de gobierno del Frente Amplio, la inversi\u00f3n en educaci\u00f3n sigue siendo uno de las principales deudas de la izquierda. Bajos salarios, locales en malas condiciones, d\u00e9ficit de docentes que impide que se cubran los cupos en todos los niveles educativos, y un desempe\u00f1o general estancado con tendencia al retroceso, son tendencias de largo aliento que no han sido revertidas por los tres gobiernos de la izquierda.<\/div>\n<div style=\"text-align: justify\"><\/div>\n<div style=\"text-align: justify\">El aspecto m\u00e1s llamativo son las malas relaciones que mantuvieron con los gremios docentes. El ex presidente Jos\u00e9 Mujica dijo al promediar su mandato: Hay que juntarse y hacer mierda a esos gremios, en referencia a los sindicatos de la educaci\u00f3n (Brecha, 28\/8\/15). Sin embargo, nadie hab\u00eda llegado tan lejos como V\u00e1zquez, quien el lunes 24 de agosto decret\u00f3 la esencialidad para quebrar la huelga docente con sumarios y destituciones masivas.<\/div>\n<div style=\"text-align: justify\"><\/div>\n<div style=\"text-align: justify\">Fue la primera vez desde 1985 que se impon\u00eda semejante medida, a la que ni siquiera los gobiernos neoliberales apelaron. La respuesta fue dr\u00e1stica: miles de maestras se concentraron ante la sede sindical en clara se\u00f1al de desacato al autoritarismo; la central sindical decidi\u00f3 un paro general y una marcha de 50 mil docentes y estudiantes grit\u00f3 contra el decreto de V\u00e1zquez, mientras 50 centros de estudio eran ocupados. El Frente Amplio se dividi\u00f3. S\u00f3lo la derecha respald\u00f3 al presidente.<\/div>\n<div style=\"text-align: justify\"><\/div>\n<div style=\"text-align: justify\">En un clima de crispaci\u00f3n entre gobierno y sindicatos, el Frente Amplio realiz\u00f3 un plenario el primer s\u00e1bado de septiembre para discutir, luego de idas y venidas, la posici\u00f3n frente al TISA. La votaci\u00f3n de los delegados de los sectores y de las bases mostr\u00f3 el aislamiento del gabinete: 117 votaron por retirarse de las negociaciones y s\u00f3lo 22 respaldaron al Ejecutivo. El lunes 7 el gobierno anunci\u00f3 que Uruguay dejar\u00e1 de participar en las negociaciones.<\/div>\n<div style=\"text-align: justify\"><\/div>\n<div style=\"text-align: justify\">El TISA tambi\u00e9n tiene su historia. Como destaca el economista Antonio El\u00edas, a quien le cupo el m\u00e9rito de destapar el secreto, hubo tres etapas: La primera, en secreto absoluto; la segunda, semip\u00fablica, pero no hubo discusi\u00f3n; la tercera fue p\u00fablica, hubo discusi\u00f3n, pero los documentos secretos no fueron entregados a la sociedad para su an\u00e1lisis (Voces, 10\/9\/15).<\/div>\n<div style=\"text-align: justify\"><\/div>\n<div style=\"text-align: justify\">Durante casi un a\u00f1o, entre septiembre de 2013 y julio de 2014, cuando se publican los primeros datos, el gobierno de Mujica llevaba adelante negociaciones sin informar a la poblaci\u00f3n, a su fuerza pol\u00edtica ni al parlamento. El canciller Luis Almagro, premiado por Mujica con el m\u00e1ximo cargo en la OEA, debi\u00f3 reconocer que se estaba negociando y asegur\u00f3 que es un tratado positivo para el pa\u00eds.<\/div>\n<div style=\"text-align: justify\"><\/div>\n<div style=\"text-align: justify\">Las negociaciones oficiales comenzaron en febrero de 2015, sin anuncio oficial, en los \u00faltimos d\u00edas del gobierno Mujica. Fue la p\u00e1gina del Ministerio de Relaciones Exteriores de Canad\u00e1 la que inform\u00f3 del ingreso de Uruguay en las negociaciones, recuerda El\u00edas. Ser\u00eda bueno que alguien, en alguna parte del mundo donde se lo aclama, le preguntara al ex presidente sobre las razones de tan significativo silencio.<\/div>\n<div style=\"text-align: justify\"><\/div>\n<div style=\"text-align: justify\">Lo importante es que apenas se rompi\u00f3 el silencio, la sociedad uruguaya rechaz\u00f3 contundentemente el TISA. Los medios de izquierda, que en este pa\u00eds siempre han jugado un papel decisivo; el movimiento sindical, organizaciones sociales y ambientalistas, grupos como la Red de Economistas de Izquierda (Rediu), acad\u00e9micos e intelectuales, modificaron la relaci\u00f3n de fuerzas. La votaci\u00f3n en el seno del Frente Amplio, donde quedaron aislados los partidarios de Astori y V\u00e1zquez, refleja el modo de pensar de la mayor\u00eda de los uruguayos.<\/div>\n<div style=\"text-align: justify\"><\/div>\n<div style=\"text-align: justify\">En el desencadenamiento de los hechos se vivi\u00f3 la feliz coincidencia entre la lucha de los gremios docentes, que a\u00fan no ha finalizado, y la resistencia al TISA que es la continuaci\u00f3n de la que en 2007 libr\u00f3 la izquierda social contra el TLC con Estados Unidos que pretend\u00eda firmar V\u00e1zquez en su primer gobierno. En ambos casos se qued\u00f3 s\u00f3lo con el apoyo de la derecha y el rechazo del movimiento popular.<\/div>\n<div style=\"text-align: justify\"><\/div>\n<div style=\"text-align: justify\">La derrota de la esencialidad contra los docentes y la derrota del TISA tienen algo en com\u00fan: esta sociedad no se deja llevar por delante con pol\u00edticas autoritarias, ni en nombre del desarrollo, ni siquiera bajo un gobierno que dice ser de izquierda. La calle le puso l\u00edmites al giro a la derecha<\/div>\n<div style=\"text-align: justify\"><\/div>\n<div style=\"text-align: justify\"><span style=\"font-size: x-small\"><span style=\"color: #0b5394\"><b><span style=\"font-family: Verdana,sans-serif\">ALAINET\/PRODUCCI\u00d3N RIACHUELO <\/span><\/b><\/span><\/span><\/div>\n<p><\/span><\/p>\n","protected":false},"excerpt":{"rendered":"<p>LA MOVILIZACI\u00d3N POPULAR LO CONSIGUI\u00d3 DIEZ D\u00cdAS QUE SACUDIERON A URUGUAY [Raul Zibechi] Hasta los primeros d\u00edas de agosto el gobierno uruguayo negociaba su participaci\u00f3n en el TISA (Trade in Services Agreement) para desregular servicios y comercio, con fuerte respaldo de su ministro de Econom\u00eda, Danilo Astori, y se dispon\u00eda a aprobar el presupuesto quinquenal, [&hellip;]<\/p>\n","protected":false},"author":4,"featured_media":0,"comment_status":"open","ping_status":"open","sticky":false,"template":"","format":"standard","meta":{"_monsterinsights_skip_tracking":false,"_monsterinsights_sitenote_active":false,"_monsterinsights_sitenote_note":"","_monsterinsights_sitenote_category":0,"jnews-multi-image_gallery":[],"jnews_single_post":{"format":"standard"},"jnews_primary_category":[],"_joinchat":[],"footnotes":""},"categories":[58],"tags":[70,167],"class_list":["post-1758","post","type-post","status-publish","format-standard","hentry","category-noticiariachuelo","tag-de-la-patria-grande","tag-politica-internacional"],"_links":{"self":[{"href":"http:\/\/fmriachuelo.it10.com.ar\/index.php\/wp-json\/wp\/v2\/posts\/1758","targetHints":{"allow":["GET"]}}],"collection":[{"href":"http:\/\/fmriachuelo.it10.com.ar\/index.php\/wp-json\/wp\/v2\/posts"}],"about":[{"href":"http:\/\/fmriachuelo.it10.com.ar\/index.php\/wp-json\/wp\/v2\/types\/post"}],"author":[{"embeddable":true,"href":"http:\/\/fmriachuelo.it10.com.ar\/index.php\/wp-json\/wp\/v2\/users\/4"}],"replies":[{"embeddable":true,"href":"http:\/\/fmriachuelo.it10.com.ar\/index.php\/wp-json\/wp\/v2\/comments?post=1758"}],"version-history":[{"count":1,"href":"http:\/\/fmriachuelo.it10.com.ar\/index.php\/wp-json\/wp\/v2\/posts\/1758\/revisions"}],"predecessor-version":[{"id":24127,"href":"http:\/\/fmriachuelo.it10.com.ar\/index.php\/wp-json\/wp\/v2\/posts\/1758\/revisions\/24127"}],"wp:attachment":[{"href":"http:\/\/fmriachuelo.it10.com.ar\/index.php\/wp-json\/wp\/v2\/media?parent=1758"}],"wp:term":[{"taxonomy":"category","embeddable":true,"href":"http:\/\/fmriachuelo.it10.com.ar\/index.php\/wp-json\/wp\/v2\/categories?post=1758"},{"taxonomy":"post_tag","embeddable":true,"href":"http:\/\/fmriachuelo.it10.com.ar\/index.php\/wp-json\/wp\/v2\/tags?post=1758"}],"curies":[{"name":"wp","href":"https:\/\/api.w.org\/{rel}","templated":true}]}}