{"id":1757,"date":"2015-09-20T23:00:00","date_gmt":"2015-09-20T23:00:00","guid":{"rendered":"http:\/\/fmriachuelo.observatorioess.org.ar\/index.php\/2015\/09\/20\/uruguay-el-gobierno-puso-fin-a-las-negociaciones-por-el-tisa-iii\/"},"modified":"2025-06-13T16:21:29","modified_gmt":"2025-06-13T19:21:29","slug":"uruguay-el-gobierno-puso-fin-a-las-negociaciones-por-el-tisa-iii","status":"publish","type":"post","link":"http:\/\/fmriachuelo.it10.com.ar\/index.php\/2015\/09\/20\/uruguay-el-gobierno-puso-fin-a-las-negociaciones-por-el-tisa-iii\/","title":{"rendered":"URUGUAY: EL GOBIERNO PUSO FIN A LAS NEGOCIACIONES POR EL TISA III"},"content":{"rendered":"<div style=\"clear: both;text-align: justify\"><span style=\"font-family: Verdana,sans-serif\"><span style=\"font-family: Verdana, sans-serif;text-align: start\"><span style=\"color: red;font-size: large\"><b>LA MOVILIZACI\u00d3N POPULAR FREN\u00d3 AL TISA<\/b><\/span><\/span><\/span><\/div>\n<div style=\"clear: both;text-align: justify\"><span style=\"font-family: Verdana,sans-serif\"><\/span><\/div>\n<div style=\"clear: both;text-align: center\"><span style=\"font-family: Verdana,sans-serif\"><a href=\"http:\/\/3.bp.blogspot.com\/-ogpnkqmSs5A\/Vf8yYhzaV_I\/AAAAAAAAGfk\/zG-qqRvctKw\/s1600\/tisa_-_zona_libre.jpg\" style=\"clear: left;float: left;margin-bottom: 1em;margin-right: 1em\"><img loading=\"lazy\" decoding=\"async\" border=\"0\" height=\"121\" src=\"http:\/\/3.bp.blogspot.com\/-ogpnkqmSs5A\/Vf8yYhzaV_I\/AAAAAAAAGfk\/zG-qqRvctKw\/s200\/tisa_-_zona_libre.jpg\" width=\"200\" \/><\/a><\/span><\/div>\n<div style=\"text-align: justify\"><span style=\"font-family: Verdana,sans-serif\">[Por Atilio Bor\u00f3n] Hac\u00eda tiempo que no recib\u00edamos una noticia tan importante,y positiva: el gobierno del Frente Amplio puso fin a las negociaciones iniciadas durante la gesti\u00f3n de Jos\u00e9 \u201cPepe\u201d Mujica tendientes a firmar el malhadado acuerdo de liberalizaci\u00f3n en el comercio de servicios que, en la pr\u00e1ctica, hubiera significado el fin de la educaci\u00f3n p\u00fablica en Uruguay.<\/span><br \/><a name='more'><\/a>Por eso pego a continuaci\u00f3n dos art\u00edculos sobre el tema: uno, de Antonio El\u00edas, a quien le cabe el inmenso honor de haber sido quien alert\u00f3 sobre el peligro inminente y que con sus numerosos escritos, algunos de los cuales fueron citados en este blog, cumpli\u00f3 un papel decisivo en abrir una discusi\u00f3n que estaba absolutamente cerrada. El otro, es una nota de Ra\u00fal Zibechi en donde avanza en el an\u00e1lisis del tema. Les recomiendo una lectura muy cuidadosa de ambos.<br \/>Conclusi\u00f3n: precisamente de eso se trata: que la calle le ponga l\u00edmites al giro a la derecha que ya se produjo en Brasil y Uruguay y que, casi con seguridad, se intentar\u00e1 en la Argentina, cualesquiera que sea el ganador de la pr\u00f3xima elecci\u00f3n presidencial. Lo que ha demostrado el pueblo uruguayo es que una fuerte movilizaci\u00f3n pol\u00edtica puede abortar esas tentativas restauradoras. \u00a1En buena hora!<br \/><span style=\"font-size: x-small\"><span style=\"color: #0b5394\"><b><span style=\"font-family: Verdana,sans-serif\">KAOS EN LA RED-ALAINET\/PRODUCCI\u00d3N RIACHUELO <\/span><\/b><\/span><\/span><\/div>\n<div style=\"text-align: justify\"><span style=\"font-family: Verdana,sans-serif\"><\/span><\/div>\n","protected":false},"excerpt":{"rendered":"<p>LA MOVILIZACI\u00d3N POPULAR FREN\u00d3 AL TISA [Por Atilio Bor\u00f3n] Hac\u00eda tiempo que no recib\u00edamos una noticia tan importante,y positiva: el gobierno del Frente Amplio puso fin a las negociaciones iniciadas durante la gesti\u00f3n de Jos\u00e9 \u201cPepe\u201d Mujica tendientes a firmar el malhadado acuerdo de liberalizaci\u00f3n en el comercio de servicios que, en la pr\u00e1ctica, hubiera [&hellip;]<\/p>\n","protected":false},"author":4,"featured_media":0,"comment_status":"open","ping_status":"open","sticky":false,"template":"","format":"standard","meta":{"_monsterinsights_skip_tracking":false,"_monsterinsights_sitenote_active":false,"_monsterinsights_sitenote_note":"","_monsterinsights_sitenote_category":0,"jnews-multi-image_gallery":[],"jnews_single_post":{"format":"standard"},"jnews_primary_category":[],"_joinchat":[],"footnotes":""},"categories":[58],"tags":[70,167],"class_list":["post-1757","post","type-post","status-publish","format-standard","hentry","category-noticiariachuelo","tag-de-la-patria-grande","tag-politica-internacional"],"_links":{"self":[{"href":"http:\/\/fmriachuelo.it10.com.ar\/index.php\/wp-json\/wp\/v2\/posts\/1757","targetHints":{"allow":["GET"]}}],"collection":[{"href":"http:\/\/fmriachuelo.it10.com.ar\/index.php\/wp-json\/wp\/v2\/posts"}],"about":[{"href":"http:\/\/fmriachuelo.it10.com.ar\/index.php\/wp-json\/wp\/v2\/types\/post"}],"author":[{"embeddable":true,"href":"http:\/\/fmriachuelo.it10.com.ar\/index.php\/wp-json\/wp\/v2\/users\/4"}],"replies":[{"embeddable":true,"href":"http:\/\/fmriachuelo.it10.com.ar\/index.php\/wp-json\/wp\/v2\/comments?post=1757"}],"version-history":[{"count":1,"href":"http:\/\/fmriachuelo.it10.com.ar\/index.php\/wp-json\/wp\/v2\/posts\/1757\/revisions"}],"predecessor-version":[{"id":24128,"href":"http:\/\/fmriachuelo.it10.com.ar\/index.php\/wp-json\/wp\/v2\/posts\/1757\/revisions\/24128"}],"wp:attachment":[{"href":"http:\/\/fmriachuelo.it10.com.ar\/index.php\/wp-json\/wp\/v2\/media?parent=1757"}],"wp:term":[{"taxonomy":"category","embeddable":true,"href":"http:\/\/fmriachuelo.it10.com.ar\/index.php\/wp-json\/wp\/v2\/categories?post=1757"},{"taxonomy":"post_tag","embeddable":true,"href":"http:\/\/fmriachuelo.it10.com.ar\/index.php\/wp-json\/wp\/v2\/tags?post=1757"}],"curies":[{"name":"wp","href":"https:\/\/api.w.org\/{rel}","templated":true}]}}