{"id":1756,"date":"2015-09-21T11:00:00","date_gmt":"2015-09-21T11:00:00","guid":{"rendered":"http:\/\/fmriachuelo.observatorioess.org.ar\/index.php\/2015\/09\/21\/confederacion-de-trabajadores-de-la-economia-popular-ctep-organiza-su-filial-misiones\/"},"modified":"2025-06-13T16:23:55","modified_gmt":"2025-06-13T19:23:55","slug":"confederacion-de-trabajadores-de-la-economia-popular-ctep-organiza-su-filial-misiones","status":"publish","type":"post","link":"http:\/\/fmriachuelo.it10.com.ar\/index.php\/2015\/09\/21\/confederacion-de-trabajadores-de-la-economia-popular-ctep-organiza-su-filial-misiones\/","title":{"rendered":"CONFEDERACI\u00d3N DE TRABAJADORES DE LA ECONOM\u00cdA POPULAR, CTEP: ORGANIZA SU FILIAL MISIONES"},"content":{"rendered":"<div style=\"text-align: justify\"><\/div>\n<div style=\"text-align: justify\">\n<div>\n<div>\n<div dir=\"ltr\" style=\"clear: left;float: left;margin-bottom: 1em;margin-right: 1em\">\n<div><span style=\"font-size: small\"><span style=\"font-family: Verdana,sans-serif\"><span style=\"line-height: 115%\">COMUNICADO CTEP<\/span><\/span><\/span><\/div>\n<div style=\"text-align: left\"><span style=\"font-size: large\"><span style=\"color: red\"><span style=\"font-family: Verdana,sans-serif\"><b><span style=\"line-height: 115%\"><span style=\"font-size: large\">VISITA<\/span> a organizaciones populares de Posadas<\/span><\/b><\/span><\/span><\/span><\/div>\n<div style=\"color: black\"><span style=\"font-size: small\"><span style=\"font-family: Verdana,sans-serif\"><b><span style=\"color: #38761d;line-height: 115%\"><\/span><\/b><\/span><\/span><\/div>\n<div style=\"color: black\"><a href=\"https:\/\/ci6.googleusercontent.com\/proxy\/mR5Qml6h3PSl9lkucTC6-zHj2DxlbFC2uYWSj7dq6Ef2e_Bl7WuiUjStkSAIu0K_U1G9FENo1r5cWn3FixE6GjashCJfQhfY2k9Gp93AzUj20sk1nzlFenDaCP214J7l-6MlDAr8ew4iFRN95HDcRLHQZ3vKrPEG62B67-VzjKI=s0-d-e1-ft#https:\/\/encrypted-tbn0.gstatic.com\/images?q=tbn:ANd9GcT-4y7YCQET89O9tg6mYdVzUDcRhdn_Jnlimt-3NT8iXUlMC8aghQ\" style=\"clear: left;float: left;margin-bottom: 1em;margin-right: 1em\"><img loading=\"lazy\" decoding=\"async\" border=\"0\" class=\"CToWUd\" height=\"60\" src=\"https:\/\/ci6.googleusercontent.com\/proxy\/mR5Qml6h3PSl9lkucTC6-zHj2DxlbFC2uYWSj7dq6Ef2e_Bl7WuiUjStkSAIu0K_U1G9FENo1r5cWn3FixE6GjashCJfQhfY2k9Gp93AzUj20sk1nzlFenDaCP214J7l-6MlDAr8ew4iFRN95HDcRLHQZ3vKrPEG62B67-VzjKI=s0-d-e1-ft#https:\/\/encrypted-tbn0.gstatic.com\/images?q=tbn:ANd9GcT-4y7YCQET89O9tg6mYdVzUDcRhdn_Jnlimt-3NT8iXUlMC8aghQ\" style=\"border: 0px none\" width=\"200\" \/><\/a><a href=\"https:\/\/mail.google.com\/mail\/u\/0\/?ui=2&amp;ik=4fd20d0ae8&amp;view=fimg&amp;th=14fee7b4f802db1f&amp;attid=0.2&amp;disp=emb&amp;attbid=ANGjdJ8hCdsd2cSTqrxtO-k-fesC6p3e1oGhM7pWes5ylSneFUYnRMohwRTKn_ZVOTntfQ0grh_TPB2BNfY4Ta9PBbltn13Sikv7Mw86o6xTpR6UUOLpsce4J8WyqOg&amp;sz=w1008-h702&amp;ats=1442816779256&amp;rm=14fee7b4f802db1f&amp;zw&amp;atsh=1\" style=\"clear: left;float: left;margin-bottom: 1em;margin-right: 1em\"><img loading=\"lazy\" decoding=\"async\" border=\"0\" class=\"CToWUd a6T\" height=\"138\" src=\"https:\/\/mail.google.com\/mail\/u\/0\/?ui=2&amp;ik=4fd20d0ae8&amp;view=fimg&amp;th=14fee7b4f802db1f&amp;attid=0.2&amp;disp=emb&amp;attbid=ANGjdJ8hCdsd2cSTqrxtO-k-fesC6p3e1oGhM7pWes5ylSneFUYnRMohwRTKn_ZVOTntfQ0grh_TPB2BNfY4Ta9PBbltn13Sikv7Mw86o6xTpR6UUOLpsce4J8WyqOg&amp;sz=w1008-h702&amp;ats=1442816779256&amp;rm=14fee7b4f802db1f&amp;zw&amp;atsh=1\" width=\"200\" \/><\/a><span style=\"font-size: small\"><span style=\"font-family: Verdana,sans-serif\">Como continuidad de la primera visita a Posadas, Misiones, realizada en julio de este a\u00f1o por el <b>Secretario General de la CTEP, Gringo Castro, y el Secretario de Vivienda y H\u00e1bitat Popular de la CTEP, Lito Borello,<\/b>&nbsp;que nuevamente visit\u00f3 a algunas organizaciones populares de esa localidad para&nbsp;<b>organizar la seccional Misiones de la CTEP.<\/b><\/span><\/span><br \/><a name='more'><\/a><\/div>\n<div style=\"color: black\"><span style=\"font-size: small\"><span style=\"font-family: Verdana,sans-serif\">Durante el <b>jueves 17 y viernes 18 de este mes<\/b>, se desarrollaron dos jornadas de trabajo donde debatieron sobre las problem\u00e1ticas de la provincia de Misiones, las tareas para conformar una seccional de CTEP Misiones y el contexto nacional, regional y mundial.<\/span><\/span><\/div>\n<p><span style=\"font-size: small\"><span style=\"font-family: Verdana,sans-serif\"><\/span><\/span> <\/p>\n<div style=\"color: black\"><span style=\"font-size: small\"><span style=\"font-family: Verdana,sans-serif\">El jueves por la ma\u00f1ana en la <b>Intendencia <\/b>de<b> <\/b>la ciudad de<b> <\/b><b>Posadas <\/b>el <b>Secretario de Vivienda y H\u00e1bitat Popular de la CTEP fue recibido por el intendente de la ciudad, Jos\u00e9 Mar\u00eda Arv\u00eda, <\/b>donde brindaron una <b>conferencia de prensa<\/b> junto con la <b>candidata a concejal y Secretar\u00eda de Acci\u00f3n Social del Sindicato de Empleados y Obreros Municipales de Posadas (SEOMP), Mirta Olmos,<\/b><b>&nbsp;<\/b> la <b>coordinadora de Posadas del Movimiento Popular \u201cAmo Verte con Sentido\u201d, M\u00f3nica Godoy y su coordinador Nacional, Omar Nu\u00f1ez<\/b>, y el referente del <b>Movimiento Evita de Posadas, Reinaldo Villalba<\/b>.&nbsp;<\/span><\/span><\/div>\n<p><span style=\"font-size: small\"><span style=\"font-family: Verdana,sans-serif\">En la conferencia, se le dio importancia a la necesidad de un estado que fomente pol\u00edticas p\u00fablicas de apoyo a las econom\u00edas populares, surgidas de las luchas populares de los \u201990 y que hoy aportan al PBI nacional, a\u00fan sin lograr los plenos derechos laborales de los que gozan los trabajadores de la econom\u00eda formal.<\/span><\/span><span style=\"font-family: Verdana,sans-serif\">Por la tarde, en la localidad de Corpus Christi, distante a 100 km de la localidad de Posadas, Lito Borello, se reuni\u00f3 con la Intendenta de esa localidad, Alicia Roffignac, el referente local de los oleros de la Cooperativa \u201cLos Lapachos\u201d, Domingo Maciel, junto con M\u00f3nica Godoy y Omar Nu\u00f1ez, donde discutieron la posibilidad de desarrollo local econ\u00f3mico y de trabajo a trav\u00e9s de la Econom\u00eda Popular en esa localidad.Por la noche, compartieron una mateada de debate, trabajo y m\u00fasica popular entre referentes de diferentes organizaciones populares. Fue un debate muy rico, donde discutieron en profundidad el rol de las organizaciones populares en los tiempos venideros, analizaron las posibilidades de desarrollar diferentes ramas de la econom\u00eda popular seg\u00fan las necesidades y potencialidades de la provincia de Misiones y asumieron el compromiso de constituir, en un tiempo no muy lejano, una seccional Misiones de CTEP. Como cierre el m\u00fasico popular y cooperativista, Pedro Paiva, los deleito con dos canciones de su autor\u00eda. El viernes por la ma\u00f1ana se reunieron en la Casa del Bicentenario, donde se sumaron m\u00e1s referentes de organizaciones sociales y barriales para continuar debatiendo sobre las problem\u00e1ticas de locales y compartir las expectativas sobre la futura conformaci\u00f3n de la seccional CTEP Misiones.<br \/>Como cierre de las dos jornadas, los compa\u00f1eros de la Agrupaci\u00f3n Epifania Ver\u00f3n, del SEOMP, brindaron un guiso de camarader\u00eda en uno de sus locales de Posadas, donde los asistentes compartieron durante el almuerzo sus experiencias y expectativas a futuro.<\/span><\/p>\n<div style=\"color: black\"><span style=\"clear: left;float: left;font-family: Verdana,sans-serif;margin-bottom: 1em;margin-right: 1em\"><img loading=\"lazy\" decoding=\"async\" class=\"CToWUd a6T\" height=\"206\" src=\"https:\/\/mail.google.com\/mail\/u\/0\/?ui=2&amp;ik=4fd20d0ae8&amp;view=fimg&amp;th=14fee7b4f802db1f&amp;attid=0.4&amp;disp=emb&amp;attbid=ANGjdJ9hr1jihSAJbzw71-VYQbqDl4fkuZ09WktoEYF30813cSG9_5YS95NWNAIPpDWT9MoljS6kH-i_kpQVFEoEXA-lUbBHtvjnibLJZrW4yqkLQ-bwBsCxo5cuMqQ&amp;sz=w1008-h650&amp;ats=1442816779257&amp;rm=14fee7b4f802db1f&amp;zw&amp;atsh=1\" width=\"320\" \/>\u200b<\/span><span style=\"clear: left;float: left;font-family: Verdana,sans-serif;margin-bottom: 1em;margin-right: 1em\"><img loading=\"lazy\" decoding=\"async\" class=\"CToWUd a6T\" height=\"192\" src=\"https:\/\/mail.google.com\/mail\/u\/0\/?ui=2&amp;ik=4fd20d0ae8&amp;view=fimg&amp;th=14fee7b4f802db1f&amp;attid=0.6&amp;disp=emb&amp;attbid=ANGjdJ-IjphQVrSYIPZRwwhOeb32xsxpvbzLO8S_Qn2NftTcJmnnWwHR-2oYMY30ZhirfqznJd1EJRjAL64GNtqvEYiMhhzCZ02gxuLuHbWqIxvaQFyGVerwqKmJTgw&amp;sz=w1008-h606&amp;ats=1442816779256&amp;rm=14fee7b4f802db1f&amp;zw&amp;atsh=1\" style=\"color: #222222\" width=\"320\" \/>\u200b<\/span><span style=\"font-size: small\"><\/span><\/div>\n<div style=\"color: black\"><span style=\"font-size: small\"><span style=\"font-family: Verdana,sans-serif\"><\/span><\/span><span style=\"clear: left;float: left;font-family: Verdana,sans-serif;margin-bottom: 1em;margin-right: 1em\"><img loading=\"lazy\" decoding=\"async\" class=\"CToWUd a6T\" height=\"240\" src=\"https:\/\/mail.google.com\/mail\/u\/0\/?ui=2&amp;ik=4fd20d0ae8&amp;view=fimg&amp;th=14fee7b4f802db1f&amp;attid=0.3&amp;disp=emb&amp;attbid=ANGjdJ-8sBDuYIA-b_uBb9K_a1NqSSc8udtP8GqsmadVhyrEIEih-8JkaIF72bWSe7j6CbCY4WTzrDnllx7zHJP8nEu8lDWaFjYupiZIPYHKKm_yE7qE1Bc\nPiwfjV0o&amp;sz=w972-h730&amp;ats=1442816779257&amp;rm=14fee7b4f802db1f&amp;zw&amp;atsh=1\" width=\"320\" \/><br \/>\u200b\u200b<img loading=\"lazy\" decoding=\"async\" class=\"CToWUd a6T\" height=\"179\" src=\"https:\/\/mail.google.com\/mail\/u\/0\/?ui=2&amp;ik=4fd20d0ae8&amp;view=fimg&amp;th=14fee7b4f802db1f&amp;attid=0.1&amp;disp=emb&amp;attbid=ANGjdJ_MobwwBH-KRemZgPkL8ictZU5yc1k3J5gIIr-ZxVZfJqZzLBOFr75ZlOfXkL8RGUtpfqJowJS84lqUFtKgOgZzIuvSNGg7lXHDUw3SGtFyZpRC1B6xkB0q_2M&amp;sz=w1008-h564&amp;ats=1442816779257&amp;rm=14fee7b4f802db1f&amp;zw&amp;atsh=1\" width=\"320\" \/><br \/>\u200b<\/span><br \/><span style=\"font-size: small\"><span style=\"font-family: Verdana,sans-serif\"><\/span><\/span><\/p>\n<div><span style=\"font-size: small\"><span style=\"font-family: Verdana,sans-serif\"><b>SIN PODER POPULAR NO HAY JUSTICIA SOCIAL &#8211; AC\u00c1 NO SE RINDE NADIE!<\/b><\/span><\/span><br \/><span style=\"font-size: small\"><span style=\"font-family: Verdana,sans-serif\"><\/span><\/span><\/div>\n<p><span style=\"font-size: small\"><span style=\"font-family: Verdana,sans-serif\"><\/span><\/span><\/p>\n<div style=\"background-color: white;color: #222222\"><span style=\"font-size: small\"><span style=\"font-family: Verdana,sans-serif\"><\/span><\/span><\/p>\n<div><span style=\"font-size: small\"><span style=\"font-family: Verdana,sans-serif\"><\/span><\/span><\/div>\n<p><span style=\"font-size: small\"><span style=\"font-family: Verdana,sans-serif\"><\/span><\/span><\/p>\n<div>\n<div style=\"color: #222222;margin-bottom: 0.0001pt\"><b><span style=\"font-size: x-small\"><span style=\"font-family: Verdana,sans-serif\">Secretar\u00eda de Vivienda y H\u00e1bitat Popular<\/span><\/span><\/b><\/div>\n<p><b><span style=\"font-size: x-small\"><span style=\"font-family: Verdana,sans-serif\"><\/span><\/span><\/b><\/p>\n<div style=\"color: #222222\"><b><span style=\"font-size: x-small\"><span style=\"font-family: Verdana,sans-serif\">Confederaci\u00f3n de Trabajadores de la Econom\u00eda Popular &#8211;&nbsp;CTEP<\/span><\/span><\/b><\/div>\n<p><b><span style=\"font-size: x-small\"><span style=\"font-family: Verdana,sans-serif\"><\/span><\/span><\/b><\/p>\n<div dir=\"ltr\" style=\"color: #222222\"><b><span style=\"font-size: x-small\"><span style=\"font-family: Verdana,sans-serif\">Pedro Echag\u00fce 1265, CABA<\/span><\/span><\/b><\/div>\n<p><b><span style=\"font-size: x-small\"><span style=\"font-family: Verdana,sans-serif\"><\/span><\/span><\/b><\/div>\n<\/div>\n<\/div>\n<\/div>\n<\/div>\n<\/div>\n<\/div>\n","protected":false},"excerpt":{"rendered":"<p>COMUNICADO CTEP VISITA a organizaciones populares de Posadas Como continuidad de la primera visita a Posadas, Misiones, realizada en julio de este a\u00f1o por el Secretario General de la CTEP, Gringo Castro, y el Secretario de Vivienda y H\u00e1bitat Popular de la CTEP, Lito Borello,&nbsp;que nuevamente visit\u00f3 a algunas organizaciones populares de esa localidad para&nbsp;organizar [&hellip;]<\/p>\n","protected":false},"author":4,"featured_media":0,"comment_status":"open","ping_status":"open","sticky":false,"template":"","format":"standard","meta":{"_monsterinsights_skip_tracking":false,"_monsterinsights_sitenote_active":false,"_monsterinsights_sitenote_note":"","_monsterinsights_sitenote_category":0,"jnews-multi-image_gallery":[],"jnews_single_post":{"format":"standard"},"jnews_primary_category":[],"_joinchat":[],"footnotes":""},"categories":[58],"tags":[64,86,148],"class_list":["post-1756","post","type-post","status-publish","format-standard","hentry","category-noticiariachuelo","tag-economia-popular","tag-noti-ctep","tag-trabajo"],"_links":{"self":[{"href":"http:\/\/fmriachuelo.it10.com.ar\/index.php\/wp-json\/wp\/v2\/posts\/1756","targetHints":{"allow":["GET"]}}],"collection":[{"href":"http:\/\/fmriachuelo.it10.com.ar\/index.php\/wp-json\/wp\/v2\/posts"}],"about":[{"href":"http:\/\/fmriachuelo.it10.com.ar\/index.php\/wp-json\/wp\/v2\/types\/post"}],"author":[{"embeddable":true,"href":"http:\/\/fmriachuelo.it10.com.ar\/index.php\/wp-json\/wp\/v2\/users\/4"}],"replies":[{"embeddable":true,"href":"http:\/\/fmriachuelo.it10.com.ar\/index.php\/wp-json\/wp\/v2\/comments?post=1756"}],"version-history":[{"count":1,"href":"http:\/\/fmriachuelo.it10.com.ar\/index.php\/wp-json\/wp\/v2\/posts\/1756\/revisions"}],"predecessor-version":[{"id":24130,"href":"http:\/\/fmriachuelo.it10.com.ar\/index.php\/wp-json\/wp\/v2\/posts\/1756\/revisions\/24130"}],"wp:attachment":[{"href":"http:\/\/fmriachuelo.it10.com.ar\/index.php\/wp-json\/wp\/v2\/media?parent=1756"}],"wp:term":[{"taxonomy":"category","embeddable":true,"href":"http:\/\/fmriachuelo.it10.com.ar\/index.php\/wp-json\/wp\/v2\/categories?post=1756"},{"taxonomy":"post_tag","embeddable":true,"href":"http:\/\/fmriachuelo.it10.com.ar\/index.php\/wp-json\/wp\/v2\/tags?post=1756"}],"curies":[{"name":"wp","href":"https:\/\/api.w.org\/{rel}","templated":true}]}}