{"id":17541,"date":"2022-09-23T16:04:36","date_gmt":"2022-09-23T16:04:36","guid":{"rendered":"http:\/\/fmriachuelo.com.ar\/?p=17541"},"modified":"2025-02-26T15:29:58","modified_gmt":"2025-02-26T18:29:58","slug":"docentes-en-lucha-nadie-se-salva-solo","status":"publish","type":"post","link":"http:\/\/fmriachuelo.it10.com.ar\/index.php\/2022\/09\/23\/docentes-en-lucha-nadie-se-salva-solo\/","title":{"rendered":"DOCENTES EN LUCHA NADIE SE SALVA SOLO"},"content":{"rendered":"<p><b>En el d\u00eda de ayer la comunidad educativa de CABA, realiz\u00f2 varias medidas de fuerza en reclamo al gobierno de la Ciudad de Buenos Aires bajo la Consiga \u00abLa Jornada Laboral docente es de lunes a viernes\u00bb. La actividad se desarroll\u00f3 en el cruce de las Avenidas Martin Garcia y Patricios, Distrito 4\u00ba, realizando una Radio Abierta. Estuvieron presentes los sindicatos docentes Uni\u00f2n de Trabajadores de la Educaci\u00f3n (UTE)\u00a0 y<\/b> <b>Confederaci\u00f3n de Trabajadores de la Educaci\u00f3n de la Rep\u00fablica Argentina<\/b><b> (<\/b><b>CTERA),\u00a0 tambi\u00e9n particip\u00f3 la Central de Trabajadores de la Argentina (CTA). El reclamo es que el Gobierno de la Ciudad de Buenos Aires respete los derechos laborales de los trabajadorxs de la educaci\u00f3n.<\/b><\/p>\n<p>&nbsp;<\/p>\n<p><img loading=\"lazy\" decoding=\"async\" class=\"size-medium wp-image-17545 alignleft\" src=\"http:\/\/fmriachuelo.com.ar\/wp-content\/uploads\/2022\/09\/WhatsApp-Image-2022-09-23-at-7.47.58-AM-300x225.jpeg\" alt=\"\" width=\"300\" height=\"225\" srcset=\"http:\/\/fmriachuelo.it10.com.ar\/wp-content\/uploads\/2022\/09\/WhatsApp-Image-2022-09-23-at-7.47.58-AM-300x225.jpeg 300w, http:\/\/fmriachuelo.it10.com.ar\/wp-content\/uploads\/2022\/09\/WhatsApp-Image-2022-09-23-at-7.47.58-AM-1024x768.jpeg 1024w, http:\/\/fmriachuelo.it10.com.ar\/wp-content\/uploads\/2022\/09\/WhatsApp-Image-2022-09-23-at-7.47.58-AM-768x576.jpeg 768w, http:\/\/fmriachuelo.it10.com.ar\/wp-content\/uploads\/2022\/09\/WhatsApp-Image-2022-09-23-at-7.47.58-AM-1536x1152.jpeg 1536w, http:\/\/fmriachuelo.it10.com.ar\/wp-content\/uploads\/2022\/09\/WhatsApp-Image-2022-09-23-at-7.47.58-AM-750x563.jpeg 750w, http:\/\/fmriachuelo.it10.com.ar\/wp-content\/uploads\/2022\/09\/WhatsApp-Image-2022-09-23-at-7.47.58-AM-1140x855.jpeg 1140w, http:\/\/fmriachuelo.it10.com.ar\/wp-content\/uploads\/2022\/09\/WhatsApp-Image-2022-09-23-at-7.47.58-AM.jpeg 1600w\" sizes=\"auto, (max-width: 300px) 100vw, 300px\" \/><\/p>\n<p><span style=\"font-weight: 400\">Durante la Radio abierta tom\u00f3 la palabra Ana Diasprotti, de la Comisi\u00f3n directiva de UTE y representante del distrito 4\u00ba: <\/span><i><span style=\"font-weight: 400\">\u201cLos distritos 3\u00ba, 4\u00ba y 5\u00ba nos juntamos en esta esquina, pero hay actividades descentralizadas en toda la Ciudad.Todos sabemos que un feriado no se recupera menos en las circunstancias que este feriado se dictamin\u00f3 por el poder ejecutivo nacional. Sabemos que el gobierno de Horacio Larreta y Soledad Acu\u00f1a vienen hostig\u00e1ndonos de diferentes maneras a todos los trabajadorexs de la educaci\u00f3n. No lo vamos a permitir,\u00a0 todo tiene un l\u00edmite. Porque hubo luchas a lo largo de la historia que sirvieron para que los trabajarorxs gan\u00e1ramos derechos, el derecho a las vacaciones pagas, el derecho al aguinaldo, el derecho del s\u00e1bado y el domingo de descanso. Entonces simb\u00f3licamente\u00a0 esto es mucho m\u00e1s fuerte, esto significa avasallar los derechos conquistados hist\u00f3ricamente por los trabajadorxs, derechos que han costado sangre, derecho que han costado huelgas. Este es el inicio de un plan de lucha y seguiremos viendo cual es la medida que tenemos que tomar en plenarios, votando como corresponde en democracia sindical las decisiones que van a tomar trabajadorxs de la educaci\u00f3n.\u201d<\/span><\/i><\/p>\n<p>&nbsp;<\/p>\n<p><span style=\"font-weight: 400\">Tambi\u00e9n plantearon la mirada de los padres de familia por el paro de lxs docentes. Florencia, docente nivel inicial,sala de 5 a\u00f1os, de la escuela infantil N\u00ba 8 expres\u00f3:<\/span><i><span style=\"font-weight: 400\"> \u201cYo les explique a las familias que si nosotros tomamos esta decisi\u00f3n de llamar a un paro, por que nuestro empleador es un Ministerio y no esta en nuestro lugar de trabajo y somos nosotros muchas veces los docentes los puntos de referencia para tomar medidas a nivel de derecho laborales y si estamos ac\u00e1 no dando clases como dicen ellos, es por que no creemos que la educaci\u00f3n sea una mercanc\u00eda creemos en la escuela como una herramienta transformadora de la sociedad\u201d<\/span><\/i><\/p>\n<p><span style=\"font-weight: 400\">\u00a0<\/span><\/p>\n<p><span style=\"font-weight: 400\">La mayor\u00eda de los docentes ocupan dos o tres cargos porque de lo contrario no llegan a fin de mes. Y ahora se extiende a\u00fan m\u00e1s la jornada porque deber\u00edan ir a capacitarse los s\u00e1bados, cuando eso, adem\u00e1s, viola el Estatuto Docente. La formaci\u00f3n docente por alg\u00fan cambio en el \u00e1rea de trabajo debe ser durante la jornada de trabajo, lo que se conoce como \u201cen servicio\u00bb. Los docentes recalcan que la ciudad viene sufriendo 15 a\u00f1os de desfinanciamiento educativo algo que no condice con la alta cantidad de dinero que se destina para\u00a0 marketing. Tambi\u00e9n plantearon la necesidad de que la situaci\u00f3n de infraestructura en que se encuentran todas las escuelas porte\u00f1as se solucionen, <\/span><i><span style=\"font-weight: 400\">\u201ces un derecho de los pibes y pibas poder estudiar en buenas condiciones\u201d<\/span><\/i><span style=\"font-weight: 400\"> recalcaron.<\/span><\/p>\n<p><img loading=\"lazy\" decoding=\"async\" class=\"size-medium wp-image-17543 alignleft\" src=\"http:\/\/fmriachuelo.com.ar\/wp-content\/uploads\/2022\/09\/WhatsApp-Image-2022-09-23-at-7.46.54-AM-300x225.jpeg\" alt=\"\" width=\"300\" height=\"225\" srcset=\"http:\/\/fmriachuelo.it10.com.ar\/wp-content\/uploads\/2022\/09\/WhatsApp-Image-2022-09-23-at-7.46.54-AM-300x225.jpeg 300w, http:\/\/fmriachuelo.it10.com.ar\/wp-content\/uploads\/2022\/09\/WhatsApp-Image-2022-09-23-at-7.46.54-AM-1024x768.jpeg 1024w, http:\/\/fmriachuelo.it10.com.ar\/wp-content\/uploads\/2022\/09\/WhatsApp-Image-2022-09-23-at-7.46.54-AM-768x576.jpeg 768w, http:\/\/fmriachuelo.it10.com.ar\/wp-content\/uploads\/2022\/09\/WhatsApp-Image-2022-09-23-at-7.46.54-AM-1536x1152.jpeg 1536w, http:\/\/fmriachuelo.it10.com.ar\/wp-content\/uploads\/2022\/09\/WhatsApp-Image-2022-09-23-at-7.46.54-AM-750x563.jpeg 750w, http:\/\/fmriachuelo.it10.com.ar\/wp-content\/uploads\/2022\/09\/WhatsApp-Image-2022-09-23-at-7.46.54-AM-1140x855.jpeg 1140w, http:\/\/fmriachuelo.it10.com.ar\/wp-content\/uploads\/2022\/09\/WhatsApp-Image-2022-09-23-at-7.46.54-AM.jpeg 1600w\" sizes=\"auto, (max-width: 300px) 100vw, 300px\" \/><\/p>\n<p><span style=\"font-weight: 400\">Al terminar la jornada se reunieron para la foto final donde la unidad y la fuerza se vio en la calles, unidos en un solo grito \u201clos derechos no se tocan\u201d. Finalizaron cantando \u201cUnidad de los trabajadores, al que no le gusta se jode, se jode\u201d<\/span><\/p>\n<p>&nbsp;<\/p>\n","protected":false},"excerpt":{"rendered":"<p>En el d\u00eda de ayer la comunidad educativa de CABA, realiz\u00f2 varias medidas de fuerza en reclamo al gobierno de la Ciudad de Buenos Aires bajo la Consiga \u00abLa Jornada Laboral docente es de lunes a viernes\u00bb. La actividad se desarroll\u00f3 en el cruce de las Avenidas Martin Garcia y Patricios, Distrito 4\u00ba, realizando una [&hellip;]<\/p>\n","protected":false},"author":5,"featured_media":17544,"comment_status":"closed","ping_status":"closed","sticky":false,"template":"","format":"standard","meta":{"_monsterinsights_skip_tracking":false,"_monsterinsights_sitenote_active":false,"_monsterinsights_sitenote_note":"","_monsterinsights_sitenote_category":0,"jnews-multi-image_gallery":[],"jnews_single_post":{"format":"standard"},"jnews_primary_category":[],"_joinchat":[],"footnotes":""},"categories":[58],"tags":[161,157],"class_list":["post-17541","post","type-post","status-publish","format-standard","has-post-thumbnail","hentry","category-noticiariachuelo","tag-educacion-2","tag-nadie-se-salva-solo"],"_links":{"self":[{"href":"http:\/\/fmriachuelo.it10.com.ar\/index.php\/wp-json\/wp\/v2\/posts\/17541","targetHints":{"allow":["GET"]}}],"collection":[{"href":"http:\/\/fmriachuelo.it10.com.ar\/index.php\/wp-json\/wp\/v2\/posts"}],"about":[{"href":"http:\/\/fmriachuelo.it10.com.ar\/index.php\/wp-json\/wp\/v2\/types\/post"}],"author":[{"embeddable":true,"href":"http:\/\/fmriachuelo.it10.com.ar\/index.php\/wp-json\/wp\/v2\/users\/5"}],"replies":[{"embeddable":true,"href":"http:\/\/fmriachuelo.it10.com.ar\/index.php\/wp-json\/wp\/v2\/comments?post=17541"}],"version-history":[{"count":1,"href":"http:\/\/fmriachuelo.it10.com.ar\/index.php\/wp-json\/wp\/v2\/posts\/17541\/revisions"}],"predecessor-version":[{"id":22141,"href":"http:\/\/fmriachuelo.it10.com.ar\/index.php\/wp-json\/wp\/v2\/posts\/17541\/revisions\/22141"}],"wp:featuredmedia":[{"embeddable":true,"href":"http:\/\/fmriachuelo.it10.com.ar\/index.php\/wp-json\/wp\/v2\/media\/17544"}],"wp:attachment":[{"href":"http:\/\/fmriachuelo.it10.com.ar\/index.php\/wp-json\/wp\/v2\/media?parent=17541"}],"wp:term":[{"taxonomy":"category","embeddable":true,"href":"http:\/\/fmriachuelo.it10.com.ar\/index.php\/wp-json\/wp\/v2\/categories?post=17541"},{"taxonomy":"post_tag","embeddable":true,"href":"http:\/\/fmriachuelo.it10.com.ar\/index.php\/wp-json\/wp\/v2\/tags?post=17541"}],"curies":[{"name":"wp","href":"https:\/\/api.w.org\/{rel}","templated":true}]}}