{"id":1754,"date":"2015-09-22T16:37:00","date_gmt":"2015-09-22T16:37:00","guid":{"rendered":"http:\/\/fmriachuelo.observatorioess.org.ar\/index.php\/2015\/09\/22\/san-martin-de-los-andes-organizaciones-de-habitat-popular-de-la-ctep-se-reunieron\/"},"modified":"2025-06-13T16:26:25","modified_gmt":"2025-06-13T19:26:25","slug":"san-martin-de-los-andes-organizaciones-de-habitat-popular-de-la-ctep-se-reunieron","status":"publish","type":"post","link":"http:\/\/fmriachuelo.it10.com.ar\/index.php\/2015\/09\/22\/san-martin-de-los-andes-organizaciones-de-habitat-popular-de-la-ctep-se-reunieron\/","title":{"rendered":"SAN MART\u00cdN DE LOS ANDES: ORGANIZACIONES DE H\u00c1BITAT POPULAR DE LA CTEP SE REUNIERON"},"content":{"rendered":"<div style=\"clear: both;text-align: justify\"><span style=\"color: red;font-family: Verdana, sans-serif;font-size: large\"><b><span style=\"font-size: large\">H\u00c1BITAT<\/span> POPULAR: LUCHA ORGANIZADA<\/b><\/span><\/div>\n<div style=\"clear: both;text-align: center\"><a href=\"http:\/\/1.bp.blogspot.com\/-Ilp0ei2DOY8\/VgGC956iTmI\/AAAAAAAAGg4\/edOvgByIn28\/s1600\/fotoctepviviendacordillera-300x168.jpg\" style=\"clear: left;float: left;margin-bottom: 1em;margin-right: 1em\"><img loading=\"lazy\" decoding=\"async\" border=\"0\" height=\"111\" src=\"http:\/\/1.bp.blogspot.com\/-Ilp0ei2DOY8\/VgGC956iTmI\/AAAAAAAAGg4\/edOvgByIn28\/s200\/fotoctepviviendacordillera-300x168.jpg\" width=\"200\" \/><\/a><\/div>\n<div style=\"text-align: justify\"><span style=\"font-family: Verdana, sans-serif\"><\/span><\/div>\n<p><span style=\"font-family: Verdana, sans-serif\"><\/span><\/p>\n<div style=\"text-align: justify\"><span style=\"font-family: Verdana, sans-serif\">El pasado s\u00e1bado 12 de septiembre se reuni\u00f3 en San Mart\u00edn de los Andes, la Seccional Cordillerana de la Secretar\u00eda de H\u00e1bitat Popular de la Confederaci\u00f3n de Trabajadores de la Econom\u00eda Popular.<\/span><br \/><a name='more'><\/a><span style=\"font-family: Verdana, sans-serif\">El encuentro cont\u00f3 con la presencia de 50 referentes de experiencias de construcci\u00f3n de h\u00e1bitat popular de la regi\u00f3n. En dicho espacio participaron organizaciones locales como Vecinos sin Techo, la Cooperativa de Vivienda Nehuen Mapu y la Cooperativa Ecolog\u00eda y Habitat. Tambi\u00e9n particip\u00f3 La Pionera Patag\u00f3nica de San Carlos de Bariloche, la Cooperativa de Vivienda Toscas Blancas de Junin de los Andes y los representantes de los 430 adjudicatarios de Villa LaAngostura organizados en la Cooperativa Tierra Libre. Adem\u00e1s estuvieron presentes trabajadores de construcci\u00f3n de las cooperativas de trabajo Cull Rani, Esfuerzo Patag\u00f3nico y Sarmiento.<\/span><\/div>\n<p><span style=\"font-family: Verdana, sans-serif\"><\/span><\/p>\n<div style=\"text-align: justify\"><span style=\"font-family: Verdana, sans-serif\">En el encuentro se trabaj\u00f3 en comisiones para realizar un mapeo y diagn\u00f3stico de la situaci\u00f3n en la regi\u00f3n, compartiendo los conflictos que se est\u00e1n desarrollando, y socializando las pol\u00edticas que se est\u00e1n desplegando desde los gobiernos locales, provinciales y nacionales. Asimismo, se acord\u00f3 la creaci\u00f3n de una unidad de gesti\u00f3n de proyectos regional, que pueda articular con la Secretar\u00eda de H\u00e1bitat Popular de a nivel nacional y la conformaci\u00f3n de un espacio de intercambio de normativas y regulaciones existentes,<\/span><\/div>\n<p><span style=\"font-family: Verdana, sans-serif\"><\/p>\n<div style=\"text-align: justify\">La Secretar\u00eda se volver\u00e1 a reunir durante el mes de octubre en Jun\u00edn de los Andes y durante el mes de noviembre en Bariloche para seguir avanzando en la consolidaci\u00f3n del espacio regional.<\/div>\n<div style=\"text-align: justify\">El encuentro se dio en el marco de la presencia de delegaciones de Habitat Popular de Mar del Plata, Luj\u00e1n, Paran\u00e1 , San Mart\u00edn, M\u00e1ximo Paz y Ciudad de Buenos Aires quienes se encontraban en San Mart\u00edn de los Andes cursando la diplomatura en econom\u00eda popular y organizaci\u00f3n comunitaria que desarrolla la Escuela de Organizaci\u00f3n Comunitaria y Econom\u00eda Popular de la CTEP.<br \/><span style=\"color: #0b5394\"><b><span style=\"font-family: Verdana,sans-serif\"><span style=\"font-size: x-small\">CTEP ARGENTINA\/PRODUCCI\u00d3N RIACHUELO<\/span><\/span><\/b><\/span> <\/div>\n<p><\/span><\/p>\n","protected":false},"excerpt":{"rendered":"<p>H\u00c1BITAT POPULAR: LUCHA ORGANIZADA El pasado s\u00e1bado 12 de septiembre se reuni\u00f3 en San Mart\u00edn de los Andes, la Seccional Cordillerana de la Secretar\u00eda de H\u00e1bitat Popular de la Confederaci\u00f3n de Trabajadores de la Econom\u00eda Popular.El encuentro cont\u00f3 con la presencia de 50 referentes de experiencias de construcci\u00f3n de h\u00e1bitat popular de la regi\u00f3n. En [&hellip;]<\/p>\n","protected":false},"author":4,"featured_media":0,"comment_status":"open","ping_status":"open","sticky":false,"template":"","format":"standard","meta":{"_monsterinsights_skip_tracking":false,"_monsterinsights_sitenote_active":false,"_monsterinsights_sitenote_note":"","_monsterinsights_sitenote_category":0,"jnews-multi-image_gallery":[],"jnews_single_post":{"format":"standard"},"jnews_primary_category":[],"_joinchat":[],"footnotes":""},"categories":[58],"tags":[71,64,147,86],"class_list":["post-1754","post","type-post","status-publish","format-standard","hentry","category-noticiariachuelo","tag-de-la-tierra","tag-economia-popular","tag-habitat","tag-noti-ctep"],"_links":{"self":[{"href":"http:\/\/fmriachuelo.it10.com.ar\/index.php\/wp-json\/wp\/v2\/posts\/1754","targetHints":{"allow":["GET"]}}],"collection":[{"href":"http:\/\/fmriachuelo.it10.com.ar\/index.php\/wp-json\/wp\/v2\/posts"}],"about":[{"href":"http:\/\/fmriachuelo.it10.com.ar\/index.php\/wp-json\/wp\/v2\/types\/post"}],"author":[{"embeddable":true,"href":"http:\/\/fmriachuelo.it10.com.ar\/index.php\/wp-json\/wp\/v2\/users\/4"}],"replies":[{"embeddable":true,"href":"http:\/\/fmriachuelo.it10.com.ar\/index.php\/wp-json\/wp\/v2\/comments?post=1754"}],"version-history":[{"count":1,"href":"http:\/\/fmriachuelo.it10.com.ar\/index.php\/wp-json\/wp\/v2\/posts\/1754\/revisions"}],"predecessor-version":[{"id":24133,"href":"http:\/\/fmriachuelo.it10.com.ar\/index.php\/wp-json\/wp\/v2\/posts\/1754\/revisions\/24133"}],"wp:attachment":[{"href":"http:\/\/fmriachuelo.it10.com.ar\/index.php\/wp-json\/wp\/v2\/media?parent=1754"}],"wp:term":[{"taxonomy":"category","embeddable":true,"href":"http:\/\/fmriachuelo.it10.com.ar\/index.php\/wp-json\/wp\/v2\/categories?post=1754"},{"taxonomy":"post_tag","embeddable":true,"href":"http:\/\/fmriachuelo.it10.com.ar\/index.php\/wp-json\/wp\/v2\/tags?post=1754"}],"curies":[{"name":"wp","href":"https:\/\/api.w.org\/{rel}","templated":true}]}}