{"id":1753,"date":"2015-09-22T16:46:00","date_gmt":"2015-09-22T16:46:00","guid":{"rendered":"http:\/\/fmriachuelo.observatorioess.org.ar\/index.php\/2015\/09\/22\/la-boca-organizaciones-territoriales-se-pronuncian-contra-la-privatizacion-de-las-tierras-publicas-de-casa-amarilla\/"},"modified":"2025-06-13T16:28:25","modified_gmt":"2025-06-13T19:28:25","slug":"la-boca-organizaciones-territoriales-se-pronuncian-contra-la-privatizacion-de-las-tierras-publicas-de-casa-amarilla","status":"publish","type":"post","link":"http:\/\/fmriachuelo.it10.com.ar\/index.php\/2015\/09\/22\/la-boca-organizaciones-territoriales-se-pronuncian-contra-la-privatizacion-de-las-tierras-publicas-de-casa-amarilla\/","title":{"rendered":"LA BOCA: ORGANIZACIONES TERRITORIALES SE PRONUNCIAN CONTRA LA PRIVATIZACI\u00d3N DE LAS TIERRAS P\u00daBLICAS DE CASA AMARILLA"},"content":{"rendered":"<p><span style=\"font-family: Verdana, sans-serif\"><span style=\"color: black;text-align: start\"><span style=\"color: red;font-size: large\"><b>ESPACIO P\u00daBLICO: NEGOCIOS PRIVADOS<\/b><\/span><\/span><\/span><span style=\"font-family: Verdana, sans-serif\"><span style=\"color: black;text-align: start\"><\/span><\/span><a href=\"http:\/\/2.bp.blogspot.com\/-4j2vc0R6f58\/VgGEqVN4bzI\/AAAAAAAAGhE\/hj1ippFL9yI\/s1600\/ENCABEZADO%2B2.jpg\" style=\"clear: left;float: left;margin-bottom: 1em;margin-right: 1em\"><img loading=\"lazy\" decoding=\"async\" border=\"0\" height=\"73\" src=\"http:\/\/2.bp.blogspot.com\/-4j2vc0R6f58\/VgGEqVN4bzI\/AAAAAAAAGhE\/hj1ippFL9yI\/s320\/ENCABEZADO%2B2.jpg\" width=\"320\" \/><\/a><br \/><span style=\"font-family: Verdana, sans-serif\"><span style=\"color: black;text-align: start\">La Co.Vi.L.Pi. como parte de \u00abLa Boca Resiste y Propone\u00bb y del \u00abGrupo de Vivienda y H\u00e1bitat de La Boca\u00bb, se suma al rechazo y difunde el comunicado de las organizaciones y vecinos integrantes de ambos espacios:&nbsp;<\/span><\/span><br \/><span style=\"color: #38761d;font-family: Verdana, sans-serif\"><\/span><\/p>\n<div style=\"text-align: left\"><span style=\"color: #38761d;font-family: Verdana, sans-serif\"><b>LOS TERRENOS DE CASA AMARILLA DEBEN SER DESTINADOS A VIVIENDA<\/b><\/span><\/div>\n<p><span style=\"color: #38761d;font-family: Verdana, sans-serif\"><\/span><span style=\"color: #38761d;font-family: Verdana, sans-serif\"><b><\/p>\n<div style=\"text-align: center\">\n<div>\n<div><b><b><b>NO A LA VENTA DE TIERRAS P\u00daBLICAS AL CLUB BOCA JRS<\/b><\/b><\/b><br \/><a name='more'><\/a><\/div>\n<\/div>\n<\/div>\n<p><\/b><\/span><span style=\"font-family: Verdana, sans-serif\"><\/p>\n<div style=\"text-align: justify\">Vecinos, trabajadores y militantes de organizaciones sociales, culturales y pol\u00edticas del barrio de La Boca manifestamos nuestro profundo rechazo a la intenci\u00f3n del Gobierno de la Ciudad de Buenos Aires de venderle al Club Boca Juniors las tierras de Casa Amarilla y reclamamos que esos terrenos sean destinados a la construcci\u00f3n de viviendas sociales, para paliar el d\u00e9ficit habitacional de los vecinos de La Boca, tal como estaba previsto.<\/div>\n<div style=\"text-align: justify\"><\/div>\n<div style=\"text-align: justify\">El barrio de La Boca atraviesa una profunda crisis habitacional y un evidente proceso de expulsi\u00f3n de sus hist\u00f3ricos habitantes, producto de la pol\u00edtica oficial del PRO que bajo la mentira del \u201cdesarrollo del sur\u201d da v\u00eda libre al avance del mercado inmobiliario al que, incluso, promueve a trav\u00e9s de beneficios impositivos y financieros otorgados por el \u201cDistrito de las Artes\u201d.<\/div>\n<div style=\"text-align: justify\">De esta manera, los desalojos expr\u00e9s se multiplican en el barrio, cientos de familias no logran conseguir un nuevo techo en la zona y decenas de terrenos quedan disponibles para el negocio de unos pocos. Como si fuera poco, los incendios en conventillos siguen llev\u00e1ndose vidas de pibes sin que el Estado mueva un s\u00f3lo dedo para evitarlo.&nbsp;<\/div>\n<div style=\"text-align: justify\"><\/div>\n<div style=\"text-align: justify\">Esa b\u00fasqueda de parte de la gesti\u00f3n PRO de convertir a La Boca en la continuaci\u00f3n de Puerto Madero, coincide con el proyecto del club que preside Daniel Angelici que, aunque tambi\u00e9n habla de \u201cDesarrollo y Mejoramiento Urbano\u201d, su objetivo es lisa y llanamente adquirir a precios irrisorios miles de metros cuadrados para instalar espacios en los cuales los vecinos jam\u00e1s son incluidos, como qued\u00f3 demostrado cuando se le otorgaron tierras linderas a estas y cada vez que el club cierra sus puertas y sus actividades d\u00e1ndole la espalda al barrio.&nbsp;<\/div>\n<div style=\"text-align: justify\"><\/div>\n<div style=\"text-align: justify\">De hecho, el proyecto presentado ante la Corporaci\u00f3n del Sur habla de la \u00abnecesidad de cubrir de usos\u00bb los terrenos de Casa Amarilla conocidos como \u00ablos campitos\u00bb por considerarlos \u00abun espacio muerto dentro del tejido urbano, desolados, carentes de uso y atrayentes de hechos delictivos\u00bb, lo que demuestra no s\u00f3lo un total desconocimiento de las actividades deportivas y recreativas que desarrollan cotidianamente los vecinos en dichos espacios, sino tambi\u00e9n la estigmatizaci\u00f3n de los dirigentes del Club Boca hacia los propios habitantes del barrio.<\/div>\n<div style=\"text-align: justify\"><\/div>\n<div style=\"text-align: justify\">Por otra parte, el plan de pago que Boca Juniors le propuso a la Corporaci\u00f3n, y que este organismo aprob\u00f3 en tiempo r\u00e9cord para darle intervenci\u00f3n al Ministerio de Desarrollo Econ\u00f3mico porte\u00f1o, tiene mayores beneficios que los cr\u00e9ditos hipotecarios que el propio Banco Ciudad ofrece a los porte\u00f1os. Una tasa de 18% fija anual (la del banco es fija por s\u00f3lo un a\u00f1o), 3 a\u00f1os de gracia, cuotas semestrales y un adelanto de s\u00f3lo el 5% del monto total de la compra, se contraponen con lo que, por ejemplo, una persona debe desembolsar para adquirir una vivienda en los edificios que est\u00e1n junto a los terrenos y que fueron construidos por el mismo Estado porte\u00f1o: el adelanto para ingresar es del 7,5%.<\/div>\n<div style=\"text-align: justify\"><\/div>\n<div style=\"text-align: justify\">Adem\u00e1s, no hay que olvidar que el verdadero inter\u00e9s que tiene la dirigencia del Club Boca Juniors sobre estas tierras es el de construir un nuevo estadio-shopping, proyecto que viene desde hace a\u00f1os, que atenta contra el desarrollo de un ambiente sustentable y aumenta el estado de emergencia habitacional del barrio. Vecinos de La Boca y los propios simpatizantes del club ya se manifestaron en contra de la iniciativa cuando el legislador PRO y vicepresidente de Boca, Oscar Moscariello, lo intent\u00f3 imponer en la Legislatura.<\/div>\n<div style=\"text-align: justify\"><\/div>\n<div style=\"text-align: justify\">Por todo esto, exigimos al Estado de la Ciudad que utilice los terrenos de Casa Amarilla para construir viviendas y espacios p\u00fablicos de deporte y recreaci\u00f3n \u2013pr\u00e1cticamente nulos en el barrio- destinados a los vecinos de La Boca.<\/div>\n<div style=\"text-align: justify\"><\/div>\n<div style=\"text-align: justify\"><b>Vecinos, vecinas, trabajadores, trabajadoras y militantes de organizaciones sociales, culturales y pol\u00edticas agrupados en:<\/b><\/div>\n<div style=\"text-align: justify\"><b>La Boca Resiste y Propone<\/b><\/div>\n<div style=\"text-align: justify\"><b>Grupo de Vivienda y H\u00e1bitat de La Boca<\/b><br \/><span style=\"color: #0b5394\"><b><span style=\"font-family: Verdana,sans-serif\"><span style=\"font-size: x-small\">PRODUCCI\u00d3N RIACHUELO<\/span><\/span><\/b><\/span><\/div>\n<p><\/span><\/p>\n","protected":false},"excerpt":{"rendered":"<p>ESPACIO P\u00daBLICO: NEGOCIOS PRIVADOSLa Co.Vi.L.Pi. como parte de \u00abLa Boca Resiste y Propone\u00bb y del \u00abGrupo de Vivienda y H\u00e1bitat de La Boca\u00bb, se suma al rechazo y difunde el comunicado de las organizaciones y vecinos integrantes de ambos espacios:&nbsp; LOS TERRENOS DE CASA AMARILLA DEBEN SER DESTINADOS A VIVIENDA NO A LA VENTA DE [&hellip;]<\/p>\n","protected":false},"author":4,"featured_media":0,"comment_status":"open","ping_status":"open","sticky":false,"template":"","format":"standard","meta":{"_monsterinsights_skip_tracking":false,"_monsterinsights_sitenote_active":false,"_monsterinsights_sitenote_note":"","_monsterinsights_sitenote_category":0,"jnews-multi-image_gallery":[],"jnews_single_post":{"format":"standard"},"jnews_primary_category":[],"_joinchat":[],"footnotes":""},"categories":[58],"tags":[64,147],"class_list":["post-1753","post","type-post","status-publish","format-standard","hentry","category-noticiariachuelo","tag-economia-popular","tag-habitat"],"_links":{"self":[{"href":"http:\/\/fmriachuelo.it10.com.ar\/index.php\/wp-json\/wp\/v2\/posts\/1753","targetHints":{"allow":["GET"]}}],"collection":[{"href":"http:\/\/fmriachuelo.it10.com.ar\/index.php\/wp-json\/wp\/v2\/posts"}],"about":[{"href":"http:\/\/fmriachuelo.it10.com.ar\/index.php\/wp-json\/wp\/v2\/types\/post"}],"author":[{"embeddable":true,"href":"http:\/\/fmriachuelo.it10.com.ar\/index.php\/wp-json\/wp\/v2\/users\/4"}],"replies":[{"embeddable":true,"href":"http:\/\/fmriachuelo.it10.com.ar\/index.php\/wp-json\/wp\/v2\/comments?post=1753"}],"version-history":[{"count":1,"href":"http:\/\/fmriachuelo.it10.com.ar\/index.php\/wp-json\/wp\/v2\/posts\/1753\/revisions"}],"predecessor-version":[{"id":24135,"href":"http:\/\/fmriachuelo.it10.com.ar\/index.php\/wp-json\/wp\/v2\/posts\/1753\/revisions\/24135"}],"wp:attachment":[{"href":"http:\/\/fmriachuelo.it10.com.ar\/index.php\/wp-json\/wp\/v2\/media?parent=1753"}],"wp:term":[{"taxonomy":"category","embeddable":true,"href":"http:\/\/fmriachuelo.it10.com.ar\/index.php\/wp-json\/wp\/v2\/categories?post=1753"},{"taxonomy":"post_tag","embeddable":true,"href":"http:\/\/fmriachuelo.it10.com.ar\/index.php\/wp-json\/wp\/v2\/tags?post=1753"}],"curies":[{"name":"wp","href":"https:\/\/api.w.org\/{rel}","templated":true}]}}