{"id":1751,"date":"2015-09-22T17:49:00","date_gmt":"2015-09-22T17:49:00","guid":{"rendered":"http:\/\/fmriachuelo.observatorioess.org.ar\/index.php\/2015\/09\/22\/santiago-del-estero-continuan-los-desalojos-violentos-en-el-campo\/"},"modified":"2025-06-13T16:32:18","modified_gmt":"2025-06-13T19:32:18","slug":"santiago-del-estero-continuan-los-desalojos-violentos-en-el-campo","status":"publish","type":"post","link":"http:\/\/fmriachuelo.it10.com.ar\/index.php\/2015\/09\/22\/santiago-del-estero-continuan-los-desalojos-violentos-en-el-campo\/","title":{"rendered":"SANTIAGO DEL ESTERO: CONTIN\u00daAN LOS DESALOJOS VIOLENTOS EN EL CAMPO"},"content":{"rendered":"<div><span style=\"font-family: Verdana, sans-serif\"><span style=\"color: red;font-size: large\"><b>DISPUTA POR LA TIERRA &nbsp;<\/b><\/span><\/span><\/div>\n<div><span style=\"font-family: Verdana, sans-serif\">INJUSTICIA<\/span><\/p>\n<div style=\"clear: both;text-align: center\"><span style=\"font-family: Verdana, sans-serif\"><a href=\"http:\/\/3.bp.blogspot.com\/-4pUfNUouEBo\/VgGULit26XI\/AAAAAAAAGho\/MAC_4MSSVO0\/s1600\/acinalucha.jpg\" style=\"clear: left;float: left;margin-bottom: 1em;margin-right: 1em\"><img loading=\"lazy\" decoding=\"async\" border=\"0\" height=\"195\" src=\"http:\/\/3.bp.blogspot.com\/-4pUfNUouEBo\/VgGULit26XI\/AAAAAAAAGho\/MAC_4MSSVO0\/s200\/acinalucha.jpg\" width=\"200\" \/><\/a><\/span><\/div>\n<p><span style=\"font-family: Verdana, sans-serif\"><\/span><\/p>\n<div><span style=\"font-family: Verdana, sans-serif;text-align: justify\">En el paraje El Rosario Dpto. Figueroa, a 150km de la cuidad capital, el d\u00eda mi\u00e9rcoles 09 de septiembre la familia \u00c1lvarez sufri\u00f3 un violento intento de desalojo, dictado por el Juez Civil de Paz Letrado de 2\u00aa Nominaci\u00f3n Dr. R\u00f3mulo Rava. Polic\u00edas, oficiales de justicias, civiles y abogado fueron los autores de este hecho de violencia.<\/span><br \/><a name='more'><\/a><\/div>\n<div style=\"text-align: justify\"><span style=\"font-family: Verdana, sans-serif\"><\/span><\/div>\n<p><span style=\"font-family: Verdana, sans-serif\"><\/span><\/p>\n<div style=\"text-align: justify\"><span style=\"font-family: Verdana, sans-serif\">\u201cMis hijos, no comieron.. no van a la escuela desde ese d\u00eda por que est\u00e1n atemorizados\u2026 porque tienen miedo que vuelvan\u2026 vamos a seguir resistiendo\u201d expresiones de Cecilia \u00c1lvarez.<\/span><\/div>\n<p><span style=\"font-family: Verdana, sans-serif\"><\/p>\n<div style=\"text-align: justify\">En horas de la ma\u00f1ana, mientras solo se encontraban menores en la casa principal de la familia \u00c1lvarez se presentaron seis polic\u00edas uniformados portando armas, la oficial de justicia Roxana Cejas, el oficial de justicia jubilado Julio Ordo\u00f1ez, cinco personas de civil y el Dr. Diego Javier Carranza, quienes le informaron a los ni\u00f1os que iban a desalojar y comenzaron a sacar sus pertenencias hacia fuera de la casa.<\/div>\n<div style=\"text-align: justify\"><\/div>\n<div style=\"text-align: justify\">A la llegada del Sr. Carlos \u00c1lvarez, poseedor nacido y criado en ese campo, quien regresaba de buscar unas cabras perdidas, se encontr\u00f3 con esa escena en su vivienda, los polic\u00edas amenazaron con esposarlo y llevarlo detenido si se opon\u00eda. Comenzaron a llegar el resto de la familia, la Sra. Cecilia \u00c1lvarez de \u00c1lvarez, esposa de don Carlos, y otros hijos a quienes tampoco dejaron acercar a la casa bajo amenazas.<\/div>\n<div style=\"text-align: justify\"><\/div>\n<div style=\"text-align: justify\">Despu\u00e9s de sacar sus pertenec\u00eda comenzaron a destrozar la vivienda a mazazos polic\u00edas, civiles y oficial de justicia, quedando solo en pie el techo del rancho ante la mirada de toda la familia.<\/div>\n<div style=\"text-align: justify\">Esto sucedi\u00f3 en la casa principal de la familia donde habita Carlos \u00c1lvarez, Cecilia \u00c1lvarez de \u00c1lvarez (esposa), y ocho hijos de los cuales seis son menores de edad. En otra casa del campo vive Crecencio \u00c1lvarez (hijo) mayor de edad con su esposa e hijo de dos meses, a quienes intimaron a dejar la vivienda en siete d\u00edas.<\/div>\n<div style=\"clear: both;text-align: center\"><a href=\"http:\/\/3.bp.blogspot.com\/-9yMGGN_o-dU\/VgGRveDDEvI\/AAAAAAAAGhg\/nOZETqjdJwg\/s1600\/policc3adas-sin-identificaciones.jpg\" style=\"clear: left;float: left;margin-bottom: 1em;margin-right: 1em\"><img loading=\"lazy\" decoding=\"async\" border=\"0\" height=\"191\" src=\"http:\/\/3.bp.blogspot.com\/-9yMGGN_o-dU\/VgGRveDDEvI\/AAAAAAAAGhg\/nOZETqjdJwg\/s320\/policc3adas-sin-identificaciones.jpg\" width=\"320\" \/><\/a><\/div>\n<div style=\"text-align: justify\">Quienes pretenden el lote Ricardo Luna y su esposa Adelma Ju\u00e1rez, esta \u00faltima fue maestra durante 25 a\u00f1os en un paraje vecino a 4km, viven en la ciudad capital de Santiago del Estero, nunca vivieron en el lote de la familia \u00c1lvarez.<\/div>\n<div style=\"text-align: justify\"><\/div>\n<div style=\"text-align: justify\">El Abogado de Luna y Ju\u00e1rez, el Dr. Diego Javier Carranza, trabaja actualmente en la Subnaf (Subsecretaria de Ni\u00f1ez, Adolescencia y Familia) el mismo que dejo sin casa a 6 menores de la familia \u00c1lvarez, con episodios de miedo de los ni\u00f1os\/as desde ese d\u00eda a la fecha.<\/div>\n<div style=\"text-align: justify\"><\/div>\n<div style=\"text-align: justify\">El personal policial que intervino en el hecho no quiso identificarse ante miembros de la familia que se los solicitaron y no llevaba distintivos. Seg\u00fan expreso la misma oficial de justicia los polic\u00edas fueron pagados, a pesar de la existencia de una circular que proh\u00edbe el cobro de adicionales en conflictos de tierra. Ejercieron abuso de autoridad, maltrato, da\u00f1os materiales y violencia contra la familia.<\/div>\n<div style=\"text-align: justify\"><\/div>\n<div style=\"text-align: justify\">Adem\u00e1s de toda la violencia sufrida, la familia fue v\u00edctima del robo de una notebook, celulares, documentaci\u00f3n personal, herramientas de trabajo y dinero en efectivo.<\/div>\n<div style=\"text-align: justify\">La destrucci\u00f3n de la mayor\u00eda de los muebles, camas, placares, sillas, puertas, utensilios.<\/div>\n<div style=\"text-align: justify\">La intenci\u00f3n final era incendiar lo que quedaba de la vivienda, seg\u00fan expresiones de quienes llevaron a cabo semejante delito.<\/div>\n<div style=\"text-align: justify\">El Comit\u00e9 de Emergencia, llego en horas de la siesta por solicitud de las familias quienes constataron la situaci\u00f3n.<\/div>\n<div style=\"text-align: justify\">La familia \u00c1lvarez poseedora del lugar se dedica a la cr\u00eda de animales: cabras, chanchos, animales de granja, yeguarizos. Cuentan con cerco, represa, corrales. Una vida dedicada a la producci\u00f3n y comercializaci\u00f3n de alimentos.<\/div>\n<div style=\"text-align: justify\"><\/div>\n<div style=\"text-align: justify\">Desde el Movimiento Campesino EXIGIMOS la intervenci\u00f3n urgente de los organismos que correspondan para garantizar la seguridad f\u00edsica, psicol\u00f3gica y de los bienes de la familia en su campo.<\/div>\n<div style=\"text-align: justify\">Que sean expulsados de la fuerza todos los polic\u00edas intervinientes, por cobrar adicionales ilegales, amenazas, destrucci\u00f3n de vivienda, abuso de autoridad.<\/div>\n<div style=\"text-align: justify\">Que se despida de la Subnaf al Dr. Diego Javier Carranza, quien no puede seguir formando parte de ese organismo, ya que fue participe de toda la violencia llevada a cabo violando claros derechos de los ni\u00f1os\/as de la familia.<\/div>\n<div style=\"text-align: justify\"><\/div>\n<div style=\"text-align: justify\">Repudiamos el accionar arbitrario de la justicia nuevamente contra las familias campesinas e ind\u00edgenas.<\/div>\n<div style=\"text-align: justify\">\u201cSeguiremos resistiendo en nuestros territorios. Ni un metro m\u00e1s, por el derecho a la tierra\u201d<\/div>\n<div style=\"text-align: justify\"><\/div>\n<div style=\"text-align: justify\"><span style=\"color: red\"><b>MOVIMIENTO CAMPESINO DE SANTIAGO DEL ESTERO<\/b><\/span><\/div>\n<div style=\"text-align: justify\"><span style=\"color: red\"><b>MESA PROVINCIAL DE TIERRA DE SANTIAGO DEL ESTERO<\/b><\/span><\/div>\n<div style=\"text-align: justify\"><span style=\"font-size: x-small\"><b>Tel. de Contactos<\/b><\/span><\/div>\n<div style=\"text-align: justify\"><span style=\"font-size: x-small\"><b>0384515410190\/\/ 03856973991\/\/<\/b><\/span><\/div>\n<div style=\"text-align: justify\"><\/div>\n<div style=\"text-align: justify\"><span style=\"color: #0b5394\"><b><span style=\"font-family: Verdana,sans-serif\"><span style=\"font-size: x-small\"><a href=\"http:\/\/www.asambleacampesina.wordpress.com\/2015\/09\/18\/siguen-los-desalojos-violentos-en-el-campo-santiagueno-contra-familias-campesinas\/\">ACINA<\/a>\/PRODUCCI\u00d3N RIACHUELO<\/span><\/span><\/b><\/span><\/div>\n<p><\/span><\/div>\n","protected":false},"excerpt":{"rendered":"<p>DISPUTA POR LA TIERRA &nbsp; INJUSTICIA En el paraje El Rosario Dpto. Figueroa, a 150km de la cuidad capital, el d\u00eda mi\u00e9rcoles 09 de septiembre la familia \u00c1lvarez sufri\u00f3 un violento intento de desalojo, dictado por el Juez Civil de Paz Letrado de 2\u00aa Nominaci\u00f3n Dr. R\u00f3mulo Rava. Polic\u00edas, oficiales de justicias, civiles y abogado [&hellip;]<\/p>\n","protected":false},"author":4,"featured_media":0,"comment_status":"open","ping_status":"open","sticky":false,"template":"","format":"standard","meta":{"_monsterinsights_skip_tracking":false,"_monsterinsights_sitenote_active":false,"_monsterinsights_sitenote_note":"","_monsterinsights_sitenote_category":0,"jnews-multi-image_gallery":[],"jnews_single_post":{"format":"standard"},"jnews_primary_category":[],"_joinchat":[],"footnotes":""},"categories":[58],"tags":[71,89],"class_list":["post-1751","post","type-post","status-publish","format-standard","hentry","category-noticiariachuelo","tag-de-la-tierra","tag-violencia-institucional"],"_links":{"self":[{"href":"http:\/\/fmriachuelo.it10.com.ar\/index.php\/wp-json\/wp\/v2\/posts\/1751","targetHints":{"allow":["GET"]}}],"collection":[{"href":"http:\/\/fmriachuelo.it10.com.ar\/index.php\/wp-json\/wp\/v2\/posts"}],"about":[{"href":"http:\/\/fmriachuelo.it10.com.ar\/index.php\/wp-json\/wp\/v2\/types\/post"}],"author":[{"embeddable":true,"href":"http:\/\/fmriachuelo.it10.com.ar\/index.php\/wp-json\/wp\/v2\/users\/4"}],"replies":[{"embeddable":true,"href":"http:\/\/fmriachuelo.it10.com.ar\/index.php\/wp-json\/wp\/v2\/comments?post=1751"}],"version-history":[{"count":1,"href":"http:\/\/fmriachuelo.it10.com.ar\/index.php\/wp-json\/wp\/v2\/posts\/1751\/revisions"}],"predecessor-version":[{"id":24138,"href":"http:\/\/fmriachuelo.it10.com.ar\/index.php\/wp-json\/wp\/v2\/posts\/1751\/revisions\/24138"}],"wp:attachment":[{"href":"http:\/\/fmriachuelo.it10.com.ar\/index.php\/wp-json\/wp\/v2\/media?parent=1751"}],"wp:term":[{"taxonomy":"category","embeddable":true,"href":"http:\/\/fmriachuelo.it10.com.ar\/index.php\/wp-json\/wp\/v2\/categories?post=1751"},{"taxonomy":"post_tag","embeddable":true,"href":"http:\/\/fmriachuelo.it10.com.ar\/index.php\/wp-json\/wp\/v2\/tags?post=1751"}],"curies":[{"name":"wp","href":"https:\/\/api.w.org\/{rel}","templated":true}]}}