{"id":1747,"date":"2015-09-23T07:30:00","date_gmt":"2015-09-23T07:30:00","guid":{"rendered":"http:\/\/fmriachuelo.observatorioess.org.ar\/index.php\/2015\/09\/23\/venezuela-y-colombia-logran-acuerdos-para-regularizar-las-relaciones\/"},"modified":"2025-06-13T16:40:44","modified_gmt":"2025-06-13T19:40:44","slug":"venezuela-y-colombia-logran-acuerdos-para-regularizar-las-relaciones","status":"publish","type":"post","link":"http:\/\/fmriachuelo.it10.com.ar\/index.php\/2015\/09\/23\/venezuela-y-colombia-logran-acuerdos-para-regularizar-las-relaciones\/","title":{"rendered":"VENEZUELA Y COLOMBIA: LOGRAN ACUERDOS PARA REGULARIZAR LAS RELACIONES"},"content":{"rendered":"<p><span style=\"font-family: Verdana,sans-serif\"><span style=\"font-size: large\"><span style=\"color: red\"><b> EN TR\u00c1NSITO<\/b><\/span><\/span><\/span><\/p>\n<div style=\"clear: both;text-align: center\"><a href=\"http:\/\/1.bp.blogspot.com\/-pmOm8dRkSrk\/VgGeAoA7UzI\/AAAAAAAAGiI\/KB0mB_d1NvE\/s1600\/los_4_en_rueda_de_prensa_quito__ecuador.jpg\" style=\"clear: left;float: left;margin-bottom: 1em;margin-right: 1em\"><img loading=\"lazy\" decoding=\"async\" border=\"0\" height=\"138\" src=\"http:\/\/1.bp.blogspot.com\/-pmOm8dRkSrk\/VgGeAoA7UzI\/AAAAAAAAGiI\/KB0mB_d1NvE\/s200\/los_4_en_rueda_de_prensa_quito__ecuador.jpg\" width=\"200\" \/><\/a><\/div>\n<div style=\"text-align: justify\"><span style=\"font-family: Verdana, sans-serif\">[Resumen Latinoamericano\/AVN, 21 de septiembre de 2015] Tras una reuni\u00f3n de cinco horas en la capital de Ecuador, los gobiernos de Venezuela y Colombia acordaron una hoja de ruta para normalizar las relaciones que empezar\u00e1 con el retorno inmediato de sus respectivos embajadores.<\/span><br \/><a name='more'><\/a><\/div>\n<p><span style=\"font-family: Verdana, sans-serif\"><\/span><\/p>\n<div style=\"text-align: justify\"><span style=\"font-family: Verdana, sans-serif\"><\/span><\/div>\n<p><span style=\"font-family: Verdana, sans-serif\"><\/span><\/p>\n<div style=\"text-align: justify\"><span style=\"font-family: Verdana, sans-serif\">El mandatario de Ecuador, Rafael Correa, junto a sus hom\u00f3logos de Venezuela, Nicol\u00e1s Maduro; de Colombia, Juan Manuel Santos; y de Uruguay, Tabar\u00e9 V\u00e1squez, ley\u00f3 la declaraci\u00f3n suscrita por Caracas y Bogot\u00e1 luego de comprometerse a resolver los problemas en la frontera com\u00fan, sobre la base del respeto mutuo y el derecho internacional.<\/span><\/div>\n<p><span style=\"font-family: Verdana, sans-serif\"><\/p>\n<div style=\"text-align: justify\"><\/div>\n<div style=\"text-align: justify\">La agenda de siete puntos contempla, adem\u00e1s del retorno de los embajadores, el impulso progresivo de la normalizaci\u00f3n de la frontera, la promoci\u00f3n de una coexistencia arm\u00f3nica entre los modelos econ\u00f3micos, pol\u00edticos y sociales de cada pa\u00eds, as\u00ed como un llamado a la hermandad y la unidad.<\/div>\n<div style=\"text-align: justify\"><\/div>\n<div style=\"text-align: justify\">Ambos gobiernos tambi\u00e9n se comprometieron a realizar una investigaci\u00f3n de la situaci\u00f3n de la frontera colombo-venezolana, con el acompa\u00f1amiento de las delegaciones de Ecuador y Uruguay, como representantes prot\u00e9mpore de la Comunidad de Estados Latinoamericanos y Caribe\u00f1os (Celac) y de la Uni\u00f3n de Naciones Suramericanas (Unasur), respectivamente.<\/div>\n<div style=\"text-align: justify\"><\/div>\n<div style=\"text-align: justify\">Para avanzar en este particular, los gabinetes de ambos pa\u00edses se reunir\u00e1n este mi\u00e9rcoles en Caracas para tratar los temas sensibles en una frontera com\u00fan que abarca 2.119 kil\u00f3metros.<\/div>\n<div style=\"text-align: justify\"><\/div>\n<div style=\"text-align: justify\">Luego de le\u00edda la declaraci\u00f3n, el presidente Maduro ratific\u00f3 que la postura de Venezuela es la apuesta al di\u00e1logo para resolver cualquier diferencia: \u201cHemos demostrado que con voluntad pol\u00edtica s\u00ed se puede\u201d.<\/div>\n<div style=\"text-align: justify\"><\/div>\n<div style=\"text-align: justify\">\u201cS\u00f3lo con la cooperaci\u00f3n de ambos pa\u00edses lo superaremos\u201d, dijo. El mandatario venezolano agradeci\u00f3 a su par colombiano por asistir al di\u00e1logo y reiter\u00f3 que en la relaci\u00f3n con Bogot\u00e1 \u201cno existe cabida para el odio, para la intolerancia sino espacio para la hermandad\u201d.<\/div>\n<div style=\"text-align: justify\"><\/div>\n<div style=\"text-align: justify\">Santos, por su parte, ponder\u00f3 positivamente el encuentro: \u201cFue un di\u00e1logo respetuoso, sereno y productivo\u201d.<\/div>\n<div style=\"text-align: justify\"><\/div>\n<div style=\"text-align: justify\">El jefe de Estado colombiano asegur\u00f3 que su gobierno est\u00e1 \u201cmuy comprometido\u201d con el \u00e9xito de los grupos de trabajo binacionales que abordar\u00e1n los temas de seguridad en la zona fronteriza, azotada actualmente por la violencia y el contrabando.<\/div>\n<div style=\"text-align: justify\"><\/div>\n<div style=\"text-align: justify\">\u201cNuestro supuesto com\u00fan es llevar bienestar a los habitantes de la frontera y s\u00f3lo trabajando juntos y respetando las diferencias es que lo podemos lograr\u201d, dijo Santos, quien agradeci\u00f3 las gestiones de mediaci\u00f3n emprendidas por Uruguay y Ecuador para lograr la reuni\u00f3n.<\/div>\n<div style=\"text-align: justify\"><\/div>\n<div style=\"text-align: justify\">Al t\u00e9rmino del encuentro, el presidente uruguayo manifest\u00f3 su satisfacci\u00f3n por los resultados alcanzados y consider\u00f3 que la superaci\u00f3n del impasse entre Miraflores y Nari\u00f1o, no s\u00f3lo beneficia a los pueblos hermanos sino \u201ca todos los pa\u00edses que integramos la Unasur\u201d.<\/div>\n<div style=\"text-align: justify\"><\/div>\n<div style=\"text-align: justify\">\u201cNos vamos reconfortados del trabajo y la reuni\u00f3n que mantuvimos en la tarde de hoy en la que hemos logrado metas objetivos muy importantes\u201d, dijo V\u00e1squez.<\/div>\n<div style=\"text-align: justify\"><\/div>\n<div style=\"text-align: justify\"><b>Iniciar nuevo tiempo<\/b><\/div>\n<div style=\"text-align: justify\"><\/div>\n<div style=\"text-align: justify\">El pasado 19 de agosto, tras un ataque del paramilitarismo colombiano en el que resultaron heridos tres efectivos de la Fuerza Armada Nacional Bolivariana (FANB), Venezuela tom\u00f3 acciones soberanas en el estado T\u00e1chira, medidas que posteriormente fueron extendidas a otras entidades lim\u00edtrofes con Colombia como Zulia y Apure.<\/div>\n<div style=\"text-align: justify\"><\/div>\n<div style=\"text-align: justify\">Estas acciones soberanas van dirigidas a fortalecer la lucha contra el contrabando de extracci\u00f3n de alimentos hacia la naci\u00f3n neogranadina, as\u00ed como contra el narcotr\u00e1fico.<\/div>\n<div style=\"text-align: justify\"><\/div>\n<div style=\"text-align: justify\">La petici\u00f3n de Caracas fue acordar medidas conjuntas con Bogot\u00e1, mediante el di\u00e1logo bilateral, en contra del flagelo de la violencia y el contrabando de extracci\u00f3n, as\u00ed como acciones para erradicar el ataque econ\u00f3mico que se perpetra contra el bol\u00edvar en las casas de cambio que operan en el lado colombiano.<\/div>\n<div style=\"text-align: justify\"><\/div>\n<div style=\"text-align: justify\">Sin embargo, no fue hasta la mediaci\u00f3n de Ecuador y Uruguay que se consolid\u00f3 la fecha y el lugar para el encuentro.<\/div>\n<div style=\"text-align: justify\"><\/div>\n<div style=\"text-align: justify\">Esta tarde, a su llegada a Quito, Maduro adelant\u00f3 que su deseo era que la reuni\u00f3n permitiera \u201ciniciar un nuevo tiempo de relaciones con Colombia, con su gobierno, con toda la sociedad. Iniciar un nuevo tiempo de respeto, de cooperaci\u00f3n, de beneficio mutuo, de paz, de convivencia, de coexistencia\u201d.<\/div>\n<div style=\"text-align: justify\"><\/div>\n<div style=\"text-align: justify\">Por su parte, el mandatario colombiano dijo el domingo en su cuenta de Twitter que viajaba a Ecuador para la reuni\u00f3n \u201ccon las mejores intenciones pero sin grandes expectativas\u201d.<\/div>\n<div style=\"text-align: justify\"><\/div>\n<div style=\"text-align: justify\"><span style=\"font-family: Verdana, sans-serif\"><\/span><br \/><span style=\"font-family: Verdana, sans-serif\"><span style=\"font-size: x-small\"><span style=\"color: #0b5394\"><b>PRODUCCI\u00d3N RIACHUELO<\/b><\/span><\/span><\/span><\/div>\n<p><\/span><\/p>\n","protected":false},"excerpt":{"rendered":"<p>EN TR\u00c1NSITO [Resumen Latinoamericano\/AVN, 21 de septiembre de 2015] Tras una reuni\u00f3n de cinco horas en la capital de Ecuador, los gobiernos de Venezuela y Colombia acordaron una hoja de ruta para normalizar las relaciones que empezar\u00e1 con el retorno inmediato de sus respectivos embajadores. El mandatario de Ecuador, Rafael Correa, junto a sus hom\u00f3logos [&hellip;]<\/p>\n","protected":false},"author":4,"featured_media":0,"comment_status":"open","ping_status":"open","sticky":false,"template":"","format":"standard","meta":{"_monsterinsights_skip_tracking":false,"_monsterinsights_sitenote_active":false,"_monsterinsights_sitenote_note":"","_monsterinsights_sitenote_category":0,"jnews-multi-image_gallery":[],"jnews_single_post":{"format":"standard"},"jnews_primary_category":[],"_joinchat":[],"footnotes":""},"categories":[58],"tags":[70,167],"class_list":["post-1747","post","type-post","status-publish","format-standard","hentry","category-noticiariachuelo","tag-de-la-patria-grande","tag-politica-internacional"],"_links":{"self":[{"href":"http:\/\/fmriachuelo.it10.com.ar\/index.php\/wp-json\/wp\/v2\/posts\/1747","targetHints":{"allow":["GET"]}}],"collection":[{"href":"http:\/\/fmriachuelo.it10.com.ar\/index.php\/wp-json\/wp\/v2\/posts"}],"about":[{"href":"http:\/\/fmriachuelo.it10.com.ar\/index.php\/wp-json\/wp\/v2\/types\/post"}],"author":[{"embeddable":true,"href":"http:\/\/fmriachuelo.it10.com.ar\/index.php\/wp-json\/wp\/v2\/users\/4"}],"replies":[{"embeddable":true,"href":"http:\/\/fmriachuelo.it10.com.ar\/index.php\/wp-json\/wp\/v2\/comments?post=1747"}],"version-history":[{"count":1,"href":"http:\/\/fmriachuelo.it10.com.ar\/index.php\/wp-json\/wp\/v2\/posts\/1747\/revisions"}],"predecessor-version":[{"id":24145,"href":"http:\/\/fmriachuelo.it10.com.ar\/index.php\/wp-json\/wp\/v2\/posts\/1747\/revisions\/24145"}],"wp:attachment":[{"href":"http:\/\/fmriachuelo.it10.com.ar\/index.php\/wp-json\/wp\/v2\/media?parent=1747"}],"wp:term":[{"taxonomy":"category","embeddable":true,"href":"http:\/\/fmriachuelo.it10.com.ar\/index.php\/wp-json\/wp\/v2\/categories?post=1747"},{"taxonomy":"post_tag","embeddable":true,"href":"http:\/\/fmriachuelo.it10.com.ar\/index.php\/wp-json\/wp\/v2\/tags?post=1747"}],"curies":[{"name":"wp","href":"https:\/\/api.w.org\/{rel}","templated":true}]}}