{"id":1746,"date":"2015-09-23T07:30:00","date_gmt":"2015-09-23T07:30:00","guid":{"rendered":"http:\/\/fmriachuelo.observatorioess.org.ar\/index.php\/2015\/09\/23\/paraguay-en-la-embajada-de-ee-uu-se-dicta-curso-antiterrorista-para-las-fuerzas-locales\/"},"modified":"2025-06-13T16:41:26","modified_gmt":"2025-06-13T19:41:26","slug":"paraguay-en-la-embajada-de-ee-uu-se-dicta-curso-antiterrorista-para-las-fuerzas-locales","status":"publish","type":"post","link":"http:\/\/fmriachuelo.it10.com.ar\/index.php\/2015\/09\/23\/paraguay-en-la-embajada-de-ee-uu-se-dicta-curso-antiterrorista-para-las-fuerzas-locales\/","title":{"rendered":"PARAGUAY: EN LA EMBAJADA DE EE.UU. SE DICTA CURSO ANTITERRORISTA PARA LAS FUERZAS LOCALES"},"content":{"rendered":"<p><span style=\"color: red\"><b><span style=\"font-size: large\"><span style=\"font-family: Verdana,sans-serif\"> MADE IN EE.UU.<\/span><\/span><\/b><\/span><\/p>\n<div style=\"clear: both;text-align: center\"><a href=\"http:\/\/2.bp.blogspot.com\/-lgOFBLTlSKQ\/VgGdG5Kdo-I\/AAAAAAAAGiA\/XWvhzn3WAIU\/s1600\/PARAG.jpg\" style=\"clear: left;float: left;margin-bottom: 1em;margin-right: 1em\"><img loading=\"lazy\" decoding=\"async\" border=\"0\" height=\"128\" src=\"http:\/\/2.bp.blogspot.com\/-lgOFBLTlSKQ\/VgGdG5Kdo-I\/AAAAAAAAGiA\/XWvhzn3WAIU\/s200\/PARAG.jpg\" width=\"200\" \/><\/a><\/div>\n<div style=\"text-align: justify\"><span style=\"font-family: Verdana, sans-serif\">[Resumen Latinoamericano\/ 21 de Sept. 2015 Foto: Miembros de la Fuerza de Tarea Conjunta (FTC)] La embajada de Estados Unidos en Asunci\u00f3n comenz\u00f3 hoy a ofrecer un curso de preparaci\u00f3n a instructores antiterroristas de la Polic\u00eda Nacional y otras autoridades de Paraguay en el Instituto Superior de Ense\u00f1anza Policial (Isepol), inform\u00f3 el Ministerio del Interior.<\/span><br \/><a name='more'><\/a><\/div>\n<p><span style=\"font-family: Verdana, sans-serif\"><\/span><span style=\"font-family: Verdana, sans-serif\"><\/span><\/p>\n<div style=\"text-align: justify\"><\/div>\n<p><span style=\"font-family: Verdana, sans-serif\"><\/span><\/p>\n<div style=\"text-align: justify\"><span style=\"font-family: Verdana, sans-serif\">El programa tiene como objetivo \u201cayudar a las naciones asociadas a aumentar las capacidades antiterroristas, y mejorar el nivel de las t\u00e9cnicas y t\u00e1cticas del personal de las fuerzas del orden, responsable de la lucha contra el terrorismo\u201d, asegur\u00f3 el Gobierno.<\/span><\/div>\n<p><span style=\"font-family: Verdana, sans-serif\"><\/p>\n<div style=\"text-align: justify\"><\/div>\n<div style=\"text-align: justify\">\u201cLos participantes aprender\u00e1n durante nueve d\u00edas variadas estrategias y t\u00e1cticas que servir\u00e1n a los instructores para mejorar su capacidad de ense\u00f1anza y ponerlas en pr\u00e1ctica en sus respectivas instituciones\u201d, asegur\u00f3 el Ministerio del Interior.<\/div>\n<div style=\"text-align: justify\"><\/div>\n<div style=\"text-align: justify\">El curso est\u00e1 a cargo de \u201cdestacados instructores\u201d y es organizado por la embajada de Estados Unidos en Paraguay, pa\u00eds en el que se encuentra presente el grupo guerrillero Ej\u00e9rcito del Pueblo Paraguayo (EPP), al que el Gobierno atribuye medio centenar de asesinatos y varios secuestros desde su aparici\u00f3n en 2008.<\/div>\n<div style=\"text-align: justify\"><\/div>\n<div style=\"text-align: justify\">En el seminario participan representantes de la Polic\u00eda Nacional, del Ministerio P\u00fablico, del Ministerio del Interior -a trav\u00e9s de su Direcci\u00f3n de Migraciones- y de la Secretar\u00eda Nacional Antidrogas (Senad).<\/div>\n<div style=\"text-align: justify\"><\/div>\n<div style=\"text-align: justify\">El EPP mantiene cautivos desde el 5 de julio de 2014 al suboficial de polic\u00eda Edelio Mor\u00ednigo, de 25 a\u00f1os, y desde hace m\u00e1s de un mes al colono menonita Abraham Fehr, perteneciente a una comunidad de religiosos menonitas.<\/div>\n<div style=\"text-align: justify\"><\/div>\n<div style=\"text-align: justify\">El Gobierno estima que la guerrilla opera principalmente en los departamentos de Concepci\u00f3n, San Pedro y Amambay, en el norte del pa\u00eds, zonas con altos \u00edndices de pobreza rural fronterizas con Brasil, donde discurren importantes rutas del tr\u00e1fico de drogas en la regi\u00f3n.<\/div>\n<div style=\"text-align: justify\"><\/div>\n<div style=\"text-align: justify\">Para el combate a este grupo armado, Cartes aprob\u00f3, a los pocos d\u00edas de asumir su mandato en agosto de 2013, unas enmiendas a la Ley de Defensa que permiten emplear al Ej\u00e9rcito en casos de \u201cagresi\u00f3n interna\u201d como el terrorismo y las \u201camenazas o acciones violentas\u201d contra las autoridades.<\/div>\n<div style=\"text-align: justify\"><\/div>\n<div style=\"text-align: justify\">Diversas organizaciones campesinas y agrupaciones pol\u00edticas aseguran que estas enmiendas son una forma de \u201cmilitarizaci\u00f3n\u201d del norte de Paraguay y piden su derogaci\u00f3n, al tiempo que denuncian abusos por parte de las Fuerzas de Tarea Conjunta (FTC), el contingente de militares y polic\u00edas encargado del combate a la guerrilla.<br \/><span style=\"font-family: Verdana, sans-serif\"><\/span><br \/><span style=\"font-family: Verdana, sans-serif\"><span style=\"font-size: x-small\"><span style=\"color: #0b5394\"><b>PRODUCCI\u00d3N RIACHUELO<\/b><\/span><\/span><\/span><\/div>\n<p><\/span><\/p>\n","protected":false},"excerpt":{"rendered":"<p>MADE IN EE.UU. [Resumen Latinoamericano\/ 21 de Sept. 2015 Foto: Miembros de la Fuerza de Tarea Conjunta (FTC)] La embajada de Estados Unidos en Asunci\u00f3n comenz\u00f3 hoy a ofrecer un curso de preparaci\u00f3n a instructores antiterroristas de la Polic\u00eda Nacional y otras autoridades de Paraguay en el Instituto Superior de Ense\u00f1anza Policial (Isepol), inform\u00f3 el [&hellip;]<\/p>\n","protected":false},"author":4,"featured_media":0,"comment_status":"open","ping_status":"open","sticky":false,"template":"","format":"standard","meta":{"_monsterinsights_skip_tracking":false,"_monsterinsights_sitenote_active":false,"_monsterinsights_sitenote_note":"","_monsterinsights_sitenote_category":0,"jnews-multi-image_gallery":[],"jnews_single_post":{"format":"standard"},"jnews_primary_category":[],"_joinchat":[],"footnotes":""},"categories":[58],"tags":[70,167],"class_list":["post-1746","post","type-post","status-publish","format-standard","hentry","category-noticiariachuelo","tag-de-la-patria-grande","tag-politica-internacional"],"_links":{"self":[{"href":"http:\/\/fmriachuelo.it10.com.ar\/index.php\/wp-json\/wp\/v2\/posts\/1746","targetHints":{"allow":["GET"]}}],"collection":[{"href":"http:\/\/fmriachuelo.it10.com.ar\/index.php\/wp-json\/wp\/v2\/posts"}],"about":[{"href":"http:\/\/fmriachuelo.it10.com.ar\/index.php\/wp-json\/wp\/v2\/types\/post"}],"author":[{"embeddable":true,"href":"http:\/\/fmriachuelo.it10.com.ar\/index.php\/wp-json\/wp\/v2\/users\/4"}],"replies":[{"embeddable":true,"href":"http:\/\/fmriachuelo.it10.com.ar\/index.php\/wp-json\/wp\/v2\/comments?post=1746"}],"version-history":[{"count":1,"href":"http:\/\/fmriachuelo.it10.com.ar\/index.php\/wp-json\/wp\/v2\/posts\/1746\/revisions"}],"predecessor-version":[{"id":24146,"href":"http:\/\/fmriachuelo.it10.com.ar\/index.php\/wp-json\/wp\/v2\/posts\/1746\/revisions\/24146"}],"wp:attachment":[{"href":"http:\/\/fmriachuelo.it10.com.ar\/index.php\/wp-json\/wp\/v2\/media?parent=1746"}],"wp:term":[{"taxonomy":"category","embeddable":true,"href":"http:\/\/fmriachuelo.it10.com.ar\/index.php\/wp-json\/wp\/v2\/categories?post=1746"},{"taxonomy":"post_tag","embeddable":true,"href":"http:\/\/fmriachuelo.it10.com.ar\/index.php\/wp-json\/wp\/v2\/tags?post=1746"}],"curies":[{"name":"wp","href":"https:\/\/api.w.org\/{rel}","templated":true}]}}