{"id":1745,"date":"2015-09-23T14:50:00","date_gmt":"2015-09-23T14:50:00","guid":{"rendered":"http:\/\/fmriachuelo.observatorioess.org.ar\/index.php\/2015\/09\/23\/la-boca-resiste-y-propone-asamblea-barrial-2\/"},"modified":"2025-06-13T16:43:07","modified_gmt":"2025-06-13T19:43:07","slug":"la-boca-resiste-y-propone-asamblea-barrial-2","status":"publish","type":"post","link":"http:\/\/fmriachuelo.it10.com.ar\/index.php\/2015\/09\/23\/la-boca-resiste-y-propone-asamblea-barrial-2\/","title":{"rendered":"LA BOCA RESISTE Y PROPONE: ASAMBLEA BARRIAL"},"content":{"rendered":"<p><span style=\"color: red\"><b><span style=\"font-size: large\"><span style=\"font-family: Verdana,sans-serif\">ASAMBLEA BARRIAL DE VECINOS EN RECLAMO DE SUS DERECHOS <\/span><\/span><\/b><\/span><\/p>\n<div style=\"clear: both;text-align: left\"><span style=\"font-family: Verdana, sans-serif\"><\/span><\/div>\n<div style=\"text-align: justify\">\n<div style=\"clear: both;text-align: left\"><a href=\"http:\/\/1.bp.blogspot.com\/-BMP9W1LIino\/VgK3x9eX87I\/AAAAAAAAGi4\/P2_Q81n6sxk\/s1600\/la%2Bboca%2Bresiste.jpg\" style=\"clear: left;float: left;margin-bottom: 1em;margin-right: 1em\"><img loading=\"lazy\" decoding=\"async\" border=\"0\" height=\"200\" src=\"http:\/\/1.bp.blogspot.com\/-BMP9W1LIino\/VgK3x9eX87I\/AAAAAAAAGi4\/P2_Q81n6sxk\/s200\/la%2Bboca%2Bresiste.jpg\" width=\"191\" \/><\/a><span style=\"font-family: Verdana, sans-serif\"><b>Escuch\u00e1 el testimonio de la comunicaci\u00f3n con Pablo Rodr\u00edguez, <\/b><\/span><span style=\"font-family: Verdana, sans-serif\"><b><span style=\"font-family: Verdana, sans-serif\">en el programa <span style=\"color: red\"><b>Romp\u00e9 el Cerco Informativo<\/b><\/span><\/span> aqu\u00ed<\/b>:<\/span><span style=\"color: #0b5394\"><span style=\"font-family: Verdana, sans-serif\"><b><a href=\"http:\/\/mfi.re\/listen\/00lzdd8ai19gmbx\/AUDIO_01_-_BOCA_RESISTE_Y_PROPONE.mp3\" target=\"_blank\" rel=\"noopener\"> LA ASAMBLEA BARRIAL PARA EVALUAR<\/a>; <a href=\"http:\/\/mfi.re\/listen\/3m249t63gzcyx2u\/AUDIO_02_-_BOCA_RESISTE_Y_PROPONE.mp3\" target=\"_blank\" rel=\"noopener\">LA SITUACI\u00d3N DE INJUSTICIA QUE VIVEN LOS PIBES DEL BARRIO Y SUS FAMILIAS<\/a><\/b><\/span><\/span><\/div>\n<p><a name='more'><\/a><br \/><span style=\"font-family: Verdana, sans-serif\">La Boca Resiste y Propone en conjunto con organizaciones sociales, culturales y pol\u00edticas, convocan a una asamblea vecinal este viernes a las 17:30 en la Plaza Matheu (Irala y Lamadrid). Entre otros temas se discutir\u00e1 la problem\u00e1tica de la vivienda. En el programa <span style=\"color: red\"><b>Romp\u00e9 el Cerco Informativo<\/b><\/span> nos comunicamos con Pablo Rodr\u00edguez, integrante de La Boca Resiste y Propone que llama a los vecinos a participar y unirse en resistencia a las pol\u00edticas excluyentes del Gobierno de la Ciudad Aut\u00f3noma de Buenos Aires, que buscan transformar La Boca en un barrio de ricos y expulsar a los vecinos mediante los incendios premeditados y los desalojos.&nbsp;<\/span><\/div>\n<div style=\"clear: both;text-align: left\"><\/div>\n<div style=\"clear: both;text-align: left\"><span style=\"font-family: Verdana, sans-serif\"><\/span><\/div>\n<p><span style=\"font-family: Verdana, sans-serif\"><span style=\"font-size: x-small\"><span style=\"color: #0b5394\"><b>PRODUCCI\u00d3N RIACHUELO<\/b><\/span><\/span><\/span><\/p>\n","protected":false},"excerpt":{"rendered":"<p>ASAMBLEA BARRIAL DE VECINOS EN RECLAMO DE SUS DERECHOS Escuch\u00e1 el testimonio de la comunicaci\u00f3n con Pablo Rodr\u00edguez, en el programa Romp\u00e9 el Cerco Informativo aqu\u00ed: LA ASAMBLEA BARRIAL PARA EVALUAR; LA SITUACI\u00d3N DE INJUSTICIA QUE VIVEN LOS PIBES DEL BARRIO Y SUS FAMILIAS La Boca Resiste y Propone en conjunto con organizaciones sociales, culturales [&hellip;]<\/p>\n","protected":false},"author":4,"featured_media":0,"comment_status":"open","ping_status":"open","sticky":false,"template":"","format":"standard","meta":{"_monsterinsights_skip_tracking":false,"_monsterinsights_sitenote_active":false,"_monsterinsights_sitenote_note":"","_monsterinsights_sitenote_category":0,"jnews-multi-image_gallery":[],"jnews_single_post":{"format":"standard"},"jnews_primary_category":[],"_joinchat":[],"footnotes":""},"categories":[58],"tags":[147],"class_list":["post-1745","post","type-post","status-publish","format-standard","hentry","category-noticiariachuelo","tag-habitat"],"_links":{"self":[{"href":"http:\/\/fmriachuelo.it10.com.ar\/index.php\/wp-json\/wp\/v2\/posts\/1745","targetHints":{"allow":["GET"]}}],"collection":[{"href":"http:\/\/fmriachuelo.it10.com.ar\/index.php\/wp-json\/wp\/v2\/posts"}],"about":[{"href":"http:\/\/fmriachuelo.it10.com.ar\/index.php\/wp-json\/wp\/v2\/types\/post"}],"author":[{"embeddable":true,"href":"http:\/\/fmriachuelo.it10.com.ar\/index.php\/wp-json\/wp\/v2\/users\/4"}],"replies":[{"embeddable":true,"href":"http:\/\/fmriachuelo.it10.com.ar\/index.php\/wp-json\/wp\/v2\/comments?post=1745"}],"version-history":[{"count":1,"href":"http:\/\/fmriachuelo.it10.com.ar\/index.php\/wp-json\/wp\/v2\/posts\/1745\/revisions"}],"predecessor-version":[{"id":24147,"href":"http:\/\/fmriachuelo.it10.com.ar\/index.php\/wp-json\/wp\/v2\/posts\/1745\/revisions\/24147"}],"wp:attachment":[{"href":"http:\/\/fmriachuelo.it10.com.ar\/index.php\/wp-json\/wp\/v2\/media?parent=1745"}],"wp:term":[{"taxonomy":"category","embeddable":true,"href":"http:\/\/fmriachuelo.it10.com.ar\/index.php\/wp-json\/wp\/v2\/categories?post=1745"},{"taxonomy":"post_tag","embeddable":true,"href":"http:\/\/fmriachuelo.it10.com.ar\/index.php\/wp-json\/wp\/v2\/tags?post=1745"}],"curies":[{"name":"wp","href":"https:\/\/api.w.org\/{rel}","templated":true}]}}