{"id":1743,"date":"2015-09-24T02:01:00","date_gmt":"2015-09-24T02:01:00","guid":{"rendered":"http:\/\/fmriachuelo.observatorioess.org.ar\/index.php\/2015\/09\/24\/25-de-septiembre-festival-contra-la-ley-de-semillas\/"},"modified":"2025-06-17T16:13:23","modified_gmt":"2025-06-17T19:13:23","slug":"25-de-septiembre-festival-contra-la-ley-de-semillas","status":"publish","type":"post","link":"http:\/\/fmriachuelo.it10.com.ar\/index.php\/2015\/09\/24\/25-de-septiembre-festival-contra-la-ley-de-semillas\/","title":{"rendered":"25 DE SEPTIEMBRE FESTIVAL CONTRA LA LEY DE SEMILLAS"},"content":{"rendered":"<div style=\"text-align: left\"><span style=\"font-family: Verdana, sans-serif;font-size: small\">TODOS LOS 25 HASTA QUE SE VAYA MONSANTO<\/span><\/div>\n<div style=\"text-align: left\"><span style=\"color: red;font-family: Verdana, sans-serif;font-size: large\"><b>TODOS A FAVOR DE LA VIDA<\/b><\/span><\/div>\n<p><span style=\"font-family: Verdana, sans-serif\"><\/span><\/p>\n<div style=\"text-align: justify\"><span style=\"font-family: Verdana, sans-serif\">COMUNICADO DE PRENSA<\/span><\/div>\n<p><span style=\"font-family: Verdana, sans-serif\"><\/p>\n<div style=\"text-align: justify\"><\/div>\n<div style=\"text-align: justify\"><a href=\"http:\/\/4.bp.blogspot.com\/-kWXG1LVr7mw\/VgNWRq7mZ6I\/AAAAAAAAGjc\/80mjPARVpIE\/s1600\/FESTIVAL%2BMONSANTO.jpg\" style=\"clear: left;float: left;margin-bottom: 1em;margin-right: 1em\"><img loading=\"lazy\" decoding=\"async\" border=\"0\" height=\"161\" src=\"http:\/\/4.bp.blogspot.com\/-kWXG1LVr7mw\/VgNWRq7mZ6I\/AAAAAAAAGjc\/80mjPARVpIE\/s200\/FESTIVAL%2BMONSANTO.jpg\" width=\"200\" \/><\/a>Este viernes 25 de septiembre una nueva Jornada contra Monsanto nos convoca. La misma contar\u00e1 con m\u00fasica en vivo: Arbolito, Alika, Botafogo, Willy Quiroga, Jamaicaderos, Tony de Trueba y los Duendes del Bosque y Sergio Sandoval, Charlas de especialistas, Muestra fotogr\u00e1fica y Feria de productos agroecol\u00f3gicos, entre otras actividades.<\/div>\n<div style=\"text-align: justify\"><a name='more'><\/a><\/div>\n<div style=\"text-align: justify\">La cita ser\u00e1 en el obelisco de la Ciudad de Buenos Aires a partir de las 15:00 horas para repudiar especialmente la modificaci\u00f3n de la Ley de Semillas que el Gobierno sigue impulsando con fuerza, demostrando la complicidad entre el Gobierno Nacional y las corporaciones del agronegocio como Monsanto, Syngenta, Bunge, Cargill, Dupont, Bayer, entre otras, quienes monopolizan las cadenas de producci\u00f3n mundial de alimentos.<\/div>\n<div style=\"text-align: justify\"><\/div>\n<div style=\"text-align: justify\">Estas legislaciones ponen por delante la generaci\u00f3n de riquezas sin importar las enfermedades que este modelo est\u00e1 produciendo, como c\u00e1ncer, abortos espont\u00e1neos, lupus, nacimientos con mal formaciones, afecciones respiratorias y neurol\u00f3gicas, esterilidad, entre otras; enfermedades que tienen origen en el uso masivo de agrot\u00f3xicos necesario para la producci\u00f3n de cultivos transg\u00e9nicos.<\/div>\n<div style=\"text-align: justify\"><\/div>\n<div style=\"text-align: justify\">Lejos de buscar soluci\u00f3n a los da\u00f1os generados por este modelo, a\u00f1o a a\u00f1o aumenta la cantidad de agrot\u00f3xicos utilizados en Argentina, la cual en los \u00faltimos 15 a\u00f1os ha pasado de utilizar 30 millones de litros a m\u00e1s de 300 millones de litros anuales. Adem\u00e1s de las enfermedades mencionadas que generan en la poblaci\u00f3n, estos monocultivos, presentes en m\u00e1s de la mitad de las \u00e1reas cultivables del pa\u00eds, generan cat\u00e1strofes ambientales, tales como inundaciones, contaminaci\u00f3n del suelo, aire y agua, perdida de la biodiversidad, contaminaci\u00f3n gen\u00e9tica, adem\u00e1s del desalojo de comunidades para la expansi\u00f3n de la frontera agr\u00edcola y el destrozo de las econom\u00edas regionales.&nbsp;<\/div>\n<div style=\"text-align: justify\"><\/div>\n<div style=\"text-align: justify\">Los grandes medios de comunicaci\u00f3n, oficialistas u opositores, no solo silencian a quienes sufren las consecuencias de este modelo de agricultura t\u00f3xica sino que funcionan como publicistas de estas multinacionales, convirti\u00e9ndose en c\u00f3mplices de este genocidio.<\/div>\n<div style=\"text-align: justify\"><\/div>\n<div style=\"text-align: justify\">Por todo esto nos movilizamos todos los 25 con la intenci\u00f3n de seguir visibilizando esta problem\u00e1tica que nos afecta a todos\/as.<\/div>\n<div style=\"text-align: justify\"><\/div>\n<div style=\"text-align: justify\">Solicitamos a los medios de comunicaci\u00f3n alternativos la difusi\u00f3n de esta informaci\u00f3n y en lo posible comunicarse con nosotrxs para realizar una nota. Les recordamos que son, adem\u00e1s de las redes sociales, nuestro \u00fanico medio para seguir difundiendo esta problem\u00e1tica.<br \/><span style=\"font-size: x-small\"><b>Tel\u00e9fonos de contacto: 1554982802 y 1533913045&nbsp;<\/b><\/span><\/div>\n<div style=\"text-align: justify\"><span style=\"font-size: x-small\"><b>Evento: <a href=\"https:\/\/www.facebook.com\/events\/393929747467616\/\">https:\/\/www.facebook.com\/Festival 25 de septiembre<\/a><\/b><\/span><\/div>\n<div style=\"text-align: justify\">\u00abTodos los 25 hasta que se vaya Monsanto\u00bb<\/div>\n<div style=\"text-align: justify\"><span style=\"font-size: x-small\"><b>Correo electr\u00f3nico: <a href=\"mailto:hastaquesevayamonsanto@gmail.com\">hastaquesevayamonsanto@gmail.com<\/a><\/b><\/span><\/div>\n<div style=\"text-align: justify\"><span style=\"font-size: x-small\"><b>Facebook: <a href=\"https:\/\/www.facebook.com\/pages\/Todos-los-25-hasta-que-se-vaya-Monsanto\/709720865724834?ref=hl\">Todos los 25 hasta que se vaya Monsanto<\/a><\/b><\/span><\/div>\n<div style=\"text-align: justify\"><span style=\"font-size: x-small\"><b>Twitter: @todos los 25<\/b><\/span><\/div>\n<p><span style=\"font-family: Verdana, sans-serif\"><span style=\"color: #0b5394\"><b><span style=\"font-size: x-small\"><span style=\"font-size: x-small\"><span style=\"font-size: x-small\"><span style=\"font-size: x-small\">PRODUCCI<span style=\"font-size: x-small\">\u00d3N RIACHUELO<\/span><\/span><\/span><\/span><\/span><\/b><\/span><\/span><\/span><\/p>\n","protected":false},"excerpt":{"rendered":"<p>TODOS LOS 25 HASTA QUE SE VAYA MONSANTO TODOS A FAVOR DE LA VIDA COMUNICADO DE PRENSA Este viernes 25 de septiembre una nueva Jornada contra Monsanto nos convoca. La misma contar\u00e1 con m\u00fasica en vivo: Arbolito, Alika, Botafogo, Willy Quiroga, Jamaicaderos, Tony de Trueba y los Duendes del Bosque y Sergio Sandoval, Charlas de [&hellip;]<\/p>\n","protected":false},"author":4,"featured_media":0,"comment_status":"open","ping_status":"open","sticky":false,"template":"","format":"standard","meta":{"_monsterinsights_skip_tracking":false,"_monsterinsights_sitenote_active":false,"_monsterinsights_sitenote_note":"","_monsterinsights_sitenote_category":0,"jnews-multi-image_gallery":[],"jnews_single_post":{"format":"standard"},"jnews_primary_category":[],"_joinchat":[],"footnotes":""},"categories":[58],"tags":[66,71],"class_list":["post-1743","post","type-post","status-publish","format-standard","hentry","category-noticiariachuelo","tag-cultura-popular","tag-de-la-tierra"],"_links":{"self":[{"href":"http:\/\/fmriachuelo.it10.com.ar\/index.php\/wp-json\/wp\/v2\/posts\/1743","targetHints":{"allow":["GET"]}}],"collection":[{"href":"http:\/\/fmriachuelo.it10.com.ar\/index.php\/wp-json\/wp\/v2\/posts"}],"about":[{"href":"http:\/\/fmriachuelo.it10.com.ar\/index.php\/wp-json\/wp\/v2\/types\/post"}],"author":[{"embeddable":true,"href":"http:\/\/fmriachuelo.it10.com.ar\/index.php\/wp-json\/wp\/v2\/users\/4"}],"replies":[{"embeddable":true,"href":"http:\/\/fmriachuelo.it10.com.ar\/index.php\/wp-json\/wp\/v2\/comments?post=1743"}],"version-history":[{"count":1,"href":"http:\/\/fmriachuelo.it10.com.ar\/index.php\/wp-json\/wp\/v2\/posts\/1743\/revisions"}],"predecessor-version":[{"id":24151,"href":"http:\/\/fmriachuelo.it10.com.ar\/index.php\/wp-json\/wp\/v2\/posts\/1743\/revisions\/24151"}],"wp:attachment":[{"href":"http:\/\/fmriachuelo.it10.com.ar\/index.php\/wp-json\/wp\/v2\/media?parent=1743"}],"wp:term":[{"taxonomy":"category","embeddable":true,"href":"http:\/\/fmriachuelo.it10.com.ar\/index.php\/wp-json\/wp\/v2\/categories?post=1743"},{"taxonomy":"post_tag","embeddable":true,"href":"http:\/\/fmriachuelo.it10.com.ar\/index.php\/wp-json\/wp\/v2\/tags?post=1743"}],"curies":[{"name":"wp","href":"https:\/\/api.w.org\/{rel}","templated":true}]}}