{"id":1742,"date":"2015-09-24T07:00:00","date_gmt":"2015-09-24T07:00:00","guid":{"rendered":"http:\/\/fmriachuelo.observatorioess.org.ar\/index.php\/2015\/09\/24\/organizaciones-de-la-patria-grande-se-solidarizan-frente-al-ataque-a-un-dirigente-del-movimiento-sin-tierra-de-brasil\/"},"modified":"2025-06-17T16:20:13","modified_gmt":"2025-06-17T19:20:13","slug":"organizaciones-de-la-patria-grande-se-solidarizan-frente-al-ataque-a-un-dirigente-del-movimiento-sin-tierra-de-brasil","status":"publish","type":"post","link":"http:\/\/fmriachuelo.it10.com.ar\/index.php\/2015\/09\/24\/organizaciones-de-la-patria-grande-se-solidarizan-frente-al-ataque-a-un-dirigente-del-movimiento-sin-tierra-de-brasil\/","title":{"rendered":"ORGANIZACIONES DE LA PATRIA GRANDE SE SOLIDARIZAN FRENTE AL ATAQUE A UN DIRIGENTE DEL MOVIMIENTO SIN TIERRA DE BRASIL"},"content":{"rendered":"<div style=\"clear: both;text-align: left\"><span style=\"color: red;font-family: Verdana, sans-serif;font-size: large\"><b>AL UN\u00cdSONO FRENTE AL ATAQUE A<span style=\"font-size: large\">L<\/span> LUCHADOR SOCIAL DEL MS<span style=\"font-size: large\">T<\/span> <\/b><\/span><\/div>\n<div style=\"clear: both;text-align: center\"><\/div>\n<div style=\"clear: both;text-align: center\"><a href=\"http:\/\/2.bp.blogspot.com\/-u-oUU9LgqYc\/VgNbOQ8yuHI\/AAAAAAAAGjk\/9KcTMMZL9RE\/s1600\/STADILE.jpg\" style=\"clear: left;float: left;margin-bottom: 1em;margin-right: 1em\"><img loading=\"lazy\" decoding=\"async\" border=\"0\" height=\"200\" src=\"http:\/\/2.bp.blogspot.com\/-u-oUU9LgqYc\/VgNbOQ8yuHI\/AAAAAAAAGjk\/9KcTMMZL9RE\/s200\/STADILE.jpg\" width=\"150\" \/><\/a><\/div>\n<div style=\"text-align: justify\"><span style=\"font-family: Verdana, sans-serif\"><b>Los pueblos organizados de la Patria Grande y tambi\u00e9n de Africa responden con la voz del repudio y en defensa de nuestros militantes.&nbsp;<\/b><\/span><\/div>\n<p><span style=\"font-family: Verdana, sans-serif\"><\/span><\/p>\n<div style=\"text-align: justify\"><span style=\"font-family: Verdana, sans-serif\">Reproducimos comunicados de distintos lugares de la Patria Grande:&nbsp;<\/span><\/div>\n<p><span style=\"font-family: Verdana, sans-serif\"><\/span><\/p>\n<div style=\"text-align: justify\"><span style=\"font-family: Verdana, sans-serif\">Desde Argentina, nuestra solidaridad con Joao Pedro Stedile, dirigente del movimiento de trabajadores sin tierra del Brasil, .<\/span><\/div>\n<p><span style=\"font-family: Verdana, sans-serif\"><\/p>\n<div style=\"text-align: justify\">El conjunto de los movimientos populares, organizaciones sociales y pol\u00edticas de la Argentina nos solidarizamos con el compa\u00f1ero Joao Pedro Stedile, hist\u00f3rico militante de las luchas sociales en Brasil y Am\u00e9rica Latina.<br \/><a name='more'><\/a><\/div>\n<div style=\"text-align: justify\">El reciente ataque recibido por un grupo de reaccionarios en el aeropuerto de la localidad brasilera de Fortaleza a la cual llegaba para participar de una conferencia sobre la reforma pol\u00edtica en aquel pa\u00eds, es un ataque que se suma a las reiteradas amenazas hacia su persona por diferentes medios. Estas acciones no hacen mas que reafirmar el car\u00e1cter autoritario y golpista de la derecha Brasilera que esta cada vez mas articulada a nivel continental intentando debilitar las democracias tanto en Brasil como en otros pa\u00edses de la regi\u00f3n.<\/div>\n<div style=\"text-align: justify\">Frente al avance de la derecha conservadora a nivel continental, desde Argentina, expresamos nuestro mas en\u00e9rgico repudio al ataque sufrido por el compa\u00f1ero Stedile y nos solidarizamos con las organizaciones populares del Brasil en defensa de la democracia, que trabajan y luchan por un pa\u00eds justo y soberano.<\/div>\n<div style=\"text-align: justify\">SOLIDARIDAD con el compa\u00f1ero Joao Pedro Stedile y el MOVIMIENTO DE TRABAJADORES SIN TIERRA &#8211; MST.<\/div>\n<div style=\"text-align: justify\">El conjunto de los movimientos sindicales, populares, pastoral social, los parlamentarios progresistas e intelectuales comprometidos con la lucha del pueblo brasile\u00f1o, quieren mediante esta nota mostrar su solidaridad al compa\u00f1ero Joao Pedro Stedile, historico militante de las luchas sociales en Brasil y Am\u00e9rica Latina.<\/div>\n<div style=\"text-align: justify\"><\/div>\n<div style=\"text-align: justify\">En la noche del 22 de septiembre, un grupo de aproximadamente 30 reaccionarios con gritos odio y muchas maldiciones atac\u00f3 y asalt\u00f3 al compa\u00f1ero asaltado Stedile, que acababa de llegar al aeropuerto Pinto Martins, en Fortaleza &#8211; Cear\u00e1, invitado por varias organizaciones para participar en un Congreso de Sindicatos y una actividad sobre la Reforma Pol\u00edtica y la lucha contra la corrupci\u00f3n.<\/div>\n<div style=\"text-align: justify\"><\/div>\n<div style=\"text-align: justify\">La acci\u00f3n liderada por el empresario inmobiliario Paul Angelim, militante del Partido Social Democracia Brasile\u00f1a &#8211; PSDB, revela lo que hay de m\u00e1s conservador y retr\u00f3grado en la sociedad brasile\u00f1a: un odio de clase, viejo y anacr\u00f3nico, muy similar al fascismo.<\/div>\n<p>No es extra\u00f1o que el grupo reaccionario que lleva a cabo esta acci\u00f3n es el mismo grupo que ha impulsado las manifestaciones golpistas en Fortaleza con el fin de interrumpir el mandato de la presidenta Dilma Rousseff, sin tener en cuenta el voto popular y rompiendo con la legalidad democr\u00e1tica en el pa\u00eds.<br \/>Estos reaccionarios se utilizan los s\u00edmbolos nacionales y se llaman a s\u00ed mismos patriotas, pero son favorables a la venta de nuestros recursos naturales a las empresas extranjeras, como en el caso de Petrobras. Dicen estar en contra de la corrupci\u00f3n, pero son asiduos defensores del financiamiento empresarial de las campa\u00f1as electorales y a\u00fan hoy se muestran en contra de la decisi\u00f3n de la Corte Suprema.<br \/>Estamos convencidos de que la agresi\u00f3n sufrida por el compa\u00f1ero St\u00e9dile, no se limita a un ataque individual, o s\u00f3lo al MST. Esta agresi\u00f3n s\u00f3lo puede ser entendida como parte de una ofensiva conservadora de la derecha que busca criminalizar e intimidar a todos\/as aquellos\/as que luchan por un Brasil justo y soberano.<br \/>En este sentido, ofrecemos nuestra solidaridad al compa\u00f1ero y nos comprometemos a cerrar filas en defensa de la democracia, la justicia social y la participaci\u00f3n popular en la direcci\u00f3n de la naci\u00f3n.<br \/>Fortaleza, 23 de setembro de 2015.<\/span><br \/><span style=\"font-family: Verdana, sans-serif\"><br \/><span style=\"font-size: x-small\">Centra \u00danica dos Trabalhadores &#8211; CUT<br \/>Central dos Trabalhadores do Brasil &#8211; CTB<br \/>Uni\u00e3o Nacional dos Estudantes \u2013 UNE<br \/>Uni\u00e3o Brasileira dos Estudantes Secundaristas &#8211; UBES<br \/>Movimento dos Atingidos por Barragens &#8211; MAB<br \/>Rede Nacional de Advogados Populares \u2013 RENAP<br \/>Rede Nacional de M\u00e9dicas e M\u00e9dicos Populares <br \/>Marcha Mundial das Mulheres \u2013 MMM<br \/>Uni\u00e3o Brasileira das Mulheres &#8211; UBM<br \/>Movimento Organizado dos Trabalhadores Urbanos \u2013 MOTU<br \/>Levante Popular da Juventude<br \/>Uni\u00e3o da Juventude Socialista &#8211; UJS<br \/>Rua \u2013 Juventude Anticapitalista<br \/>Coletivo O Estopim<br \/>Movimento Kizomba<br \/>Partido Comunista do Brasil &#8211; PCdoB<br \/>Partido dos Trabalhadores &#8211; PT<br \/>Partido Socialismo e Liberdade<br \/>Consulta Popular<br \/>Centro Brasileiro de Solidariedade aos Povos em Luta pela Paz \u2013 CEBRAPAZ<br \/>Fora do Eixo<br \/>M\u00eddia Ninja<br \/>Movimento Democracia Participativa<br \/>Ag\u00eancia de Informa\u00e7\u00f5es Frei Tito para Am\u00e9rica Latina \u2013 ADITAL.<br \/>Sindicato APEOC <br \/>Sindicato dos Metal\u00fargicos do Estado do Cear\u00e1 \u2013 SINDMETAL<br \/>Sindicato dos Trabalhadores do Servi\u00e7o P\u00fablico Federal do Cear\u00e1 \u2013 SINTSEF-CE<br \/>Sindicato dos Empregados no Com\u00e9rcio de Fortaleza Diret\u00f3rio Central dos Estudantes \u2013 UECE<br \/>Diret\u00f3rio Central dos Estudantes &#8211; UNIFOR<br \/>Deputado Federal Jos\u00e9 Guimar\u00e3es<br \/>Deputado Estadual Elmano Freitas<br \/>Deputado Estadual Mois\u00e9s Br\u00e1z<br \/>Deputada Estadual Rachel Marques<br \/>Deputado Estadual Renato Roseno<br \/>Vereador Jo\u00e3o Alfredo<br \/>Vereador Jovanil<br \/>Vereador Ronivaldo Maia<br \/>Justi\u00e7a Global<\/span><\/span><\/p>\n<p><\/p>\n<div><span style=\"font-family: Verdana, sans-serif\"><\/span><\/div>\n<p><span style=\"font-family: Verdana, sans-serif\"><\/span><\/p>\n<div style=\"text-align: justify\"><span style=\"font-family: Verdana, sans-serif\">La Organizaci\u00f3n de Solidaridad de los Pueblos de \u00c1frica, Asia y Am\u00e9rica Latina (OSPAAAL) se solidariza con el compa\u00f1ero Joao Pedro St\u00e9dile y condena de forma en\u00e9rgica el acto agresivo perpetrado contra el querido dirigente social y digno defensor de las causas justas del pueblo brasile\u00f1o y de los pueblos Nuestroamericanos. Ning\u00fan hecho de este tipo, har\u00e1 flaquear la digna decisi\u00f3n y vocaci\u00f3n de lucha de los representantes del MST y sus l\u00edderes hist\u00f3ricos.<\/span><\/div>\n<p><span style=\"font-family: Verdana, sans-serif\"><\/span><\/p>\n<div style=\"text-align: justify\"><\/div>\n<p><span style=\"font-family: Verdana, sans-serif\"><\/p>\n<div style=\"text-align: justify\">Nuestra lucha es por la vida, seguiremos construyendo los sue\u00f1os de una integraci\u00f3n basada en los m\u00e1s elementales derechos humanos y ciudadanos, por la justicia e inclusi\u00f3n social, por<br \/>\nla unidad de acci\u00f3n y contra las maniobras de los sectores m\u00e1s reaccionarios encaminadas a revertir los avances conquistados por nuestros pueblos.<\/div>\n<div style=\"text-align: justify\"><\/div>\n<div style=\"text-align: justify\">\u201cLa Unidad e integraci\u00f3n de Nuestra Am\u00e9rica, est\u00e1 e nuestro horizonte y es nuestro camino\u201d<\/div>\n<div style=\"text-align: justify\"><span style=\"color: red\"><b>\u00a1HASTA LA VICTORIA SIEMPRE!<\/b><\/span><\/div>\n<div style=\"text-align: justify\"><\/div>\n<div style=\"text-align: justify\"><b><span style=\"font-size: x-small\">Secretar\u00eda General<\/span><\/b><\/div>\n<div style=\"text-align: justify\"><b><span style=\"font-size: x-small\">OSPAAAL<\/span><\/b><\/div>\n<div style=\"text-align: justify\"><\/div>\n<p><\/span><\/p>\n<div style=\"text-align: justify\"><span style=\"font-family: Verdana, sans-serif\"><\/span><span style=\"font-family: Verdana, sans-serif\"><span style=\"font-family: Verdana, sans-serif\"><span style=\"color: #0b5394\"><b><span style=\"font-size: x-small\"><span style=\"font-size: x-small\"><span style=\"font-size: x-small\"><span style=\"font-size: x-small\">PRODUCCI<span style=\"font-size: x-small\">\u00d3N RIACHUELO<\/span><\/span><\/span><\/span><\/span><\/b><\/span><\/span><\/span><\/div>\n","protected":false},"excerpt":{"rendered":"<p>AL UN\u00cdSONO FRENTE AL ATAQUE AL LUCHADOR SOCIAL DEL MST Los pueblos organizados de la Patria Grande y tambi\u00e9n de Africa responden con la voz del repudio y en defensa de nuestros militantes.&nbsp; Reproducimos comunicados de distintos lugares de la Patria Grande:&nbsp; Desde Argentina, nuestra solidaridad con Joao Pedro Stedile, dirigente del movimiento de trabajadores [&hellip;]<\/p>\n","protected":false},"author":4,"featured_media":0,"comment_status":"open","ping_status":"open","sticky":false,"template":"","format":"standard","meta":{"_monsterinsights_skip_tracking":false,"_monsterinsights_sitenote_active":false,"_monsterinsights_sitenote_note":"","_monsterinsights_sitenote_category":0,"jnews-multi-image_gallery":[],"jnews_single_post":{"format":"standard"},"jnews_primary_category":[],"_joinchat":[],"footnotes":""},"categories":[58],"tags":[70,71,157],"class_list":["post-1742","post","type-post","status-publish","format-standard","hentry","category-noticiariachuelo","tag-de-la-patria-grande","tag-de-la-tierra","tag-nadie-se-salva-solo"],"_links":{"self":[{"href":"http:\/\/fmriachuelo.it10.com.ar\/index.php\/wp-json\/wp\/v2\/posts\/1742","targetHints":{"allow":["GET"]}}],"collection":[{"href":"http:\/\/fmriachuelo.it10.com.ar\/index.php\/wp-json\/wp\/v2\/posts"}],"about":[{"href":"http:\/\/fmriachuelo.it10.com.ar\/index.php\/wp-json\/wp\/v2\/types\/post"}],"author":[{"embeddable":true,"href":"http:\/\/fmriachuelo.it10.com.ar\/index.php\/wp-json\/wp\/v2\/users\/4"}],"replies":[{"embeddable":true,"href":"http:\/\/fmriachuelo.it10.com.ar\/index.php\/wp-json\/wp\/v2\/comments?post=1742"}],"version-history":[{"count":1,"href":"http:\/\/fmriachuelo.it10.com.ar\/index.php\/wp-json\/wp\/v2\/posts\/1742\/revisions"}],"predecessor-version":[{"id":24152,"href":"http:\/\/fmriachuelo.it10.com.ar\/index.php\/wp-json\/wp\/v2\/posts\/1742\/revisions\/24152"}],"wp:attachment":[{"href":"http:\/\/fmriachuelo.it10.com.ar\/index.php\/wp-json\/wp\/v2\/media?parent=1742"}],"wp:term":[{"taxonomy":"category","embeddable":true,"href":"http:\/\/fmriachuelo.it10.com.ar\/index.php\/wp-json\/wp\/v2\/categories?post=1742"},{"taxonomy":"post_tag","embeddable":true,"href":"http:\/\/fmriachuelo.it10.com.ar\/index.php\/wp-json\/wp\/v2\/tags?post=1742"}],"curies":[{"name":"wp","href":"https:\/\/api.w.org\/{rel}","templated":true}]}}