{"id":1739,"date":"2015-09-26T02:41:00","date_gmt":"2015-09-26T02:41:00","guid":{"rendered":"http:\/\/fmriachuelo.observatorioess.org.ar\/index.php\/2015\/09\/26\/mexico-a-un-ano-de-las-desapariciones-forzadas-de-ayotzinapa\/"},"modified":"2025-06-25T16:49:50","modified_gmt":"2025-06-25T19:49:50","slug":"mexico-a-un-ano-de-las-desapariciones-forzadas-de-ayotzinapa","status":"publish","type":"post","link":"http:\/\/fmriachuelo.it10.com.ar\/index.php\/2015\/09\/26\/mexico-a-un-ano-de-las-desapariciones-forzadas-de-ayotzinapa\/","title":{"rendered":"M\u00c9XICO: A UN A\u00d1O DE LAS DESAPARICIONES FORZADAS DE AYOTZINAPA"},"content":{"rendered":"<p><span style=\"color: red;font-family: Verdana, sans-serif;font-size: large\"><b>\u00a1VIVOS SE FUERON, VIVOS LOS QUEREMOS!<\/b><\/span><\/p>\n<div style=\"clear: both;text-align: center\"><a href=\"http:\/\/3.bp.blogspot.com\/-UbuisNY3F94\/VgYCMZ7TWHI\/AAAAAAAAGkc\/mCsO98zhNqk\/s1600\/MEX.jpg\" style=\"clear: left;float: left;margin-bottom: 1em;margin-right: 1em\"><img loading=\"lazy\" decoding=\"async\" border=\"0\" height=\"200\" src=\"http:\/\/3.bp.blogspot.com\/-UbuisNY3F94\/VgYCMZ7TWHI\/AAAAAAAAGkc\/mCsO98zhNqk\/s200\/MEX.jpg\" width=\"128\" \/><\/a><\/div>\n<div style=\"text-align: justify\"><span style=\"font-family: Verdana, sans-serif\">[Informe Riachuelo] El 26 de septiembre de 2014, en Iguala estado de Guerrero Mexico, un grupo de estudiantes de Ayotzinapa, que estaban reuniendo fondos para obtener recursos para su sostenimiento (porque cuentan con un aporte m\u00ednimo que hace el estado) as\u00ed como para su traslado a la marcha del 2 de octubre en la Ciudad de M\u00e9xico, cuando se conmemora la masacre de Tlatelolco,  fueron atacados por fuerzas policiales.<\/span><br \/><a name='more'><\/a><span style=\"font-family: Verdana, sans-serif\">El pretexto de la brutal represi\u00f3n, fue que hab\u00edan intentado boicotear un baile del DIF (Desarrollo Integral de la Familia) local, que se realizaba en la plaza de armas de esa ciudad. La brutalidad polic\u00edaca dej\u00f3 una cifra preliminar de cuatro fallecidos, n\u00famero que aument\u00f3 a seis.<\/span><\/div>\n<p><\/p>\n<div style=\"margin-bottom: 0.0001pt;text-align: justify\"><span style=\"font-family: Verdana,sans-serif\"><span style=\"color: #222222;line-height: 13.75pt\">El 26 de septiembre de 2014, polic\u00edas municipales <\/span><span style=\"line-height: 13.75pt\"><b><span style=\"color: windowtext;text-decoration: none\">atacaron a 43 estudiantes en Iguala &nbsp;cuyo paradero a\u00fan es desconocido.<\/span><\/b> <span style=\"color: windowtext;text-decoration: none\">La orden vino del alcalde de la ciudad Jos\u00e9&nbsp;Luis Abarca <\/span><span style=\"color: #222222\">que celebraba en ese momento una fiesta que anticipaba el lanzamiento de su esposa Mar\u00eda de los Angeles Pineda, como futura alcaldesa.&nbsp;<\/span><\/span>El alcalde y su mujer han sido implicados de las desaparici\u00f3nes por su vinculaci\u00f3n   cartel de la droga local y la delincuencia organizada del grupo Guerreros Unidos y se hallan detenidos en la c\u00e1rcel.<\/span><\/div>\n<p><span style=\"font-family: Verdana,sans-serif\">Estas desapariciones han conmocionado al mundo, pues puso en la vidriera p\u00fablica el tema de la violencia policial en M\u00e9xico<\/span><\/p>\n<div style=\"text-align: justify\"><span style=\"font-family: Verdana,sans-serif\">Ayotzinapa pertenece al estado de Guerrero, que entre otras cosas  es reconocido por el p\u00fablico porque all\u00ed se halla enclavado el famoso destino tur\u00edstico \u201cAcapulco\u201d.<\/span><\/div>\n<div style=\"text-align: justify\"><span style=\"font-family: Verdana,sans-serif\">El hecho produjo una gran reacci\u00f3n popular con movilizaciones de distintos sectores a lo largo y ancho del pa\u00eds, durante este a\u00f1o y adem\u00e1s ha generado la solidaridad de los pa\u00edses de la Patria Grande y del mundo.&nbsp;<\/span><\/div>\n<div style=\"text-align: justify\"><span style=\"font-family: Verdana,sans-serif\">El gobierno de Pe\u00f1a Nieta con sus pol\u00edticas neoliberales ha merecido el repudio popular por este hecho. Pese a las investigaciones, nada se ha logrado. Pe\u00f1a Nieto ha intentado  pasar a archivo la causa, pero la impresionante movilizaci\u00f3n popular ha detenido esta maniobra. Las responsabilidades pol\u00edticas a\u00fan no han sido determinadas.&nbsp;<\/span><\/div>\n<div style=\"text-align: justify\"><span style=\"font-family: Verdana,sans-serif\">El presidente de Mexico carga con las acusaciones populares de tener v\u00ednculos cercanos con el narcotr\u00e1fico y bajo su gesti\u00f3n se han llevado adelante privatizaciones y negocios que favorecen a los grandes grupos econ\u00f3micos mientras hambrea al pueblo.&nbsp;<\/span><\/div>\n<div style=\"text-align: justify\"><span style=\"font-family: Verdana,sans-serif\"><br \/><\/span><\/div>\n<div style=\"text-align: justify\"><span style=\"font-family: Verdana,sans-serif\"><b>Antecedentes:<\/b>&nbsp;<\/span><\/div>\n<div style=\"text-align: justify\"><span style=\"font-family: Verdana,sans-serif\">En noviembre de 2012, se filtr\u00f3 a los medios una lista provisoria elaborada por la Procuradur\u00eda General de la Rep\u00fablica (PGR) y la Secretar\u00eda de Gobernaci\u00f3n sobre m\u00e1s de 25 mil personas desaparecidas o que se denunciaron como extraviadas desde 2006. Si estos &nbsp; son los n\u00fameros, de personas, &nbsp;reconocidos oficialmente, seguramente el n\u00famero sea a\u00fan mayor. No hay cifras certeras pero el n\u00famero crece d\u00eda a d\u00eda. En Mexico las pr\u00e1cticas de desaparici\u00f3n de personas se vienen extendiendo en medio del silencio, mientras muchas veces los familiares presos del terror ni siquiera se animan a denunciarlos.&nbsp;<\/span><\/div>\n<div style=\"text-align: justify\"><span style=\"font-family: Verdana,sans-serif\">Organizaciones sociales se\u00f1alan que la mayor\u00eda de las desapariciones han tenido lugar en estados donde ha habido elevados \u00edndices de violencia delictiva y se ha intensificado la presencia de la polic\u00eda y las fuerzas de seguridad.<\/span><\/div>\n<div style=\"text-align: justify\"><span style=\"font-family: Verdana,sans-serif\">El primer estado mexicano que encabeza la lista de personas desaparecidas es Tamaulipas, seguido de Jalisco.&nbsp;<\/span><\/div>\n<div style=\"text-align: justify\"><span style=\"font-family: Verdana,sans-serif\">El estado de Guerrero, donde se localiza este hecho, &nbsp;adem\u00e1s de ser un lugar de tr\u00e1nsito y generaci\u00f3n de droga,  posee alguno de los centros de consumo m\u00e1s grande en todo el pa\u00eds.<\/span><\/div>\n<div style=\"text-align: justify\"><span style=\"font-family: Verdana,sans-serif\"><br \/><\/span><\/div>\n<div style=\"text-align: justify\"><span style=\"font-family: Verdana,sans-serif\"><b>La escuela normalista<\/b><\/span><\/div>\n<div style=\"text-align: justify\"><span style=\"font-family: Verdana,sans-serif\">En Ayotzinapa se encuentra localizada la Escuela Normal Rural. Las escuelas normales rurales fueron el resultado de una \u00e9poca de cambios sociales, conocida como Revoluci\u00f3n Mexicana (1910-1940). Tiene su origen en un sistema de educaci\u00f3n masivo creado en los a\u00f1os 20, que surgi\u00f3 como alternativa para los hijos de los campesinos de escasos recursos. Fue el presidente L\u00e1zaro C\u00e1rdenas que reivindic\u00f3 a los campesinos e ind\u00edgenas mediante el impulso de la reforma agraria y la creaci\u00f3n de muchas escuelas normales rurales en todo el pa\u00eds.&nbsp;<\/span><\/div>\n<div style=\"text-align: justify\"><span style=\"font-family: Verdana,sans-serif\">En 2008 durante la gesti\u00f3n de Felipe Calder\u00f3n fue cerrada la \u00faltima escuela rural ubicada en Mexe.&nbsp;<\/span><\/div>\n<div style=\"text-align: justify\"><span style=\"font-family: Verdana,sans-serif\">Calder\u00f3n explic\u00f3 que las escuelas normales se han convertido en una amenaza para el sistema capitalista que gobierna en Mexico debido a la formaci\u00f3n cr\u00edtica de sus estudiantes, quienes se oponen a la privatizaci\u00f3n de la educaci\u00f3n y por este motivo muchas veces son criminalizados sus estudiantes para que no hagan sus observaciones contra el Estado.<\/span><\/div>\n<div style=\"text-align: justify\"><span style=\"font-family: Verdana,sans-serif\">La Escuela Norma Rural de Ayotzinapa  \u201cRaul Isidro Burgos\u201d se fund\u00f3 en 1926. De ella han surgido diversos movimientos sociales y es un s\u00edmbolo de resistencia revolucionaria y transformaci\u00f3n social.&nbsp;<\/span><\/div>\n<div style=\"text-align: justify\"><span style=\"font-family: Verdana,sans-serif\">Esta escuela es una de las pocas que se niega a cerrar sus puertas por el acoso del Gobierno. Sus 520 alumnos siguen form\u00e1ndose para ser maestros y luchan para no ser desaparecidos como sus 43 compa\u00f1eros.<\/span><\/div>\n<div style=\"text-align: justify\"><span style=\"font-family: Verdana,sans-serif\"><b>Hoy: A un a\u00f1o de la tr\u00e1gica desaparici\u00f3n se llevan adelante manifestaciones. La complicidad de los grandes medios con las pol\u00edticas de opresi\u00f3n   y culpabilizaci\u00f3n de los sectores populares son cada vez m\u00e1s evidentes.&nbsp;<\/b><\/span><\/div>\n<div style=\"text-align: justify\"><span><br \/><\/span><\/div>\n<div style=\"text-align: justify\"><span style=\"font-family: Verdana,sans-serif\">[FMR Miercoles 24\/9\/15] El d\u00eda martes 22 de septiembre estudiantes de la escuela normal \u00abIsidro Burgos\u00bb se desplazaban en 12 autobuses, provenientes de Tixtla, como parte de un contingente que se movilizaba para manifesarse, &nbsp; a un a\u00f1o de la terrible tragedia, y fueron reprimidos por querer manifestarse.&nbsp;<\/span><\/div>\n<div style=\"text-align: justify\"><span style=\"font-family: Verdana,sans-serif\">Los distintos medios consultados,  que publican on line, responsabilizan de lo ocurrido el d\u00eda martes a los estudiantes normalistas que se hallaban protestando. Hablando de encapuchados, supuestos estudiantes y resaltando el abuso de las fuerzas estatales como un acto de derecho.<\/span><\/div>\n<div style=\"text-align: justify\"><span style=\"font-family: Verdana,sans-serif\">Por eso, cada vez que podemos,  recordamos que <b>la comunicaci\u00f3n popular es necesaria<\/b>, para que la informaci\u00f3n no sea mercanc\u00eda y el pueblo est\u00e9 informado de lo que le quieren ocultar.<span style=\"color: #0b5394\"><b><span style=\"font-size: x-small\"><span style=\"font-size: x-small\"><span style=\"font-size: x-small\"><span style=\"font-size: x-small\">&nbsp;<\/span><\/span><\/span><\/span><\/b><\/span><\/span><br \/><span style=\"font-family: Verdana,sans-serif\"><span style=\"color: #0b5394\"><b><span style=\"font-size: x-small\"><span style=\"font-size: x-small\"><span style=\"font-size: x-small\"><span style=\"font-size: x-small\">PRODUCCI<span style=\"font-size: x-small\">\u00d3N RIACHUELO<\/span><\/span><\/span><\/span><\/span><\/b><\/span><\/span><\/div>\n","protected":false},"excerpt":{"rendered":"<p>\u00a1VIVOS SE FUERON, VIVOS LOS QUEREMOS! [Informe Riachuelo] El 26 de septiembre de 2014, en Iguala estado de Guerrero Mexico, un grupo de estudiantes de Ayotzinapa, que estaban reuniendo fondos para obtener recursos para su sostenimiento (porque cuentan con un aporte m\u00ednimo que hace el estado) as\u00ed como para su traslado a la marcha del [&hellip;]<\/p>\n","protected":false},"author":4,"featured_media":0,"comment_status":"open","ping_status":"open","sticky":false,"template":"","format":"standard","meta":{"_monsterinsights_skip_tracking":false,"_monsterinsights_sitenote_active":false,"_monsterinsights_sitenote_note":"","_monsterinsights_sitenote_category":0,"jnews-multi-image_gallery":[],"jnews_single_post":{"format":"standard"},"jnews_primary_category":[],"_joinchat":[],"footnotes":""},"categories":[79],"tags":[119,72,167,89],"class_list":["post-1739","post","type-post","status-publish","format-standard","hentry","category-nadie-se-salva-solo","tag-derechos-humanos","tag-historia-de-la-lucha-de-los-pueblos","tag-politica-internacional","tag-violencia-institucional"],"_links":{"self":[{"href":"http:\/\/fmriachuelo.it10.com.ar\/index.php\/wp-json\/wp\/v2\/posts\/1739","targetHints":{"allow":["GET"]}}],"collection":[{"href":"http:\/\/fmriachuelo.it10.com.ar\/index.php\/wp-json\/wp\/v2\/posts"}],"about":[{"href":"http:\/\/fmriachuelo.it10.com.ar\/index.php\/wp-json\/wp\/v2\/types\/post"}],"author":[{"embeddable":true,"href":"http:\/\/fmriachuelo.it10.com.ar\/index.php\/wp-json\/wp\/v2\/users\/4"}],"replies":[{"embeddable":true,"href":"http:\/\/fmriachuelo.it10.com.ar\/index.php\/wp-json\/wp\/v2\/comments?post=1739"}],"version-history":[{"count":1,"href":"http:\/\/fmriachuelo.it10.com.ar\/index.php\/wp-json\/wp\/v2\/posts\/1739\/revisions"}],"predecessor-version":[{"id":24158,"href":"http:\/\/fmriachuelo.it10.com.ar\/index.php\/wp-json\/wp\/v2\/posts\/1739\/revisions\/24158"}],"wp:attachment":[{"href":"http:\/\/fmriachuelo.it10.com.ar\/index.php\/wp-json\/wp\/v2\/media?parent=1739"}],"wp:term":[{"taxonomy":"category","embeddable":true,"href":"http:\/\/fmriachuelo.it10.com.ar\/index.php\/wp-json\/wp\/v2\/categories?post=1739"},{"taxonomy":"post_tag","embeddable":true,"href":"http:\/\/fmriachuelo.it10.com.ar\/index.php\/wp-json\/wp\/v2\/tags?post=1739"}],"curies":[{"name":"wp","href":"https:\/\/api.w.org\/{rel}","templated":true}]}}