{"id":1738,"date":"2015-09-26T18:41:00","date_gmt":"2015-09-26T18:41:00","guid":{"rendered":"http:\/\/fmriachuelo.observatorioess.org.ar\/index.php\/2015\/09\/26\/cuba-la-habana-acuerdos-para-alcanzar-la-paz-en-el-territorio-colombiano\/"},"modified":"2025-06-25T16:57:33","modified_gmt":"2025-06-25T19:57:33","slug":"cuba-la-habana-acuerdos-para-alcanzar-la-paz-en-el-territorio-colombiano","status":"publish","type":"post","link":"http:\/\/fmriachuelo.it10.com.ar\/index.php\/2015\/09\/26\/cuba-la-habana-acuerdos-para-alcanzar-la-paz-en-el-territorio-colombiano\/","title":{"rendered":"CUBA, LA HABANA: ACUERDOS PARA ALCANZAR LA PAZ EN EL TERRITORIO COLOMBIANO"},"content":{"rendered":"<div><span style=\"color: red\"><span style=\"font-size: large\"><b><span style=\"font-family: Verdana, sans-serif\">PAZ: UN LARGO ANHELO DEL PUEBLO&nbsp;<\/span><\/b><\/span><\/span><\/div>\n<p><span style=\"font-family: Verdana, sans-serif\">GOBIERNO COLOMBIANO Y FARC-EP ALCANZAN IMPORTANTE ACUERDO PARA DI\u00c1LOGOS DE PAZ<\/span><br \/><span style=\"font-family: Verdana, sans-serif\"><\/span><\/p>\n<div style=\"clear: both;text-align: justify\"><a href=\"http:\/\/4.bp.blogspot.com\/-vQCjgAqDuZo\/Vgg3L2NrxMI\/AAAAAAAAGlE\/j8NVHc-Z6wU\/s1600\/paz.jpg\" style=\"clear: left;float: left;margin-bottom: 1em;margin-right: 1em\"><img loading=\"lazy\" decoding=\"async\" border=\"0\" height=\"133\" src=\"http:\/\/4.bp.blogspot.com\/-vQCjgAqDuZo\/Vgg3L2NrxMI\/AAAAAAAAGlE\/j8NVHc-Z6wU\/s200\/paz.jpg\" width=\"200\" \/><\/a><span style=\"font-family: Verdana, sans-serif\"><a href=\"http:\/\/www.colombiainforma.info\/politica\/seccion-politica\/2766-transformacion-de-farc-en-movimiento-politico-es-objetivo-compartido-texto-integro-del-acuerdo\"><b><span style=\"color: #0b5394\"> TEXTO DEL ACUERDO <\/span><\/b><\/a><\/span><\/div>\n<p><span style=\"font-family: Verdana, sans-serif\"><\/p>\n<div style=\"text-align: justify\">[Resumen Latinoamericano, 23 de septiembre de 2015] \u2013 El gobierno colombiano y las FARC-EP sellaron este mi\u00e9rcoles un acuerdo sobre Jurisdicci\u00f3n Especial para la Paz, con el que dan un paso importante en el proceso de paz iniciado entre ambas partes en 2012.<br \/><a name='more'><\/a><\/div>\n<div style=\"text-align: justify\">El acuerdo se rubric\u00f3 en La Habana, Cuba, por el presidente Juan Manuel Santos y el l\u00edder m\u00e1ximo de la guerrilla colombiana, Timole\u00f3n Jim\u00e9nez, quienes viajaron de manera sopresiva a la isla y luego realizaron declaraciones.<\/div>\n<div style=\"text-align: justify\"><\/div>\n<div style=\"text-align: justify\">El texto firmado por ambos dirigentes, como tambi\u00e9n por el presidente de Cuba, Ra\u00fal Castro, las delegaciones negociadoras, y Noruega, Venezuela y Chile, pa\u00edses que participan como garantes y acompa\u00f1antes al di\u00e1logo, estipula la creaci\u00f3n de un tribunal especial para la paz y el otorgamiento por parte del Estado \u201cde la amnist\u00eda m\u00e1s amplia posible por delitos pol\u00edticos y conexos\u201d.<\/div>\n<div style=\"text-align: justify\">En el acuerdo, el gobierno colombiano y las FARC reafirman su compromiso con los acuerdos logrados hasta la fecha, que son \u201cHacia un Nuevo Campo Colombiano: Reforma Rural Integral\u201d, \u201cParticipaci\u00f3n pol\u00edtica: Apertura democr\u00e1tica para construir la paz\u201d y \u201cSoluci\u00f3n al Problema de las Drogas Il\u00edcitas\u201d.<\/div>\n<div style=\"text-align: justify\"><\/div>\n<div style=\"text-align: justify\">Adem\u00e1s, el texto estipula la creaci\u00f3n de una jurisdicci\u00f3n especial para la Paz para juzgar los cr\u00edmenes cometidos en el marco del conflicto interno. La jurisdicci\u00f3n constar\u00e1 de un tribunal y unas salas de justicia que investigar\u00e1n, juzgar\u00e1n e impondr\u00e1n sanciones por estos delitos. Dichas penas, ser\u00e1n de entre 5 y 8 a\u00f1os para los actores del conflicto que reconozcan delitos. Para quienes los oculten, la pena ascender\u00eda a 20 a\u00f1os.<\/div>\n<div style=\"text-align: justify\"><\/div>\n<div style=\"text-align: justify\">Se expresa tambi\u00e9n que \u201clas sanciones que imponga el Tribunal tendr\u00e1n como finalidad esencial satisfacer los derechos de las v\u00edctimas y consolidar la paz y deber\u00e1n tener la mayor funci\u00f3n restaurativa y reparadora del da\u00f1o causado\u201d.<\/div>\n<div style=\"text-align: justify\"><\/div>\n<div style=\"text-align: justify\">El acuerdo tambi\u00e9n contempla la \u201ctransformaci\u00f3n de las FARC-EP en un movimiento pol\u00edtico legal es un objetivo compartido, que contar\u00e1 con todo el apoyo del Gobierno en los t\u00e9rminos que se acuerden\u201d.<\/div>\n<div style=\"text-align: justify\"><\/div>\n<div style=\"text-align: justify\">Luego de la lectura del acuerdo, el presidente Santos declar\u00f3 que se acord\u00f3 \u201cque a m\u00e1s tardar en seis meses puede concluir esta negociaci\u00f3n del acuerdo final. Faltan unos puntos dif\u00edciles, pero ya estamos finalizando una guerra de 60 a\u00f1os; la \u00fanica y m\u00e1s largas en nuestro continente\u201d.<\/div>\n<div style=\"text-align: justify\"><\/div>\n<div style=\"text-align: justify\">\u201cQuiero reconocer y valorar el paso que hoy han dado las FARC-EP, hoy avanzamos en una misma direcci\u00f3n y en la m\u00e1s noble que es el de la paz. Hoy estamos asegurando que no hayan m\u00e1s v\u00edctimas y que acabe el conflicto armado de Colombia\u201d, se\u00f1al\u00f3 Santos.<\/div>\n<div style=\"text-align: justify\"><\/div>\n<div style=\"text-align: justify\">El mandatario agreg\u00f3 que tambi\u00e9n se acord\u00f3 \u201cque las FARC dejar\u00e1n las armas a los 60 d\u00edas del acuerdo final\u201d.<\/div>\n<div style=\"text-align: justify\"><\/div>\n<div style=\"text-align: justify\">Por su parte, Timole\u00f3n Jim\u00e9nez remarc\u00f3 que la firma de la Jurisdicci\u00f3n Especial para la Paz est\u00e1 dise\u00f1ada para todos los involucrados en el conflicto, combatientes y no combatientes.<\/div>\n<div style=\"text-align: justify\"><\/div>\n<div style=\"text-align: justify\">El l\u00edder m\u00e1ximo de las FARC asever\u00f3 que el acuerdo \u201csin duda generar\u00e1 el ambiente propicio para avanzar en convenios sobre las restantes tem\u00e1ticas de la agenda\u201d.<\/div>\n<div style=\"text-align: justify\"><\/div>\n<div style=\"text-align: justify\">\u201cNos complace anunciar que esta jurisdicci\u00f3n ha sido dise\u00f1ada para todos los involucrados en el conflicto y no solo para una de las partes, desde una perspectiva restaurativa\u201d, destac\u00f3 Jim\u00e9nez.<br \/><span style=\"color: #0b5394\"><span style=\"font-size: x-small\"><b>PRODUCCI\u00d3N RIACHUELO <\/b><\/span><\/span><\/div>\n<p><\/span><\/p>\n","protected":false},"excerpt":{"rendered":"<p>PAZ: UN LARGO ANHELO DEL PUEBLO&nbsp; GOBIERNO COLOMBIANO Y FARC-EP ALCANZAN IMPORTANTE ACUERDO PARA DI\u00c1LOGOS DE PAZ TEXTO DEL ACUERDO [Resumen Latinoamericano, 23 de septiembre de 2015] \u2013 El gobierno colombiano y las FARC-EP sellaron este mi\u00e9rcoles un acuerdo sobre Jurisdicci\u00f3n Especial para la Paz, con el que dan un paso importante en el proceso [&hellip;]<\/p>\n","protected":false},"author":4,"featured_media":0,"comment_status":"open","ping_status":"open","sticky":false,"template":"","format":"standard","meta":{"_monsterinsights_skip_tracking":false,"_monsterinsights_sitenote_active":false,"_monsterinsights_sitenote_note":"","_monsterinsights_sitenote_category":0,"jnews-multi-image_gallery":[],"jnews_single_post":{"format":"standard"},"jnews_primary_category":[],"_joinchat":[],"footnotes":""},"categories":[58],"tags":[70,167],"class_list":["post-1738","post","type-post","status-publish","format-standard","hentry","category-noticiariachuelo","tag-de-la-patria-grande","tag-politica-internacional"],"_links":{"self":[{"href":"http:\/\/fmriachuelo.it10.com.ar\/index.php\/wp-json\/wp\/v2\/posts\/1738","targetHints":{"allow":["GET"]}}],"collection":[{"href":"http:\/\/fmriachuelo.it10.com.ar\/index.php\/wp-json\/wp\/v2\/posts"}],"about":[{"href":"http:\/\/fmriachuelo.it10.com.ar\/index.php\/wp-json\/wp\/v2\/types\/post"}],"author":[{"embeddable":true,"href":"http:\/\/fmriachuelo.it10.com.ar\/index.php\/wp-json\/wp\/v2\/users\/4"}],"replies":[{"embeddable":true,"href":"http:\/\/fmriachuelo.it10.com.ar\/index.php\/wp-json\/wp\/v2\/comments?post=1738"}],"version-history":[{"count":1,"href":"http:\/\/fmriachuelo.it10.com.ar\/index.php\/wp-json\/wp\/v2\/posts\/1738\/revisions"}],"predecessor-version":[{"id":24159,"href":"http:\/\/fmriachuelo.it10.com.ar\/index.php\/wp-json\/wp\/v2\/posts\/1738\/revisions\/24159"}],"wp:attachment":[{"href":"http:\/\/fmriachuelo.it10.com.ar\/index.php\/wp-json\/wp\/v2\/media?parent=1738"}],"wp:term":[{"taxonomy":"category","embeddable":true,"href":"http:\/\/fmriachuelo.it10.com.ar\/index.php\/wp-json\/wp\/v2\/categories?post=1738"},{"taxonomy":"post_tag","embeddable":true,"href":"http:\/\/fmriachuelo.it10.com.ar\/index.php\/wp-json\/wp\/v2\/tags?post=1738"}],"curies":[{"name":"wp","href":"https:\/\/api.w.org\/{rel}","templated":true}]}}